{"id":2895,"date":"2026-09-04T18:34:11","date_gmt":"2026-09-04T16:34:11","guid":{"rendered":"https:\/\/veracruzdemontilla.com\/?p=2895"},"modified":"2026-09-04T19:18:01","modified_gmt":"2026-09-04T17:18:01","slug":"presentacion-de-los-actos-extraordinarios-por-el-450o-aniversario-del-cristo-de-zacatecas","status":"publish","type":"post","link":"https:\/\/veracruzdemontilla.com\/?p=2895","title":{"rendered":"Presentaci\u00f3n de los actos extraordinarios por el 450\u00ba aniversario del Cristo de Zacatecas"},"content":{"rendered":"\n<p>El pr\u00f3ximo domingo 6 se presentar\u00e1n los actos culturales y cultuales que la cofrad\u00eda tiene previsto llevar a cabo para celebrar este hist\u00f3rico aniversario, que quedar\u00e1 marcado para siempre en la historia de la cofrad\u00eda m\u00e1s antigua de la Semana Santa montillana. Durante este acto se presentar\u00e1 el cartel conmemorativo, una imponente obra del pintor pontan\u00e9s Javier Aguilar, que refleja con gran realismo la imagen del crucificado de Indias. Tambi\u00e9n se dar\u00e1n a conocer las diversas actividades extraordinarias que se prev\u00e9 realizar.\u00a0<\/p>\n<p><a href=\"https:\/\/veracruzdemontilla.com\/wp-content\/uploads\/2026\/09\/Cartel-actos-450-aniversario-Insta.jpg\"><img fetchpriority=\"high\" decoding=\"async\" class=\"wp-image-2896 alignleft\" src=\"https:\/\/veracruzdemontilla.com\/wp-content\/uploads\/2026\/09\/Cartel-actos-450-aniversario-Insta-240x300.jpg\" alt=\"\" width=\"378\" height=\"473\" srcset=\"https:\/\/veracruzdemontilla.com\/wp-content\/uploads\/2026\/09\/Cartel-actos-450-aniversario-Insta-240x300.jpg 240w, https:\/\/veracruzdemontilla.com\/wp-content\/uploads\/2026\/09\/Cartel-actos-450-aniversario-Insta-819x1024.jpg 819w, https:\/\/veracruzdemontilla.com\/wp-content\/uploads\/2026\/09\/Cartel-actos-450-aniversario-Insta-768x960.jpg 768w, https:\/\/veracruzdemontilla.com\/wp-content\/uploads\/2026\/09\/Cartel-actos-450-aniversario-Insta.jpg 1080w\" sizes=\"(max-width: 378px) 100vw, 378px\" \/><\/a><\/p>\n<p>El primero de los cultos extraordinarios ser\u00e1 una misa solemne de acci\u00f3n de gracias presidida por D. Jes\u00fas Fern\u00e1ndez Gonz\u00e1lez y con cantos del grupo vocal De Profundis el jueves 10 de septiembre a las 20:00 h en la Parroquia de Santiago Ap\u00f3stol de Montilla. Al d\u00eda siguiente, viernes 11 de septiembre, la cofrad\u00eda celebrar\u00e1 un besapi\u00e9 extraordinario al que seguir\u00e1 un solemne viacrucis por las calles de Montilla con la imagen del Cristo de Zacatecas, que contar\u00e1 con la guardia de honor de una escuadra de gastadores del Regimiento Acorazado C\u00f3rdoba no. 10.<\/p>\n<p>La llegada del Santo Cristo de Zacatecas a Montilla en 1576 constituye uno de los hitos fundamentales de la historia devocional de la ciudad. La imagen fue tra\u00edda desde M\u00e9xico por el indiano montillano Andr\u00e9s de Mesa, quien regres\u00f3 tras m\u00e1s de una d\u00e9cada en el Virreinato de Nueva Espa\u00f1a acompa\u00f1ado de su esposa Francisca, descendiente de Hern\u00e1n Cort\u00e9s, y con un equipaje en el que destacaba este singular crucificado elaborado en madera de color\u00edn, papel amate y ca\u00f1eja de ma\u00edz, siguiendo las t\u00e9cnicas de la imaginer\u00eda ligera novohispana del llamado Taller de Cort\u00e9s. El 10 de septiembre de aquel a\u00f1o, el matrimonio formaliz\u00f3 ante el escribano p\u00fablico Andr\u00e9s Capote la donaci\u00f3n de la talla a la Cofrad\u00eda de la Vera Cruz, fundada en torno a 1535, convirti\u00e9ndose as\u00ed en el primer testimonio documentado de la llegada a la di\u00f3cesis de C\u00f3rdoba de una obra de estas caracter\u00edsticas procedente de los talleres mexicanos del siglo XVI. La pieza, aut\u00e9ntico s\u00edmbolo del encuentro entre dos mundos, ha seguido proyectando su valor art\u00edstico y catequ\u00e9tico siglos despu\u00e9s.<\/p>\n\n\n\n<div class=\"wp-block-uagb-image uagb-block-52d81fe3 wp-block-uagb-image--layout-default wp-block-uagb-image--effect-static wp-block-uagb-image--align-none\"><figure class=\"wp-block-uagb-image__figure\"><\/figure><\/div>\n\n\n","protected":false},"excerpt":{"rendered":"<p>El pr\u00f3ximo domingo 6 se presentar\u00e1n los actos culturales y cultuales que la cofrad\u00eda tiene previsto llevar a cabo para celebrar este hist\u00f3rico aniversario, que quedar\u00e1 marcado para siempre en la historia de la cofrad\u00eda m\u00e1s antigua de la Semana Santa montillana. Durante este acto se presentar\u00e1 el cartel conmemorativo, una imponente obra del pintor pontan\u00e9s Javier Aguilar, que refleja con gran realismo la imagen del crucificado de Indias. Tambi\u00e9n se dar\u00e1n a conocer las diversas actividades extraordinarias que se<\/p>\n","protected":false},"author":1,"featured_media":2896,"comment_status":"closed","ping_status":"open","sticky":false,"template":"","format":"standard","meta":{"_uag_custom_page_level_css":"","site-sidebar-layout":"default","site-content-layout":"","ast-site-content-layout":"default","site-content-style":"default","site-sidebar-style":"default","ast-global-header-display":"","ast-banner-title-visibility":"","ast-main-header-display":"","ast-hfb-above-header-display":"","ast-hfb-below-header-display":"","ast-hfb-mobile-header-display":"","site-post-title":"","ast-breadcrumbs-content":"","ast-featured-img":"","footer-sml-layout":"","ast-disable-related-posts":"","theme-transparent-header-meta":"","adv-header-id-meta":"","stick-header-meta":"","header-above-stick-meta":"","header-main-stick-meta":"","header-below-stick-meta":"","astra-migrate-meta-layouts":"default","ast-page-background-enabled":"default","ast-page-background-meta":{"desktop":{"background-color":"var(--ast-global-color-5)","background-image":"","background-repeat":"repeat","background-position":"center center","background-size":"auto","background-attachment":"scroll","background-type":"","background-media":"","overlay-type":"","overlay-color":"","overlay-opacity":"","overlay-gradient":""},"tablet":{"background-color":"","background-image":"","background-repeat":"repeat","background-position":"center center","background-size":"auto","background-attachment":"scroll","background-type":"","background-media":"","overlay-type":"","overlay-color":"","overlay-opacity":"","overlay-gradient":""},"mobile":{"background-color":"","background-image":"","background-repeat":"repeat","background-position":"center center","background-size":"auto","background-attachment":"scroll","background-type":"","background-media":"","overlay-type":"","overlay-color":"","overlay-opacity":"","overlay-gradient":""}},"ast-content-background-meta":{"desktop":{"background-color":"var(--ast-global-color-4)","background-image":"","background-repeat":"repeat","background-position":"center center","background-size":"auto","background-attachment":"scroll","background-type":"","background-media":"","overlay-type":"","overlay-color":"","overlay-opacity":"","overlay-gradient":""},"tablet":{"background-color":"var(--ast-global-color-4)","background-image":"","background-repeat":"repeat","background-position":"center center","background-size":"auto","background-attachment":"scroll","background-type":"","background-media":"","overlay-type":"","overlay-color":"","overlay-opacity":"","overlay-gradient":""},"mobile":{"background-color":"var(--ast-global-color-4)","background-image":"","background-repeat":"repeat","background-position":"center center","background-size":"auto","background-attachment":"scroll","background-type":"","background-media":"","overlay-type":"","overlay-color":"","overlay-opacity":"","overlay-gradient":""}},"_themeisle_gutenberg_block_has_review":false,"footnotes":""},"categories":[31,5],"tags":[4],"class_list":["post-2895","post","type-post","status-publish","format-standard","has-post-thumbnail","hentry","category-450-aniversario","category-actualidad","tag-favoritos"],"uagb_featured_image_src":{"full":["https:\/\/veracruzdemontilla.com\/wp-content\/uploads\/2026\/09\/Cartel-actos-450-aniversario-Insta.jpg",1080,1350,false],"thumbnail":["https:\/\/veracruzdemontilla.com\/wp-content\/uploads\/2026\/09\/Cartel-actos-450-aniversario-Insta-150x150.jpg",150,150,true],"medium":["https:\/\/veracruzdemontilla.com\/wp-content\/uploads\/2026\/09\/Cartel-actos-450-aniversario-Insta-240x300.jpg",240,300,true],"medium_large":["https:\/\/veracruzdemontilla.com\/wp-content\/uploads\/2026\/09\/Cartel-actos-450-aniversario-Insta-768x960.jpg",768,960,true],"large":["https:\/\/veracruzdemontilla.com\/wp-content\/uploads\/2026\/09\/Cartel-actos-450-aniversario-Insta-819x1024.jpg",819,1024,true],"timeline-express":["https:\/\/veracruzdemontilla.com\/wp-content\/uploads\/2026\/09\/Cartel-actos-450-aniversario-Insta-350x120.jpg",350,120,true],"timeline-express-thumbnail":["https:\/\/veracruzdemontilla.com\/wp-content\/uploads\/2026\/09\/Cartel-actos-450-aniversario-Insta-200x120.jpg",200,120,true],"1536x1536":["https:\/\/veracruzdemontilla.com\/wp-content\/uploads\/2026\/09\/Cartel-actos-450-aniversario-Insta.jpg",1080,1350,false],"2048x2048":["https:\/\/veracruzdemontilla.com\/wp-content\/uploads\/2026\/09\/Cartel-actos-450-aniversario-Insta.jpg",1080,1350,false],"cvmm-medium":["https:\/\/veracruzdemontilla.com\/wp-content\/uploads\/2026\/09\/Cartel-actos-450-aniversario-Insta-300x300.jpg",300,300,true],"cvmm-medium-plus":["https:\/\/veracruzdemontilla.com\/wp-content\/uploads\/2026\/09\/Cartel-actos-450-aniversario-Insta-305x207.jpg",305,207,true],"cvmm-portrait":["https:\/\/veracruzdemontilla.com\/wp-content\/uploads\/2026\/09\/Cartel-actos-450-aniversario-Insta-400x600.jpg",400,600,true],"cvmm-medium-square":["https:\/\/veracruzdemontilla.com\/wp-content\/uploads\/2026\/09\/Cartel-actos-450-aniversario-Insta-600x600.jpg",600,600,true],"cvmm-large":["https:\/\/veracruzdemontilla.com\/wp-content\/uploads\/2026\/09\/Cartel-actos-450-aniversario-Insta-1024x1024.jpg",1024,1024,true],"cvmm-small":["https:\/\/veracruzdemontilla.com\/wp-content\/uploads\/2026\/09\/Cartel-actos-450-aniversario-Insta-130x95.jpg",130,95,true],"advps-thumb-one":["https:\/\/veracruzdemontilla.com\/wp-content\/uploads\/2026\/09\/Cartel-actos-450-aniversario-Insta-600x220.jpg",600,220,true]},"uagb_author_info":{"display_name":"veracruz","author_link":"https:\/\/veracruzdemontilla.com\/?author=1"},"uagb_comment_info":0,"uagb_excerpt":"El pr\u00f3ximo domingo 6 se presentar\u00e1n los actos culturales y cultuales que la cofrad\u00eda tiene previsto llevar a cabo para celebrar este hist\u00f3rico aniversario, que quedar\u00e1 marcado para siempre en la historia de la cofrad\u00eda m\u00e1s antigua de la Semana Santa montillana. Durante este acto se presentar\u00e1 el cartel conmemorativo, una imponente obra del pintor&hellip;","wpmagazine_modules_lite_featured_media_urls":{"thumbnail":["https:\/\/veracruzdemontilla.com\/wp-content\/uploads\/2026\/09\/Cartel-actos-450-aniversario-Insta-150x150.jpg",150,150,true],"cvmm-medium":["https:\/\/veracruzdemontilla.com\/wp-content\/uploads\/2026\/09\/Cartel-actos-450-aniversario-Insta-300x300.jpg",300,300,true],"cvmm-medium-plus":["https:\/\/veracruzdemontilla.com\/wp-content\/uploads\/2026\/09\/Cartel-actos-450-aniversario-Insta-305x207.jpg",305,207,true],"cvmm-portrait":["https:\/\/veracruzdemontilla.com\/wp-content\/uploads\/2026\/09\/Cartel-actos-450-aniversario-Insta-400x600.jpg",400,600,true],"cvmm-medium-square":["https:\/\/veracruzdemontilla.com\/wp-content\/uploads\/2026\/09\/Cartel-actos-450-aniversario-Insta-600x600.jpg",600,600,true],"cvmm-large":["https:\/\/veracruzdemontilla.com\/wp-content\/uploads\/2026\/09\/Cartel-actos-450-aniversario-Insta-1024x1024.jpg",1024,1024,true],"cvmm-small":["https:\/\/veracruzdemontilla.com\/wp-content\/uploads\/2026\/09\/Cartel-actos-450-aniversario-Insta-130x95.jpg",130,95,true],"full":["https:\/\/veracruzdemontilla.com\/wp-content\/uploads\/2026\/09\/Cartel-actos-450-aniversario-Insta.jpg",1080,1350,false]},"categories_names":{"31":{"name":"450 aniversario","link":"https:\/\/veracruzdemontilla.com\/?cat=31"},"5":{"name":"Actualidad","link":"https:\/\/veracruzdemontilla.com\/?cat=5"}},"tags_names":{"4":{"name":"Favoritos","link":"https:\/\/veracruzdemontilla.com\/?tag=favoritos"}},"comments_number":"0","_links":{"self":[{"href":"https:\/\/veracruzdemontilla.com\/index.php?rest_route=\/wp\/v2\/posts\/2895","targetHints":{"allow":["GET"]}}],"collection":[{"href":"https:\/\/veracruzdemontilla.com\/index.php?rest_route=\/wp\/v2\/posts"}],"about":[{"href":"https:\/\/veracruzdemontilla.com\/index.php?rest_route=\/wp\/v2\/types\/post"}],"author":[{"embeddable":true,"href":"https:\/\/veracruzdemontilla.com\/index.php?rest_route=\/wp\/v2\/users\/1"}],"replies":[{"embeddable":true,"href":"https:\/\/veracruzdemontilla.com\/index.php?rest_route=%2Fwp%2Fv2%2Fcomments&post=2895"}],"version-history":[{"count":5,"href":"https:\/\/veracruzdemontilla.com\/index.php?rest_route=\/wp\/v2\/posts\/2895\/revisions"}],"predecessor-version":[{"id":2902,"href":"https:\/\/veracruzdemontilla.com\/index.php?rest_route=\/wp\/v2\/posts\/2895\/revisions\/2902"}],"wp:featuredmedia":[{"embeddable":true,"href":"https:\/\/veracruzdemontilla.com\/index.php?rest_route=\/wp\/v2\/media\/2896"}],"wp:attachment":[{"href":"https:\/\/veracruzdemontilla.com\/index.php?rest_route=%2Fwp%2Fv2%2Fmedia&parent=2895"}],"wp:term":[{"taxonomy":"category","embeddable":true,"href":"https:\/\/veracruzdemontilla.com\/index.php?rest_route=%2Fwp%2Fv2%2Fcategories&post=2895"},{"taxonomy":"post_tag","embeddable":true,"href":"https:\/\/veracruzdemontilla.com\/index.php?rest_route=%2Fwp%2Fv2%2Ftags&post=2895"}],"curies":[{"name":"wp","href":"https:\/\/api.w.org\/{rel}","templated":true}]}}