{"id":2576,"date":"2026-03-13T17:09:21","date_gmt":"2026-03-13T15:09:21","guid":{"rendered":"https:\/\/veracruzdemontilla.com\/?p=2576"},"modified":"2026-03-13T17:50:50","modified_gmt":"2026-03-13T15:50:50","slug":"el-cristo-de-zacatecas-imagen-del-cartel-de-montilla-cofrade-2026","status":"publish","type":"post","link":"https:\/\/veracruzdemontilla.com\/?p=2576","title":{"rendered":"El Cristo de Zacatecas, imagen del cartel de Montilla Cofrade 2026"},"content":{"rendered":"<p>La Asociaci\u00f3n Cultural Montilla Cofrade ha escogido como imagen anunciadora de la Semana Santa montillana una instant\u00e1nea del fot\u00f3grafo montillano Chema G. M\u00e1rmol en la que se observa un claroscuro del Santo Cristo de Zacatecas envuelto en una nube de incienso.<\/p>\n<p>La Casa del Inca, donde estuvo el solar familiar del matrimonio de Francisca Cort\u00e9s y Andr\u00e9s de Mesa, donante a la Cofrad\u00eda de la efigie virreinal del Cristo de Zacatecas, fue el escenario escogido por Montilla Cofrade para la presentaci\u00f3n del cartel, acto al que sigui\u00f3 una mesa redonda sobre la comunicaci\u00f3n en las cofrad\u00edas de Montilla.<\/p>\n<p><a href=\"https:\/\/i1.wp.com\/veracruzdemontilla.com\/wp-content\/uploads\/2026\/03\/WhatsApp-Image-2026-03-13-at-10.12.54.jpeg\"><img data-attachment-id=\"2577\" data-permalink=\"https:\/\/veracruzdemontilla.com\/?attachment_id=2577\" data-orig-file=\"https:\/\/i1.wp.com\/veracruzdemontilla.com\/wp-content\/uploads\/2026\/03\/WhatsApp-Image-2026-03-13-at-10.12.54.jpeg?fit=1204%2C1600&amp;ssl=1\" data-orig-size=\"1204,1600\" data-comments-opened=\"0\" data-image-meta=\"{&quot;aperture&quot;:&quot;0&quot;,&quot;credit&quot;:&quot;&quot;,&quot;camera&quot;:&quot;&quot;,&quot;caption&quot;:&quot;&quot;,&quot;created_timestamp&quot;:&quot;0&quot;,&quot;copyright&quot;:&quot;&quot;,&quot;focal_length&quot;:&quot;0&quot;,&quot;iso&quot;:&quot;0&quot;,&quot;shutter_speed&quot;:&quot;0&quot;,&quot;title&quot;:&quot;&quot;,&quot;orientation&quot;:&quot;0&quot;}\" data-image-title=\"WhatsApp Image 2026-03-13 at 10.12.54\" data-image-description=\"\" data-image-caption=\"\" data-medium-file=\"https:\/\/i1.wp.com\/veracruzdemontilla.com\/wp-content\/uploads\/2026\/03\/WhatsApp-Image-2026-03-13-at-10.12.54.jpeg?fit=226%2C300&amp;ssl=1\" data-large-file=\"https:\/\/i1.wp.com\/veracruzdemontilla.com\/wp-content\/uploads\/2026\/03\/WhatsApp-Image-2026-03-13-at-10.12.54.jpeg?fit=771%2C1024&amp;ssl=1\" loading=\"lazy\" class=\"alignleft wp-image-2577 \" src=\"https:\/\/i1.wp.com\/veracruzdemontilla.com\/wp-content\/uploads\/2026\/03\/WhatsApp-Image-2026-03-13-at-10.12.54.jpeg?resize=269%2C357\" alt=\"\" width=\"269\" height=\"357\" srcset=\"https:\/\/i1.wp.com\/veracruzdemontilla.com\/wp-content\/uploads\/2026\/03\/WhatsApp-Image-2026-03-13-at-10.12.54.jpeg?resize=771%2C1024&amp;ssl=1 771w, https:\/\/i1.wp.com\/veracruzdemontilla.com\/wp-content\/uploads\/2026\/03\/WhatsApp-Image-2026-03-13-at-10.12.54.jpeg?resize=226%2C300&amp;ssl=1 226w, https:\/\/i1.wp.com\/veracruzdemontilla.com\/wp-content\/uploads\/2026\/03\/WhatsApp-Image-2026-03-13-at-10.12.54.jpeg?resize=768%2C1021&amp;ssl=1 768w, https:\/\/i1.wp.com\/veracruzdemontilla.com\/wp-content\/uploads\/2026\/03\/WhatsApp-Image-2026-03-13-at-10.12.54.jpeg?resize=1156%2C1536&amp;ssl=1 1156w, https:\/\/i1.wp.com\/veracruzdemontilla.com\/wp-content\/uploads\/2026\/03\/WhatsApp-Image-2026-03-13-at-10.12.54.jpeg?resize=600%2C797&amp;ssl=1 600w, https:\/\/i1.wp.com\/veracruzdemontilla.com\/wp-content\/uploads\/2026\/03\/WhatsApp-Image-2026-03-13-at-10.12.54.jpeg?w=1204&amp;ssl=1 1204w\" sizes=\"(max-width: 269px) 100vw, 269px\" data-recalc-dims=\"1\" \/><\/a>El presentador, Antonio Luis Jim\u00e9nez, hizo menci\u00f3n a la relevancia hist\u00f3rico-art\u00edstica de esta imagen y el papel de la Cofrad\u00eda en el panorama cofrade montillano antes de dar paso al autor del cartel y al hermano mayor de la Vera Cruz, Juan Antonio Prieto, quienes descubrieron el cartel ante la atenta mirada y el aplauso de los all\u00ed presentes.<\/p>\n<p>Seguidamente, Chema G. M\u00e1rmol explic\u00f3 el proceso creativo del cartel en el que destaca la t\u00e9cnica de clave baja, mientras que el hermano mayor agradeci\u00f3 tanto al autor como a Montilla Cofrade su cercan\u00eda a la cofrad\u00eda y su inter\u00e9s por contribuir a la difusi\u00f3n de la devoci\u00f3n de esta cuatro veces centenaria imagen. No en vano record\u00f3 a los asistentes que el pr\u00f3ximo 10 de septiembre se cumplir\u00e1n 450 a\u00f1os de la llegada a Montilla del Cristo de Zacatecas, efem\u00e9ride que la cofrad\u00eda tiene previsto celebrar con un amplio programa de actos y cultos extraordinarios.<\/p>\n<p>Por su parte, \u00c1lvaro Carrasco agradeci\u00f3 la colaboraci\u00f3n que le han brindado siempre la hermandad y tambi\u00e9n las instituciones municipales y provinciales para poder llevar a cabo la labor informativa de la asociaci\u00f3n que preside.<\/p>\n<p><a href=\"https:\/\/i2.wp.com\/veracruzdemontilla.com\/wp-content\/uploads\/2026\/03\/WhatsApp-Image-2026-03-13-at-10.12.32-2.jpeg\"><img data-attachment-id=\"2578\" data-permalink=\"https:\/\/veracruzdemontilla.com\/?attachment_id=2578\" data-orig-file=\"https:\/\/i2.wp.com\/veracruzdemontilla.com\/wp-content\/uploads\/2026\/03\/WhatsApp-Image-2026-03-13-at-10.12.32-2.jpeg?fit=1600%2C1066&amp;ssl=1\" data-orig-size=\"1600,1066\" data-comments-opened=\"0\" data-image-meta=\"{&quot;aperture&quot;:&quot;0&quot;,&quot;credit&quot;:&quot;&quot;,&quot;camera&quot;:&quot;&quot;,&quot;caption&quot;:&quot;&quot;,&quot;created_timestamp&quot;:&quot;0&quot;,&quot;copyright&quot;:&quot;&quot;,&quot;focal_length&quot;:&quot;0&quot;,&quot;iso&quot;:&quot;0&quot;,&quot;shutter_speed&quot;:&quot;0&quot;,&quot;title&quot;:&quot;&quot;,&quot;orientation&quot;:&quot;0&quot;}\" data-image-title=\"WhatsApp Image 2026-03-13 at 10.12.32 (2)\" data-image-description=\"\" data-image-caption=\"\" data-medium-file=\"https:\/\/i2.wp.com\/veracruzdemontilla.com\/wp-content\/uploads\/2026\/03\/WhatsApp-Image-2026-03-13-at-10.12.32-2.jpeg?fit=300%2C200&amp;ssl=1\" data-large-file=\"https:\/\/i2.wp.com\/veracruzdemontilla.com\/wp-content\/uploads\/2026\/03\/WhatsApp-Image-2026-03-13-at-10.12.32-2.jpeg?fit=1024%2C682&amp;ssl=1\" loading=\"lazy\" class=\" wp-image-2578 alignright\" src=\"https:\/\/i2.wp.com\/veracruzdemontilla.com\/wp-content\/uploads\/2026\/03\/WhatsApp-Image-2026-03-13-at-10.12.32-2.jpeg?resize=371%2C247\" alt=\"\" width=\"371\" height=\"247\" srcset=\"https:\/\/i2.wp.com\/veracruzdemontilla.com\/wp-content\/uploads\/2026\/03\/WhatsApp-Image-2026-03-13-at-10.12.32-2.jpeg?resize=300%2C200&amp;ssl=1 300w, https:\/\/i2.wp.com\/veracruzdemontilla.com\/wp-content\/uploads\/2026\/03\/WhatsApp-Image-2026-03-13-at-10.12.32-2.jpeg?resize=1024%2C682&amp;ssl=1 1024w, https:\/\/i2.wp.com\/veracruzdemontilla.com\/wp-content\/uploads\/2026\/03\/WhatsApp-Image-2026-03-13-at-10.12.32-2.jpeg?resize=768%2C512&amp;ssl=1 768w, https:\/\/i2.wp.com\/veracruzdemontilla.com\/wp-content\/uploads\/2026\/03\/WhatsApp-Image-2026-03-13-at-10.12.32-2.jpeg?resize=1536%2C1023&amp;ssl=1 1536w, https:\/\/i2.wp.com\/veracruzdemontilla.com\/wp-content\/uploads\/2026\/03\/WhatsApp-Image-2026-03-13-at-10.12.32-2.jpeg?resize=600%2C400&amp;ssl=1 600w, https:\/\/i2.wp.com\/veracruzdemontilla.com\/wp-content\/uploads\/2026\/03\/WhatsApp-Image-2026-03-13-at-10.12.32-2.jpeg?w=1600&amp;ssl=1 1600w\" sizes=\"(max-width: 371px) 100vw, 371px\" data-recalc-dims=\"1\" \/><\/a><\/p>\n<p>El acto cont\u00f3 con la asistencia de Auxiliadora Moreno, diputada delegada especial de Igualdad, Cooperaci\u00f3n al Desarrollo, Consumo y Participaci\u00f3n Ciudadana; Miguel S\u00e1nchez, teniente de alcalde del \u00e1rea de Deportes, Festejos, Educaci\u00f3n y Juventud y otros miembros de la corporaci\u00f3n municipal.\u00a0<\/p>\n<p>A continuaci\u00f3n sigui\u00f3 una mesa redonda moderada por el propio \u00c1lvaro Carrasco bajo el t\u00edtulo <i>La comunicaci\u00f3n en las cofrad\u00edas: una nueva forma de comunicar en la Semana Santa, <\/i>con la que se quiso destacar la importancia del \u00e1mbito comunicativo en el contexto cofrade en un presente marcado por la inmediatez de las redes sociales y el consumo de informaci\u00f3n a trav\u00e9s de estos nuevos canales. En la mesa redonda participaron Inmaculada Riob\u00f3o Jim\u00e9nez, responsable de las redes sociales de la Hermandad de Nuestro Padre Jes\u00fas Nazareno; Carlos Ram\u00edrez Raya, miembro del equipo de comunicaci\u00f3n de la Agrupaci\u00f3n Musical La Uni\u00f3n de Montilla y Carmina Leiva Repiso, directora de Nuestra Voz y referente del periodismo loca.<\/p>\n<p><a href=\"https:\/\/i0.wp.com\/veracruzdemontilla.com\/wp-content\/uploads\/2026\/03\/WhatsApp-Image-2026-03-13-at-10.12.32.jpeg\"><img data-attachment-id=\"2581\" data-permalink=\"https:\/\/veracruzdemontilla.com\/?attachment_id=2581\" data-orig-file=\"https:\/\/i0.wp.com\/veracruzdemontilla.com\/wp-content\/uploads\/2026\/03\/WhatsApp-Image-2026-03-13-at-10.12.32.jpeg?fit=2560%2C1706&amp;ssl=1\" data-orig-size=\"2560,1706\" data-comments-opened=\"0\" data-image-meta=\"{&quot;aperture&quot;:&quot;0&quot;,&quot;credit&quot;:&quot;&quot;,&quot;camera&quot;:&quot;&quot;,&quot;caption&quot;:&quot;&quot;,&quot;created_timestamp&quot;:&quot;0&quot;,&quot;copyright&quot;:&quot;&quot;,&quot;focal_length&quot;:&quot;0&quot;,&quot;iso&quot;:&quot;0&quot;,&quot;shutter_speed&quot;:&quot;0&quot;,&quot;title&quot;:&quot;&quot;,&quot;orientation&quot;:&quot;0&quot;}\" data-image-title=\"WhatsApp Image 2026-03-13 at 10.12.32\" data-image-description=\"\" data-image-caption=\"\" data-medium-file=\"https:\/\/i0.wp.com\/veracruzdemontilla.com\/wp-content\/uploads\/2026\/03\/WhatsApp-Image-2026-03-13-at-10.12.32.jpeg?fit=300%2C200&amp;ssl=1\" data-large-file=\"https:\/\/i0.wp.com\/veracruzdemontilla.com\/wp-content\/uploads\/2026\/03\/WhatsApp-Image-2026-03-13-at-10.12.32.jpeg?fit=1024%2C682&amp;ssl=1\" loading=\"lazy\" class=\"aligncenter  wp-image-2581\" src=\"https:\/\/i0.wp.com\/veracruzdemontilla.com\/wp-content\/uploads\/2026\/03\/WhatsApp-Image-2026-03-13-at-10.12.32.jpeg?resize=488%2C325\" alt=\"\" width=\"488\" height=\"325\" srcset=\"https:\/\/i0.wp.com\/veracruzdemontilla.com\/wp-content\/uploads\/2026\/03\/WhatsApp-Image-2026-03-13-at-10.12.32.jpeg?resize=300%2C200&amp;ssl=1 300w, https:\/\/i0.wp.com\/veracruzdemontilla.com\/wp-content\/uploads\/2026\/03\/WhatsApp-Image-2026-03-13-at-10.12.32.jpeg?resize=1024%2C682&amp;ssl=1 1024w, https:\/\/i0.wp.com\/veracruzdemontilla.com\/wp-content\/uploads\/2026\/03\/WhatsApp-Image-2026-03-13-at-10.12.32.jpeg?resize=768%2C512&amp;ssl=1 768w, https:\/\/i0.wp.com\/veracruzdemontilla.com\/wp-content\/uploads\/2026\/03\/WhatsApp-Image-2026-03-13-at-10.12.32.jpeg?resize=1536%2C1024&amp;ssl=1 1536w, https:\/\/i0.wp.com\/veracruzdemontilla.com\/wp-content\/uploads\/2026\/03\/WhatsApp-Image-2026-03-13-at-10.12.32.jpeg?resize=2048%2C1365&amp;ssl=1 2048w, https:\/\/i0.wp.com\/veracruzdemontilla.com\/wp-content\/uploads\/2026\/03\/WhatsApp-Image-2026-03-13-at-10.12.32.jpeg?resize=600%2C400&amp;ssl=1 600w\" sizes=\"(max-width: 488px) 100vw, 488px\" data-recalc-dims=\"1\" \/><\/a><\/p>\n<p>Al t\u00e9rmino del acto, tras un brindis con vino de las viejas botas de la Casa del Inca, Miguel S\u00e1nchez cerr\u00f3 el acto con un agradecimiento a la iniciativa de Montilla Cofrade y su apuesta por la Semana Santa y la integraci\u00f3n de sus tradiciones con los nuevos vientos tra\u00eddos por las j\u00f3venes generaciones.\u00a0<\/p>\n<h6 style=\"text-align: right;\">[Fotograf\u00edas: Chema G. M\u00e1rmol]<\/h6>\n","protected":false},"excerpt":{"rendered":"<p>La Asociaci\u00f3n Cultural Montilla Cofrade ha escogido como imagen anunciadora de la Semana Santa montillana una instant\u00e1nea del fot\u00f3grafo montillano Chema G. M\u00e1rmol en la que se observa un claroscuro del Santo Cristo de Zacatecas envuelto en una nube de incienso. La Casa del Inca, donde estuvo el solar familiar del matrimonio de Francisca Cort\u00e9s [&#038;hellip<\/p>\n","protected":false},"author":1,"featured_media":2580,"comment_status":"closed","ping_status":"open","sticky":false,"template":"","format":"standard","meta":{"advanced_seo_description":"","spay_email":"","jetpack_publicize_message":"","jetpack_is_tweetstorm":false},"categories":[5,8],"tags":[4],"jetpack_featured_media_url":"https:\/\/i1.wp.com\/veracruzdemontilla.com\/wp-content\/uploads\/2026\/03\/WhatsApp-Image-2026-03-13-at-10.12.55.jpeg?fit=1600%2C1204&ssl=1","jetpack_publicize_connections":[],"wpmagazine_modules_lite_featured_media_urls":{"thumbnail":["https:\/\/i1.wp.com\/veracruzdemontilla.com\/wp-content\/uploads\/2026\/03\/WhatsApp-Image-2026-03-13-at-10.12.55.jpeg?resize=150%2C150&ssl=1",150,150,true],"cvmm-medium":["https:\/\/i1.wp.com\/veracruzdemontilla.com\/wp-content\/uploads\/2026\/03\/WhatsApp-Image-2026-03-13-at-10.12.55.jpeg?resize=300%2C300&ssl=1",300,300,true],"cvmm-medium-plus":["https:\/\/i1.wp.com\/veracruzdemontilla.com\/wp-content\/uploads\/2026\/03\/WhatsApp-Image-2026-03-13-at-10.12.55.jpeg?resize=305%2C207&ssl=1",305,207,true],"cvmm-portrait":["https:\/\/i1.wp.com\/veracruzdemontilla.com\/wp-content\/uploads\/2026\/03\/WhatsApp-Image-2026-03-13-at-10.12.55.jpeg?resize=400%2C600&ssl=1",400,600,true],"cvmm-medium-square":["https:\/\/i1.wp.com\/veracruzdemontilla.com\/wp-content\/uploads\/2026\/03\/WhatsApp-Image-2026-03-13-at-10.12.55.jpeg?resize=600%2C600&ssl=1",600,600,true],"cvmm-large":["https:\/\/i1.wp.com\/veracruzdemontilla.com\/wp-content\/uploads\/2026\/03\/WhatsApp-Image-2026-03-13-at-10.12.55.jpeg?resize=1024%2C1024&ssl=1",1024,1024,true],"cvmm-small":["https:\/\/i1.wp.com\/veracruzdemontilla.com\/wp-content\/uploads\/2026\/03\/WhatsApp-Image-2026-03-13-at-10.12.55.jpeg?resize=130%2C95&ssl=1",130,95,true],"full":["https:\/\/i1.wp.com\/veracruzdemontilla.com\/wp-content\/uploads\/2026\/03\/WhatsApp-Image-2026-03-13-at-10.12.55.jpeg?fit=1600%2C1204&ssl=1",1600,1204,false]},"categories_names":{"5":{"name":"Actualidad","link":"https:\/\/veracruzdemontilla.com\/?cat=5"},"8":{"name":"Titulares","link":"https:\/\/veracruzdemontilla.com\/?cat=8"}},"tags_names":{"4":{"name":"Favoritos","link":"https:\/\/veracruzdemontilla.com\/?tag=favoritos"}},"comments_number":"0","jetpack_sharing_enabled":true,"jetpack_shortlink":"https:\/\/wp.me\/p9INPk-Fy","jetpack_likes_enabled":true,"jetpack-related-posts":[{"id":2145,"url":"https:\/\/veracruzdemontilla.com\/?p=2145","url_meta":{"origin":2576,"position":0},"title":"La IV Ruta Cofrade recala en la Parroquia de Santiago","date":"6 abril, 2025","format":false,"excerpt":"La cuarta edici\u00f3n de la Ruta Cofrade organizada por el Ayuntamiento de Montilla en colaboraci\u00f3n con la Oficina de Turismo y la Agrupaci\u00f3n de Cofrad\u00edas de Montilla visit\u00f3 el pasado s\u00e1bado 5 de abril la Parroquia de Santiago Ap\u00f3stol, sede can\u00f3nica, entre otras, de la Cofrad\u00eda Penitencial de la Santa\u2026","rel":"","context":"En \u00abParroquia\u00bb","img":{"alt_text":"","src":"https:\/\/i2.wp.com\/veracruzdemontilla.com\/wp-content\/uploads\/2025\/04\/488523350_1438999997542832_7353637570052701659_n.jpg?fit=1200%2C674&ssl=1&resize=350%2C200","width":350,"height":200},"classes":[]},{"id":468,"url":"https:\/\/veracruzdemontilla.com\/?p=468","url_meta":{"origin":2576,"position":1},"title":"Una visita llegada desde Zacatecas","date":"22 octubre, 2013","format":false,"excerpt":"El pasado d\u00eda 4 de octubre tuvimos el honor de recibir la visita de una familia de la ciudad de Zacatecas (M\u00e9xico), que se acerc\u00f3 hasta Montilla con la intenci\u00f3n de conocer la imagen de nuestro titular. Ricardo T\u00e9llez Fern\u00e1ndez, junto con su esposa y sus dos hijos, y acompa\u00f1ados\u2026","rel":"","context":"En \u00abActualidad\u00bb","img":{"alt_text":"","src":"https:\/\/i2.wp.com\/veracruzdemontilla.com\/wp-content\/uploads\/2013\/10\/DSC_3138.jpg?fit=1200%2C795&ssl=1&resize=350%2C200","width":350,"height":200},"classes":[]},{"id":22,"url":"https:\/\/veracruzdemontilla.com\/?p=22","url_meta":{"origin":2576,"position":2},"title":"Pregonero, cofrade ejemplar y cartel 2013","date":"19 diciembre, 2012","format":false,"excerpt":"Por medio de la presente, la Agrupaci\u00f3n de Cofrad\u00edas de Montilla comunica que el Excmo. y Rvdmo. Sr. D. Demetrio Fern\u00e1ndez Gonz\u00e1lez, Obispo de C\u00f3rdoba, ha sido designado pregonero de la Semana Santa de 2013. El motivo principal que ha llevado a esta Agrupaci\u00f3n para proponer al actual mitrado cordob\u00e9s,\u2026","rel":"","context":"En \u00abSin categor\u00eda\u00bb","img":{"alt_text":"","src":"","width":0,"height":0},"classes":[]},{"id":2593,"url":"https:\/\/veracruzdemontilla.com\/?p=2593","url_meta":{"origin":2576,"position":3},"title":"Javier Aguilar pintar\u00e1 el cartel del 450 aniversario","date":"18 marzo, 2026","format":false,"excerpt":"El cartel conmemorativo de los 450 a\u00f1os del Santo Cristo de Zacatecas llevar\u00e1 la firma del dibujante, ceramista y pintor pontan\u00e9s Javier Aguilar Cejas. \u00a0 En la tarde de ayer el hermano mayor de la Cofrad\u00eda de la Santa Vera Cruz Juan Antonio Prieto y el cartelista designado por la\u2026","rel":"","context":"En \u00ab450 aniversario\u00bb","img":{"alt_text":"","src":"https:\/\/i1.wp.com\/veracruzdemontilla.com\/wp-content\/uploads\/2026\/03\/WhatsApp-Image-2026-03-17-at-20.13.28-3.jpeg?fit=1200%2C900&ssl=1&resize=350%2C200","width":350,"height":200},"classes":[]},{"id":1222,"url":"https:\/\/veracruzdemontilla.com\/?p=1222","url_meta":{"origin":2576,"position":4},"title":"Designaci\u00f3n de Pregonera y Cartel Oficial para la Semana Santa 2016","date":"29 noviembre, 2015","format":false,"excerpt":"Montilla, 27 de Noviembre de 2015. La Agrupaci\u00f3n de Cofrad\u00edas de Semana Santa de Montilla, reunida en Junta de Gobierno\u00a0Plenaria celebrada esta misma noche, ha tomado el acuerdo de designar como Pregonera de la\u00a0Semana Santa de 2016, a do\u00f1a Mar\u00eda Soledad G\u00f3mez Navarro. En la misma sesi\u00f3n se ha elegido\u2026","rel":"","context":"En \u00abActualidad\u00bb","img":{"alt_text":"","src":"https:\/\/i1.wp.com\/veracruzdemontilla.com\/wp-content\/uploads\/2015\/11\/pregonera2015.jpg?fit=640%2C400&ssl=1&resize=350%2C200","width":350,"height":200},"classes":[]},{"id":2455,"url":"https:\/\/veracruzdemontilla.com\/?p=2455","url_meta":{"origin":2576,"position":5},"title":"Montilla Cofrade y la Vera Cruz acuerdan un plan de comunicaci\u00f3n para el Magno V\u00eda Crucis","date":"3 agosto, 2025","format":false,"excerpt":"La Asociaci\u00f3n Cultural Montilla Cofrade y la Cofrad\u00eda Penitencial de la Santa Vera Cruz han acordado un plan extraordinario de comunicaci\u00f3n de cara al Magno V\u00eda Crucis C\u00f3rdoba V\u00eda Sacra de Occidente gracias al que ir\u00e1n ofreciendo toda la informaci\u00f3n relativa a este hist\u00f3rico evento de piedad popular para las\u2026","rel":"","context":"En \u00abActualidad\u00bb","img":{"alt_text":"","src":"https:\/\/i0.wp.com\/veracruzdemontilla.com\/wp-content\/uploads\/2025\/08\/Colaboracion1.jpeg?fit=960%2C1200&ssl=1&resize=350%2C200","width":350,"height":200},"classes":[]}],"_links":{"self":[{"href":"https:\/\/veracruzdemontilla.com\/index.php?rest_route=\/wp\/v2\/posts\/2576"}],"collection":[{"href":"https:\/\/veracruzdemontilla.com\/index.php?rest_route=\/wp\/v2\/posts"}],"about":[{"href":"https:\/\/veracruzdemontilla.com\/index.php?rest_route=\/wp\/v2\/types\/post"}],"author":[{"embeddable":true,"href":"https:\/\/veracruzdemontilla.com\/index.php?rest_route=\/wp\/v2\/users\/1"}],"replies":[{"embeddable":true,"href":"https:\/\/veracruzdemontilla.com\/index.php?rest_route=%2Fwp%2Fv2%2Fcomments&post=2576"}],"version-history":[{"count":5,"href":"https:\/\/veracruzdemontilla.com\/index.php?rest_route=\/wp\/v2\/posts\/2576\/revisions"}],"predecessor-version":[{"id":2586,"href":"https:\/\/veracruzdemontilla.com\/index.php?rest_route=\/wp\/v2\/posts\/2576\/revisions\/2586"}],"wp:featuredmedia":[{"embeddable":true,"href":"https:\/\/veracruzdemontilla.com\/index.php?rest_route=\/wp\/v2\/media\/2580"}],"wp:attachment":[{"href":"https:\/\/veracruzdemontilla.com\/index.php?rest_route=%2Fwp%2Fv2%2Fmedia&parent=2576"}],"wp:term":[{"taxonomy":"category","embeddable":true,"href":"https:\/\/veracruzdemontilla.com\/index.php?rest_route=%2Fwp%2Fv2%2Fcategories&post=2576"},{"taxonomy":"post_tag","embeddable":true,"href":"https:\/\/veracruzdemontilla.com\/index.php?rest_route=%2Fwp%2Fv2%2Ftags&post=2576"}],"curies":[{"name":"wp","href":"https:\/\/api.w.org\/{rel}","templated":true}]}}