{"id":996,"date":"2014-12-25T18:15:39","date_gmt":"2014-12-25T17:15:39","guid":{"rendered":"http:\/\/veracruzdemontilla.com\/?p=996"},"modified":"2015-01-07T11:16:48","modified_gmt":"2015-01-07T10:16:48","slug":"cobro-de-la-loteria-de-navidad","status":"publish","type":"post","link":"http:\/\/veracruzdemontilla.com\/?p=996","title":{"rendered":"Cobro de la Loter\u00eda de Navidad"},"content":{"rendered":"<p style=\"text-align: justify;\">Como comentamos ayer lunes,\u00a0el n\u00famero 88.437\u00a0que este a\u00f1o ha jugado nuestra Cofrad\u00eda,\u00a0ha resultado agraciado en el Sorteo Extraordinario de la Loter\u00eda de Navidad del presente a\u00f1o 2014, lo que supone un premio de 26,40 euros por papeleta.<\/p>\n<p align=\"left\">Para facilitar el cobro del premio en estas fiestas de Navidad, se han establecido las siguientes fechas:<\/p>\n<p style=\"text-align: center;\" align=\"left\">\u00a0<strong>Viernes 26, Lunes 29 y Martes 30 de diciembre\u00a0de 20:00 a 22:00.<\/strong><\/p>\n<p style=\"text-align: left;\" align=\"left\">El lugar para el cobro de las papeletas premiadas es la <strong>Casa de Hermandad, <\/strong>sita en<strong> C\/ Iglesia (Casa Parroquial).<\/strong><\/p>\n<p style=\"text-align: justify;\" align=\"left\">La Cofrad\u00eda Penitencial de la Santa Vera Cruz,\u00a0quiere aprovechar la ocasi\u00f3n para agradecer la colaboraci\u00f3n prestada tanto por hermanos\/as como por el comercio colaborador en la venta de las participaciones de la Loter\u00eda de la Hermandad, as\u00ed como felicitar a los agraciados.<\/p>\n","protected":false},"excerpt":{"rendered":"<p>Como comentamos ayer lunes,\u00a0el n\u00famero 88.437\u00a0que este a\u00f1o ha jugado nuestra Cofrad\u00eda,\u00a0ha resultado agraciado en el Sorteo Extraordinario de la Loter\u00eda de Navidad del presente a\u00f1o 2014, lo que supone un premio de 26,40 euros por papeleta. Para facilitar el cobro del premio en estas fiestas de Navidad, se han establecido las siguientes fechas: \u00a0Viernes [&#038;hellip<\/p>\n","protected":false},"author":1,"featured_media":997,"comment_status":"closed","ping_status":"open","sticky":false,"template":"","format":"standard","meta":{"advanced_seo_description":"","spay_email":"","jetpack_publicize_message":"","jetpack_is_tweetstorm":false},"categories":[5],"tags":[],"jetpack_featured_media_url":"https:\/\/i2.wp.com\/veracruzdemontilla.com\/wp-content\/uploads\/2014\/12\/23diciembre.jpg?fit=640%2C400","jetpack_publicize_connections":[],"wpmagazine_modules_lite_featured_media_urls":{"thumbnail":["https:\/\/i2.wp.com\/veracruzdemontilla.com\/wp-content\/uploads\/2014\/12\/23diciembre.jpg?resize=150%2C150",150,150,true],"cvmm-medium":["https:\/\/i2.wp.com\/veracruzdemontilla.com\/wp-content\/uploads\/2014\/12\/23diciembre.jpg?resize=300%2C300",300,300,true],"cvmm-medium-plus":["https:\/\/i2.wp.com\/veracruzdemontilla.com\/wp-content\/uploads\/2014\/12\/23diciembre.jpg?resize=305%2C207",305,207,true],"cvmm-portrait":["https:\/\/i2.wp.com\/veracruzdemontilla.com\/wp-content\/uploads\/2014\/12\/23diciembre.jpg?resize=400%2C400",400,400,true],"cvmm-medium-square":["https:\/\/i2.wp.com\/veracruzdemontilla.com\/wp-content\/uploads\/2014\/12\/23diciembre.jpg?resize=600%2C400",600,400,true],"cvmm-large":["https:\/\/i2.wp.com\/veracruzdemontilla.com\/wp-content\/uploads\/2014\/12\/23diciembre.jpg?resize=640%2C400",640,400,true],"cvmm-small":["https:\/\/i2.wp.com\/veracruzdemontilla.com\/wp-content\/uploads\/2014\/12\/23diciembre.jpg?resize=130%2C95",130,95,true],"full":["https:\/\/i2.wp.com\/veracruzdemontilla.com\/wp-content\/uploads\/2014\/12\/23diciembre.jpg?fit=640%2C400",640,400,false]},"categories_names":{"5":{"name":"Actualidad","link":"http:\/\/veracruzdemontilla.com\/?cat=5"}},"tags_names":[],"comments_number":"0","jetpack_sharing_enabled":true,"jetpack_shortlink":"https:\/\/wp.me\/p9INPk-g4","jetpack_likes_enabled":true,"jetpack-related-posts":[{"id":1005,"url":"http:\/\/veracruzdemontilla.com\/?p=1005","url_meta":{"origin":996,"position":0},"title":"Nuestra Cofrad\u00eda vuelve a repartir 36.000 \u20ac, esta vez en la loter\u00eda de \u00abEl Ni\u00f1o\u00bb","date":"6 enero, 2015","format":false,"excerpt":"Si hace menos de un mes nuestra Cofrad\u00eda Penitencial de la Santa Vera Cruz repart\u00eda entre sus\u00a0hermanos, devotos y personas allegadas, m\u00e1s de 66.000 euros en el sorteo extraordinario de la Loter\u00eda de Navidad, al ser agraciados con las terminaciones de las dos \u00faltimas cifras del gordo - lo cu\u00e1l\u2026","rel":"","context":"En \u00abActualidad\u00bb","img":{"alt_text":"","src":"https:\/\/i1.wp.com\/veracruzdemontilla.com\/wp-content\/uploads\/2015\/01\/loteria-ni\u00f1o_0.jpg?fit=640%2C400&resize=350%2C200","width":350,"height":200},"classes":[]},{"id":61,"url":"http:\/\/veracruzdemontilla.com\/?p=61","url_meta":{"origin":996,"position":1},"title":"Loter\u00eda de Navidad","date":"5 octubre, 2010","format":false,"excerpt":"Como cada a\u00f1o, la Cofrad\u00eda Penitencial de la Santa Vera Cruz pone a la venta su Loter\u00eda de Navidad. En esta ocasi\u00f3n el n\u00famero jugado es el 04.884, que podr\u00e9is encontrar en los principales establecimientos comerciales de nuestra ciudad, as\u00ed como a trav\u00e9s de cualquier miembro de la Junta de\u2026","rel":"","context":"En \u00abSin categor\u00eda\u00bb","img":{"alt_text":"","src":"","width":0,"height":0},"classes":[]},{"id":993,"url":"http:\/\/veracruzdemontilla.com\/?p=993","url_meta":{"origin":996,"position":2},"title":"Nuestra Cofrad\u00eda reparte m\u00e1s de 66.000 \u20ac en la Loter\u00eda de Navidad","date":"22 diciembre, 2014","format":false,"excerpt":"Tras varios a\u00f1os tentando a la suerte en el Sorteo Extraordinario de la Loter\u00eda Nacional, m\u00e1s conocido como el Gordo de Navidad, nuestra Cofrad\u00eda se ha visto agraciada en esta edici\u00f3n con la terminaci\u00f3n de las dos \u00faltimas cifras del primer premio, que ha reca\u00eddo en el n\u00famero 13.437. La\u2026","rel":"","context":"En \u00abActualidad\u00bb","img":{"alt_text":"","src":"https:\/\/i1.wp.com\/veracruzdemontilla.com\/wp-content\/uploads\/2014\/12\/premiado.jpg?fit=644%2C362&resize=350%2C200","width":350,"height":200},"classes":[]},{"id":1174,"url":"http:\/\/veracruzdemontilla.com\/?p=1174","url_meta":{"origin":996,"position":3},"title":"Recordatorio, Loter\u00eda de Navidad","date":"30 septiembre, 2015","format":false,"excerpt":"Recordamos a nuestros hermanos y devotos, que nuestra Cofrad\u00eda, ya dispone de los d\u00e9cimos y participaciones para el Sorteo Extraordinario de Navidad de la Loter\u00eda Nacional. Este a\u00f1o,\u00a0el n\u00famero jugado es el\u00a089.952, los d\u00e9cimos los podr\u00e1s conseguir contactando con alguno de los miembros de la Junta de Gobierno, o en\u2026","rel":"","context":"En \u00abActualidad\u00bb","img":{"alt_text":"","src":"https:\/\/i1.wp.com\/veracruzdemontilla.com\/wp-content\/uploads\/2015\/09\/navidad2015.jpg?fit=640%2C400&resize=350%2C200","width":350,"height":200},"classes":[]},{"id":574,"url":"http:\/\/veracruzdemontilla.com\/?p=574","url_meta":{"origin":996,"position":4},"title":"Recogida de loter\u00eda de Navidad","date":"17 diciembre, 2013","format":false,"excerpt":"El pr\u00f3ximo viernes, d\u00eda 20 de diciembre a las 20:00 horas, se cumple el plazo para retirar de la venta los talonarios y d\u00e9cimos de loter\u00eda de Navidad de nuestra cofrad\u00eda. Los hermanos en posesi\u00f3n de los mismos deber\u00e1n entregarlos a cualquier componente de la Junta de Gobierno, o bien\u2026","rel":"","context":"En \u00abActualidad\u00bb","img":{"alt_text":"","src":"https:\/\/i2.wp.com\/veracruzdemontilla.com\/wp-content\/uploads\/2013\/12\/loteria-navidad-644x362.jpg?fit=644%2C362&resize=350%2C200","width":350,"height":200},"classes":[]},{"id":328,"url":"http:\/\/veracruzdemontilla.com\/?p=328","url_meta":{"origin":996,"position":5},"title":"Loter\u00eda de Navidad, n\u00famero 47.500","date":"13 septiembre, 2013","format":false,"excerpt":"Estimados Hermanos en Cristo: La Tesorer\u00eda de la Hermandad, al igual que en a\u00f1os anteriores, pone a\u00a0disposici\u00f3n de todo aquel que desee adquirir Loter\u00eda correspondiente al\u00a0Sorteo de Navidad, que se celebrar\u00e1 el d\u00eda 22 de Diciembre de 2.013. El n\u00famero elegido este a\u00f1o es el 47.500, encontr\u00e1ndose ya en los\u2026","rel":"","context":"En \u00abActualidad\u00bb","img":{"alt_text":"","src":"https:\/\/i2.wp.com\/veracruzdemontilla.com\/wp-content\/uploads\/2013\/09\/loteria-navidad1.jpg?fit=640%2C400&resize=350%2C200","width":350,"height":200},"classes":[]}],"_links":{"self":[{"href":"http:\/\/veracruzdemontilla.com\/index.php?rest_route=\/wp\/v2\/posts\/996"}],"collection":[{"href":"http:\/\/veracruzdemontilla.com\/index.php?rest_route=\/wp\/v2\/posts"}],"about":[{"href":"http:\/\/veracruzdemontilla.com\/index.php?rest_route=\/wp\/v2\/types\/post"}],"author":[{"embeddable":true,"href":"http:\/\/veracruzdemontilla.com\/index.php?rest_route=\/wp\/v2\/users\/1"}],"replies":[{"embeddable":true,"href":"http:\/\/veracruzdemontilla.com\/index.php?rest_route=%2Fwp%2Fv2%2Fcomments&post=996"}],"version-history":[{"count":5,"href":"http:\/\/veracruzdemontilla.com\/index.php?rest_route=\/wp\/v2\/posts\/996\/revisions"}],"predecessor-version":[{"id":1002,"href":"http:\/\/veracruzdemontilla.com\/index.php?rest_route=\/wp\/v2\/posts\/996\/revisions\/1002"}],"wp:featuredmedia":[{"embeddable":true,"href":"http:\/\/veracruzdemontilla.com\/index.php?rest_route=\/wp\/v2\/media\/997"}],"wp:attachment":[{"href":"http:\/\/veracruzdemontilla.com\/index.php?rest_route=%2Fwp%2Fv2%2Fmedia&parent=996"}],"wp:term":[{"taxonomy":"category","embeddable":true,"href":"http:\/\/veracruzdemontilla.com\/index.php?rest_route=%2Fwp%2Fv2%2Fcategories&post=996"},{"taxonomy":"post_tag","embeddable":true,"href":"http:\/\/veracruzdemontilla.com\/index.php?rest_route=%2Fwp%2Fv2%2Ftags&post=996"}],"curies":[{"name":"wp","href":"https:\/\/api.w.org\/{rel}","templated":true}]}}