{"id":974,"date":"2014-11-07T21:28:01","date_gmt":"2014-11-07T20:28:01","guid":{"rendered":"http:\/\/veracruzdemontilla.com\/?p=974"},"modified":"2014-11-07T21:28:01","modified_gmt":"2014-11-07T20:28:01","slug":"nota-informativa","status":"publish","type":"post","link":"http:\/\/veracruzdemontilla.com\/?p=974","title":{"rendered":"Nota Informativa"},"content":{"rendered":"<p style=\"text-align: justify;\">El pr\u00f3ximo domingo d\u00eda 9 de noviembre, a las 21:00 horas, tendr\u00e1 lugar en la Bas\u00edlica Pontificia de San Juan de \u00c1vila, un encuentro con todas aquellas personas interesadas en colaborar con el comedor social que pronto entrar\u00e1 en funcionamiento en la casa de C\u00e1ritas (plaza de \u00c1ngel Sisternes).<\/p>\n<p style=\"text-align: justify;\">Nuestra Cofrad\u00eda, como parte implicada en su organizaci\u00f3n, hace un llamamiento a todos aquellos hermanos que puedan estar interesados en ayudar en esta importante acci\u00f3n social y de caridad, cuyo objetivo no es otro que el de ayudar a las familias m\u00e1s necesitadas de nuestro pueblo.<\/p>\n","protected":false},"excerpt":{"rendered":"<p>El pr\u00f3ximo domingo d\u00eda 9 de noviembre, a las 21:00 horas, tendr\u00e1 lugar en la Bas\u00edlica Pontificia de San Juan de \u00c1vila, un encuentro con todas aquellas personas interesadas en colaborar con el comedor social que pronto entrar\u00e1 en funcionamiento en la casa de C\u00e1ritas (plaza de \u00c1ngel Sisternes). Nuestra Cofrad\u00eda, como parte implicada en [&#038;hellip<\/p>\n","protected":false},"author":1,"featured_media":975,"comment_status":"closed","ping_status":"open","sticky":false,"template":"","format":"standard","meta":{"advanced_seo_description":"","spay_email":"","jetpack_publicize_message":"","jetpack_is_tweetstorm":false},"categories":[5],"tags":[4],"jetpack_featured_media_url":"https:\/\/i0.wp.com\/veracruzdemontilla.com\/wp-content\/uploads\/2014\/11\/socorro04.jpg?fit=640%2C400","jetpack_publicize_connections":[],"wpmagazine_modules_lite_featured_media_urls":{"thumbnail":["https:\/\/i0.wp.com\/veracruzdemontilla.com\/wp-content\/uploads\/2014\/11\/socorro04.jpg?resize=150%2C150",150,150,true],"cvmm-medium":["https:\/\/i0.wp.com\/veracruzdemontilla.com\/wp-content\/uploads\/2014\/11\/socorro04.jpg?resize=300%2C300",300,300,true],"cvmm-medium-plus":["https:\/\/i0.wp.com\/veracruzdemontilla.com\/wp-content\/uploads\/2014\/11\/socorro04.jpg?resize=305%2C207",305,207,true],"cvmm-portrait":["https:\/\/i0.wp.com\/veracruzdemontilla.com\/wp-content\/uploads\/2014\/11\/socorro04.jpg?resize=400%2C400",400,400,true],"cvmm-medium-square":["https:\/\/i0.wp.com\/veracruzdemontilla.com\/wp-content\/uploads\/2014\/11\/socorro04.jpg?resize=600%2C400",600,400,true],"cvmm-large":["https:\/\/i0.wp.com\/veracruzdemontilla.com\/wp-content\/uploads\/2014\/11\/socorro04.jpg?resize=640%2C400",640,400,true],"cvmm-small":["https:\/\/i0.wp.com\/veracruzdemontilla.com\/wp-content\/uploads\/2014\/11\/socorro04.jpg?resize=130%2C95",130,95,true],"full":["https:\/\/i0.wp.com\/veracruzdemontilla.com\/wp-content\/uploads\/2014\/11\/socorro04.jpg?fit=640%2C400",640,400,false]},"categories_names":{"5":{"name":"Actualidad","link":"http:\/\/veracruzdemontilla.com\/?cat=5"}},"tags_names":{"4":{"name":"Favoritos","link":"http:\/\/veracruzdemontilla.com\/?tag=favoritos"}},"comments_number":"0","jetpack_sharing_enabled":true,"jetpack_shortlink":"https:\/\/wp.me\/p9INPk-fI","jetpack_likes_enabled":true,"jetpack-related-posts":[{"id":1231,"url":"http:\/\/veracruzdemontilla.com\/?p=1231","url_meta":{"origin":974,"position":0},"title":"Todo preparado para el besamanos solidario","date":"7 diciembre, 2015","format":false,"excerpt":"La Agrupaci\u00f3n de Cofrad\u00edas organiza, por tercer\u00a0a\u00f1o consecutivo, un besamanos general solidario con el fin de ayudar a las familias m\u00e1s necesitadas y rendir culto a la Virgen en su festividad. El besamanos tendr\u00e1 lugar ma\u00f1ana martes, 8 de diciembre , en horario de 11:00 a 14:00 \u00a0y de \u00a018:00\u2026","rel":"","context":"En \u00abActualidad\u00bb","img":{"alt_text":"","src":"https:\/\/i1.wp.com\/veracruzdemontilla.com\/wp-content\/uploads\/2015\/12\/socorro_besamanos.jpg?fit=640%2C400&resize=350%2C200","width":350,"height":200},"classes":[]},{"id":537,"url":"http:\/\/veracruzdemontilla.com\/?p=537","url_meta":{"origin":974,"position":1},"title":"Festividad de la Inmaculada Concepci\u00f3n","date":"6 diciembre, 2013","format":false,"excerpt":"Como ya es sabido por todos, por iniciativa de la Agrupaci\u00f3n de Cofrad\u00edas de Montilla, las Hermandades y Agrupaciones Parroquiales de nuestra ciudad, el pr\u00f3ximo d\u00eda 8 de diciembre se \u00a0expondr\u00e1n en Solemne y Devoto Besamanos Extraordinario y Solidario a todas las V\u00edrgenes de las distintas Cofrad\u00edas. Por ello, se\u2026","rel":"","context":"En \u00abActualidad\u00bb","img":{"alt_text":"","src":"https:\/\/i2.wp.com\/veracruzdemontilla.com\/wp-content\/uploads\/2013\/12\/inmaculada.jpg?fit=640%2C400&resize=350%2C200","width":350,"height":200},"classes":[]},{"id":477,"url":"http:\/\/veracruzdemontilla.com\/?p=477","url_meta":{"origin":974,"position":2},"title":"Certamen Solidario, \u00abEl Principio de un Sue\u00f1o\u00bb","date":"29 octubre, 2013","format":"video","excerpt":"Desde la Agrupaci\u00f3n Parroquial \"Dulce Nombre\" de Montilla y m\u00e1s concretamente de la Parroquia de Asunci\u00f3n del Barrio de las Casas Nuevas nos llega la informaci\u00f3n del Certamen de bandas solidario \"EL PRINCIPIO DE UN SUE\u00d1O\" El certamen se realizara el pr\u00f3ximo d\u00eda 10 de Noviembre en las naves Municipales\u2026","rel":"","context":"En \u00abActualidad\u00bb","img":{"alt_text":"","src":"https:\/\/i0.wp.com\/veracruzdemontilla.com\/wp-content\/uploads\/2013\/10\/santacena01.jpg?fit=720%2C574&resize=350%2C200","width":350,"height":200},"classes":[]},{"id":1577,"url":"http:\/\/veracruzdemontilla.com\/?p=1577","url_meta":{"origin":974,"position":3},"title":"Nota de prensa: Endulza la Cuaresma con Santa Clara","date":"7 marzo, 2019","format":"video","excerpt":"Montilla, 7 de marzo de 2019 Por medio de la presente, la Cofrad\u00eda Penitencial de la Santa Vera Cruz y Devota Hermandad del Santo Cristo de Zacatecas y Santa Mar\u00eda del Socorro, Madre de Dios y Se\u00f1ora Nuestra COMUNICA que en cumplimiento del T\u00edtulo II del Estatuto marco para hermandades\u2026","rel":"","context":"En \u00abActualidad\u00bb","img":{"alt_text":"","src":"","width":0,"height":0},"classes":[]},{"id":533,"url":"http:\/\/veracruzdemontilla.com\/?p=533","url_meta":{"origin":974,"position":4},"title":"Besamanos solidario el pr\u00f3ximo 8 de diciembre","date":"5 diciembre, 2013","format":false,"excerpt":"La Agrupaci\u00f3n de Cofrad\u00edas ha organizado, por segundo a\u00f1o consecutivo, un besamanos general solidario con el fin de ayudar a las familias m\u00e1s necesitadas y rendir culto a la Virgen en su festividad. El besamanos tendr\u00e1 lugar el pr\u00f3ximo domingo, 8 de diciembre. Durante la jornada festiva, permanecer\u00e1n expuestas las\u2026","rel":"","context":"En \u00abActualidad\u00bb","img":{"alt_text":"","src":"https:\/\/i0.wp.com\/veracruzdemontilla.com\/wp-content\/uploads\/2013\/12\/04-besamanos-solidario.jpg?fit=640%2C400&resize=350%2C200","width":350,"height":200},"classes":[]},{"id":1603,"url":"http:\/\/veracruzdemontilla.com\/?p=1603","url_meta":{"origin":974,"position":5},"title":"Solemne besapi\u00e9s y besamanos a nuestros Sagrados Titulares","date":"11 abril, 2019","format":false,"excerpt":"El Viernes de Dolores es el d\u00eda que, sin duda, inaugura la semana m\u00e1s importante para un cristiano. Igualmente significativo es para los cofrades de la Santa Vera Cruz y los devotos de la Santo Cristo de Zacatecas y Santa Mar\u00eda del Socorro, titulares de nuestra Cofrad\u00eda, que estar\u00e1n expuestos\u2026","rel":"","context":"En \u00abActualidad\u00bb","img":{"alt_text":"","src":"https:\/\/i0.wp.com\/veracruzdemontilla.com\/wp-content\/uploads\/2019\/04\/DSC_0252.jpg?fit=848%2C564&resize=350%2C200","width":350,"height":200},"classes":[]}],"_links":{"self":[{"href":"http:\/\/veracruzdemontilla.com\/index.php?rest_route=\/wp\/v2\/posts\/974"}],"collection":[{"href":"http:\/\/veracruzdemontilla.com\/index.php?rest_route=\/wp\/v2\/posts"}],"about":[{"href":"http:\/\/veracruzdemontilla.com\/index.php?rest_route=\/wp\/v2\/types\/post"}],"author":[{"embeddable":true,"href":"http:\/\/veracruzdemontilla.com\/index.php?rest_route=\/wp\/v2\/users\/1"}],"replies":[{"embeddable":true,"href":"http:\/\/veracruzdemontilla.com\/index.php?rest_route=%2Fwp%2Fv2%2Fcomments&post=974"}],"version-history":[{"count":1,"href":"http:\/\/veracruzdemontilla.com\/index.php?rest_route=\/wp\/v2\/posts\/974\/revisions"}],"predecessor-version":[{"id":976,"href":"http:\/\/veracruzdemontilla.com\/index.php?rest_route=\/wp\/v2\/posts\/974\/revisions\/976"}],"wp:featuredmedia":[{"embeddable":true,"href":"http:\/\/veracruzdemontilla.com\/index.php?rest_route=\/wp\/v2\/media\/975"}],"wp:attachment":[{"href":"http:\/\/veracruzdemontilla.com\/index.php?rest_route=%2Fwp%2Fv2%2Fmedia&parent=974"}],"wp:term":[{"taxonomy":"category","embeddable":true,"href":"http:\/\/veracruzdemontilla.com\/index.php?rest_route=%2Fwp%2Fv2%2Fcategories&post=974"},{"taxonomy":"post_tag","embeddable":true,"href":"http:\/\/veracruzdemontilla.com\/index.php?rest_route=%2Fwp%2Fv2%2Ftags&post=974"}],"curies":[{"name":"wp","href":"https:\/\/api.w.org\/{rel}","templated":true}]}}