{"id":964,"date":"2014-11-01T13:47:32","date_gmt":"2014-11-01T11:47:32","guid":{"rendered":"http:\/\/veracruzdemontilla.com\/?p=964"},"modified":"2014-11-01T13:54:37","modified_gmt":"2014-11-01T11:54:37","slug":"misa-por-nuestros-hermanos-difuntos","status":"publish","type":"post","link":"http:\/\/veracruzdemontilla.com\/?p=964","title":{"rendered":"Misa por nuestros hermanos difuntos"},"content":{"rendered":"<p style=\"text-align: justify;\">En la noche de ayer, 31 de octubre, la Cofrad\u00eda Penitencial de la Santa Vera Cruz, celebr\u00f3 en la capilla de Nuestros Sagrados Titulares, una misa por el sufragio de las almas de nuestros hermanos difuntos la cual fue oficiada\u00a0por D. Carlos Jes\u00fas Gallardo Panadero.<\/p>\n<p style=\"text-align: justify;\">Ante una imagen de Mar\u00eda Sant\u00edsima del Socorro vestida de riguroso luto, este a\u00f1o de manera especial se quiso recordar la figura de nuestra hermana Soqui, recientemente fallecida, ya que desde la reorganizaci\u00f3n de nuestra Cofrad\u00eda ha sido camarera de la Virgen desempe\u00f1ando dicha labor con el mayor amor y entrega posibles.<\/p>\n<p style=\"text-align: justify;\">Durante todo el mes de noviembre, Mar\u00eda Sant\u00edsima del Socorro permanecer\u00e1 con la mantilla negra en honor a todos nuestros hermanos difuntos.<\/p>\n<p style=\"text-align: center;\"><a href=\"https:\/\/i2.wp.com\/veracruzdemontilla.com\/wp-content\/uploads\/2014\/11\/misadifuntos02.jpg\"><img data-attachment-id=\"966\" data-permalink=\"http:\/\/veracruzdemontilla.com\/?attachment_id=966\" data-orig-file=\"https:\/\/i2.wp.com\/veracruzdemontilla.com\/wp-content\/uploads\/2014\/11\/misadifuntos02.jpg?fit=444%2C789\" data-orig-size=\"444,789\" data-comments-opened=\"0\" data-image-meta=\"{&quot;aperture&quot;:&quot;0&quot;,&quot;credit&quot;:&quot;&quot;,&quot;camera&quot;:&quot;&quot;,&quot;caption&quot;:&quot;&quot;,&quot;created_timestamp&quot;:&quot;0&quot;,&quot;copyright&quot;:&quot;&quot;,&quot;focal_length&quot;:&quot;0&quot;,&quot;iso&quot;:&quot;0&quot;,&quot;shutter_speed&quot;:&quot;0&quot;,&quot;title&quot;:&quot;&quot;,&quot;orientation&quot;:&quot;1&quot;}\" data-image-title=\"misadifuntos02\" data-image-description=\"\" data-image-caption=\"\" data-medium-file=\"https:\/\/i2.wp.com\/veracruzdemontilla.com\/wp-content\/uploads\/2014\/11\/misadifuntos02.jpg?fit=168%2C300\" data-large-file=\"https:\/\/i2.wp.com\/veracruzdemontilla.com\/wp-content\/uploads\/2014\/11\/misadifuntos02.jpg?fit=444%2C789\" class=\"alignnone size-full wp-image-966\" src=\"https:\/\/i2.wp.com\/veracruzdemontilla.com\/wp-content\/uploads\/2014\/11\/misadifuntos02.jpg?w=320\" alt=\"misadifuntos02\" srcset=\"https:\/\/i2.wp.com\/veracruzdemontilla.com\/wp-content\/uploads\/2014\/11\/misadifuntos02.jpg?w=444 444w, https:\/\/i2.wp.com\/veracruzdemontilla.com\/wp-content\/uploads\/2014\/11\/misadifuntos02.jpg?resize=168%2C300 168w, https:\/\/i2.wp.com\/veracruzdemontilla.com\/wp-content\/uploads\/2014\/11\/misadifuntos02.jpg?resize=380%2C676 380w\" sizes=\"(max-width: 444px) 100vw, 444px\" data-recalc-dims=\"1\" \/><\/a><\/p>\n","protected":false},"excerpt":{"rendered":"<p>En la noche de ayer, 31 de octubre, la Cofrad\u00eda Penitencial de la Santa Vera Cruz, celebr\u00f3 en la capilla de Nuestros Sagrados Titulares, una misa por el sufragio de las almas de nuestros hermanos difuntos la cual fue oficiada\u00a0por D. Carlos Jes\u00fas Gallardo Panadero. Ante una imagen de Mar\u00eda Sant\u00edsima del Socorro vestida de [&#038;hellip<\/p>\n","protected":false},"author":1,"featured_media":969,"comment_status":"closed","ping_status":"open","sticky":false,"template":"","format":"standard","meta":{"advanced_seo_description":"","spay_email":"","jetpack_publicize_message":"","jetpack_is_tweetstorm":false},"categories":[5],"tags":[4],"jetpack_featured_media_url":"https:\/\/i2.wp.com\/veracruzdemontilla.com\/wp-content\/uploads\/2014\/11\/misadifuntos03.jpg?fit=640%2C400","jetpack_publicize_connections":[],"wpmagazine_modules_lite_featured_media_urls":{"thumbnail":["https:\/\/i2.wp.com\/veracruzdemontilla.com\/wp-content\/uploads\/2014\/11\/misadifuntos03.jpg?resize=150%2C150",150,150,true],"cvmm-medium":["https:\/\/i2.wp.com\/veracruzdemontilla.com\/wp-content\/uploads\/2014\/11\/misadifuntos03.jpg?resize=300%2C300",300,300,true],"cvmm-medium-plus":["https:\/\/i2.wp.com\/veracruzdemontilla.com\/wp-content\/uploads\/2014\/11\/misadifuntos03.jpg?resize=305%2C207",305,207,true],"cvmm-portrait":["https:\/\/i2.wp.com\/veracruzdemontilla.com\/wp-content\/uploads\/2014\/11\/misadifuntos03.jpg?resize=400%2C400",400,400,true],"cvmm-medium-square":["https:\/\/i2.wp.com\/veracruzdemontilla.com\/wp-content\/uploads\/2014\/11\/misadifuntos03.jpg?resize=600%2C400",600,400,true],"cvmm-large":["https:\/\/i2.wp.com\/veracruzdemontilla.com\/wp-content\/uploads\/2014\/11\/misadifuntos03.jpg?resize=640%2C400",640,400,true],"cvmm-small":["https:\/\/i2.wp.com\/veracruzdemontilla.com\/wp-content\/uploads\/2014\/11\/misadifuntos03.jpg?resize=130%2C95",130,95,true],"full":["https:\/\/i2.wp.com\/veracruzdemontilla.com\/wp-content\/uploads\/2014\/11\/misadifuntos03.jpg?fit=640%2C400",640,400,false]},"categories_names":{"5":{"name":"Actualidad","link":"http:\/\/veracruzdemontilla.com\/?cat=5"}},"tags_names":{"4":{"name":"Favoritos","link":"http:\/\/veracruzdemontilla.com\/?tag=favoritos"}},"comments_number":"0","jetpack_sharing_enabled":true,"jetpack_shortlink":"https:\/\/wp.me\/p9INPk-fy","jetpack_likes_enabled":true,"jetpack-related-posts":[{"id":25,"url":"http:\/\/veracruzdemontilla.com\/?p=25","url_meta":{"origin":964,"position":0},"title":"Misa de difuntos &#8211; 9 de noviembre","date":"6 noviembre, 2012","format":false,"excerpt":"Estimado hermano\/a: La Cofrad\u00eda Penitencial de la Santa Vera Cruz y Devota Hermandad del Santo Cristo de Zacatecas y Santa Mar\u00eda del Socorro Madre de Dios y Se\u00f1ora Nuestracomunica que el pr\u00f3ximo viernes 9 de noviembre a las 20:30 horas en la Parroquia de Santiago Ap\u00f3stol tendr\u00e1 lugar la Misa\u2026","rel":"","context":"En \u00abSin categor\u00eda\u00bb","img":{"alt_text":"","src":"https:\/\/i2.wp.com\/3.bp.blogspot.com\/-LySZTCKz1TQ\/UJk9QD04XdI\/AAAAAAAAAz4\/ftA0XbR7IU4\/s640\/misa+difuntos.jpg?resize=350%2C200","width":350,"height":200},"classes":[]},{"id":960,"url":"http:\/\/veracruzdemontilla.com\/?p=960","url_meta":{"origin":964,"position":1},"title":"El pr\u00f3ximo viernes se celebrar\u00e1 la Misa de Difuntos de nuestra Cofrad\u00eda","date":"28 octubre, 2014","format":false,"excerpt":"El pr\u00f3ximo viernes, 31 de octubre, La Cofrad\u00eda Penitencial de la Santa Vera Cruz y Devota Hermandad del Santo Cristo de Zacatecas y Santa Mar\u00eda del Socorro Madre de Dios y Se\u00f1ora Nuestra, convoca a la celebraci\u00f3n de una Eucarist\u00eda en sufragio por las almas y el eterno descanso de\u2026","rel":"","context":"En \u00abActualidad\u00bb","img":{"alt_text":"","src":"https:\/\/i1.wp.com\/veracruzdemontilla.com\/wp-content\/uploads\/2014\/10\/esquela.jpg?fit=640%2C400&resize=350%2C200","width":350,"height":200},"classes":[]},{"id":1211,"url":"http:\/\/veracruzdemontilla.com\/?p=1211","url_meta":{"origin":964,"position":2},"title":"Misa de difuntos de nuestra cofrad\u00eda","date":"27 noviembre, 2015","format":false,"excerpt":"El pr\u00f3ximo domingo, 29\u00a0de noviembre, La Cofrad\u00eda Penitencial de la Santa Vera Cruz y Devota Hermandad del Santo Cristo de Zacatecas y Santa Mar\u00eda del Socorro Madre de Dios y Se\u00f1ora Nuestra, convoca a la celebraci\u00f3n de una Eucarist\u00eda en sufragio por las almas y el eterno descanso de nuestros\u2026","rel":"","context":"En \u00abActualidad\u00bb","img":{"alt_text":"","src":"https:\/\/i0.wp.com\/veracruzdemontilla.com\/wp-content\/uploads\/2015\/11\/Sin-t\u00edtulo-3.jpg?fit=640%2C400&resize=350%2C200","width":350,"height":200},"classes":[]},{"id":492,"url":"http:\/\/veracruzdemontilla.com\/?p=492","url_meta":{"origin":964,"position":3},"title":"Misa de Difuntos de nuestra cofrad\u00eda","date":"5 noviembre, 2013","format":false,"excerpt":"El pr\u00f3ximo viernes, 8 de noviembre,\u00a0La Cofrad\u00eda Penitencial de la Santa Vera Cruz y Devota Hermandad del Santo Cristo de Zacatecas y Santa Mar\u00eda del Socorro Madre de Dios y Se\u00f1ora Nuestra,\u00a0convoca a la celebraci\u00f3n de una Eucarist\u00eda en sufragio por las almas y el eterno descanso de nuestros hermanos\u2026","rel":"","context":"En \u00abActualidad\u00bb","img":{"alt_text":"","src":"https:\/\/i2.wp.com\/veracruzdemontilla.com\/wp-content\/uploads\/2013\/11\/esquela.jpg?fit=887%2C629&resize=350%2C200","width":350,"height":200},"classes":[]},{"id":59,"url":"http:\/\/veracruzdemontilla.com\/?p=59","url_meta":{"origin":964,"position":4},"title":"Misa de \u00c1nimas 5 de noviembre","date":"2 noviembre, 2010","format":false,"excerpt":"De acuerdo con los Estatutos Can\u00f3nicos de la Cofrad\u00eda Penitencial de la Santa Vera Cruz, el pr\u00f3ximo viernes 5 de noviembre celebraremos una Misa de \u00c1nimas por nuestros hermanos difuntos, as\u00ed como por el alma de aquellos familiares de hermanos que hayan fallecido en el \u00faltimo a\u00f1o.La Eucarist\u00eda tendr\u00e1 lugar\u2026","rel":"","context":"En \u00abSin categor\u00eda\u00bb","img":{"alt_text":"","src":"","width":0,"height":0},"classes":[]},{"id":1607,"url":"http:\/\/veracruzdemontilla.com\/?p=1607","url_meta":{"origin":964,"position":5},"title":"La Cofrad\u00eda celebrar\u00e1 el 15 de noviembre la misa por sus hermanos difuntos","date":"6 noviembre, 2019","format":false,"excerpt":"La Cofrad\u00eda de la Santa Vera Cruz, en cumplimiento de lo que mandan sus estatutos, celebrar\u00e1 el pr\u00f3ximo viernes 15 de noviembre la misa anual en sufragio por las almas de sus hermanos difuntos, la cual dar\u00e1 comienzo en la Parroquia de Santiago Ap\u00f3stol a las 20:30 h. Animamos a\u2026","rel":"","context":"En \u00abActualidad\u00bb","img":{"alt_text":"","src":"https:\/\/i1.wp.com\/veracruzdemontilla.com\/wp-content\/uploads\/2019\/11\/Esquela-difuntos-2019.jpg?fit=1123%2C794&resize=350%2C200","width":350,"height":200},"classes":[]}],"_links":{"self":[{"href":"http:\/\/veracruzdemontilla.com\/index.php?rest_route=\/wp\/v2\/posts\/964"}],"collection":[{"href":"http:\/\/veracruzdemontilla.com\/index.php?rest_route=\/wp\/v2\/posts"}],"about":[{"href":"http:\/\/veracruzdemontilla.com\/index.php?rest_route=\/wp\/v2\/types\/post"}],"author":[{"embeddable":true,"href":"http:\/\/veracruzdemontilla.com\/index.php?rest_route=\/wp\/v2\/users\/1"}],"replies":[{"embeddable":true,"href":"http:\/\/veracruzdemontilla.com\/index.php?rest_route=%2Fwp%2Fv2%2Fcomments&post=964"}],"version-history":[{"count":1,"href":"http:\/\/veracruzdemontilla.com\/index.php?rest_route=\/wp\/v2\/posts\/964\/revisions"}],"predecessor-version":[{"id":967,"href":"http:\/\/veracruzdemontilla.com\/index.php?rest_route=\/wp\/v2\/posts\/964\/revisions\/967"}],"wp:featuredmedia":[{"embeddable":true,"href":"http:\/\/veracruzdemontilla.com\/index.php?rest_route=\/wp\/v2\/media\/969"}],"wp:attachment":[{"href":"http:\/\/veracruzdemontilla.com\/index.php?rest_route=%2Fwp%2Fv2%2Fmedia&parent=964"}],"wp:term":[{"taxonomy":"category","embeddable":true,"href":"http:\/\/veracruzdemontilla.com\/index.php?rest_route=%2Fwp%2Fv2%2Fcategories&post=964"},{"taxonomy":"post_tag","embeddable":true,"href":"http:\/\/veracruzdemontilla.com\/index.php?rest_route=%2Fwp%2Fv2%2Ftags&post=964"}],"curies":[{"name":"wp","href":"https:\/\/api.w.org\/{rel}","templated":true}]}}