{"id":951,"date":"2014-10-19T17:50:27","date_gmt":"2014-10-19T15:50:27","guid":{"rendered":"http:\/\/veracruzdemontilla.com\/?p=951"},"modified":"2014-10-19T17:50:27","modified_gmt":"2014-10-19T15:50:27","slug":"cajasur-entrega-a-la-brimz-guzman-el-bueno-x-material-escolar-para-los-ninos-de-libano","status":"publish","type":"post","link":"http:\/\/veracruzdemontilla.com\/?p=951","title":{"rendered":"Cajasur entrega a la Brimz &#8216;Guzm\u00e1n el Bueno&#8217; X material escolar para los ni\u00f1os de L\u00edbano"},"content":{"rendered":"<p style=\"text-align: justify;\">Cajasur ha hecho entrega a la Brigada de Infanter\u00eda Mecanizada (Brimz) &#8216;Guzm\u00e1n el Bueno&#8217; X, en la base militar cordobesa de Cerro Muriano, de diverso material de ense\u00f1anza, destinado a los ni\u00f1os de L\u00edbano, con motivo del pr\u00f3ximo despliegue de efectivos de la Brimz X en el Sur del citado pa\u00eds de Oriente Pr\u00f3ximo.<\/p>\n<p style=\"text-align: justify;\">Seg\u00fan ha informado Cajasur, el acto de entrega ha sido realizado por el director de zona de Cajasur C\u00f3rdoba-Levante, Marcial L\u00f3pez, y por el director de la oficina de la entidad financiera en la propia base militar, \u00c1lvaro Guzm\u00e1n.<\/p>\n<p style=\"text-align: justify;\">En el transcurso del acto, L\u00f3pez ha elogiado la labor de las tropas espa\u00f1olas y mostr\u00f3 su confianza en que el material escolar aportado por Cajasur contribuya a mejorar la calidad de la educaci\u00f3n de los ni\u00f1os libaneses.<\/p>\n<p style=\"text-align: justify;\">Por \u00faltimo, el comandante Puente ha manifestado que \u00abpara todos los componentes del contingente ser\u00e1 un honor entregar este material al personal m\u00e1s necesitado\u00bb, confiando, adem\u00e1s, en que \u00abesta aportaci\u00f3n contribuir\u00e1 a mejorar la imagen de las tropas espa\u00f1olas en el Sur de L\u00edbano\u00bb.<\/p>\n","protected":false},"excerpt":{"rendered":"<p>Cajasur ha hecho entrega a la Brigada de Infanter\u00eda Mecanizada (Brimz) &#8216;Guzm\u00e1n el Bueno&#8217; X, en la base militar cordobesa de Cerro Muriano, de diverso material de ense\u00f1anza, destinado a los ni\u00f1os de L\u00edbano, con motivo del pr\u00f3ximo despliegue de efectivos de la Brimz X en el Sur del citado pa\u00eds de Oriente Pr\u00f3ximo. Seg\u00fan [&#038;hellip<\/p>\n","protected":false},"author":1,"featured_media":952,"comment_status":"closed","ping_status":"open","sticky":false,"template":"","format":"standard","meta":{"advanced_seo_description":"","spay_email":"","jetpack_publicize_message":"","jetpack_is_tweetstorm":false},"categories":[5],"tags":[4],"jetpack_featured_media_url":"https:\/\/i1.wp.com\/veracruzdemontilla.com\/wp-content\/uploads\/2014\/10\/escolar.jpg?fit=640%2C400","jetpack_publicize_connections":[],"wpmagazine_modules_lite_featured_media_urls":{"thumbnail":["https:\/\/i1.wp.com\/veracruzdemontilla.com\/wp-content\/uploads\/2014\/10\/escolar.jpg?resize=150%2C150",150,150,true],"cvmm-medium":["https:\/\/i1.wp.com\/veracruzdemontilla.com\/wp-content\/uploads\/2014\/10\/escolar.jpg?resize=300%2C300",300,300,true],"cvmm-medium-plus":["https:\/\/i1.wp.com\/veracruzdemontilla.com\/wp-content\/uploads\/2014\/10\/escolar.jpg?resize=305%2C207",305,207,true],"cvmm-portrait":["https:\/\/i1.wp.com\/veracruzdemontilla.com\/wp-content\/uploads\/2014\/10\/escolar.jpg?resize=400%2C400",400,400,true],"cvmm-medium-square":["https:\/\/i1.wp.com\/veracruzdemontilla.com\/wp-content\/uploads\/2014\/10\/escolar.jpg?resize=600%2C400",600,400,true],"cvmm-large":["https:\/\/i1.wp.com\/veracruzdemontilla.com\/wp-content\/uploads\/2014\/10\/escolar.jpg?resize=640%2C400",640,400,true],"cvmm-small":["https:\/\/i1.wp.com\/veracruzdemontilla.com\/wp-content\/uploads\/2014\/10\/escolar.jpg?resize=130%2C95",130,95,true],"full":["https:\/\/i1.wp.com\/veracruzdemontilla.com\/wp-content\/uploads\/2014\/10\/escolar.jpg?fit=640%2C400",640,400,false]},"categories_names":{"5":{"name":"Actualidad","link":"http:\/\/veracruzdemontilla.com\/?cat=5"}},"tags_names":{"4":{"name":"Favoritos","link":"http:\/\/veracruzdemontilla.com\/?tag=favoritos"}},"comments_number":"0","jetpack_sharing_enabled":true,"jetpack_shortlink":"https:\/\/wp.me\/p9INPk-fl","jetpack_likes_enabled":true,"jetpack-related-posts":[{"id":545,"url":"http:\/\/veracruzdemontilla.com\/?p=545","url_meta":{"origin":951,"position":0},"title":"Acompa\u00f1amos a nuestros hermanos de la brigada en el d\u00eda de la Inmaculada","date":"10 diciembre, 2013","format":false,"excerpt":"Nuestro Hermano Mayor Miguel Navarro, junto a Florencio Polonio y Antonio Luis Jim\u00e9nez, capataz y vocal de cultos respectivamente de nuestra hermandad, visitaron este domingo la Base Militar de Cerro Muriano que acogi\u00f3 la celebraci\u00f3n del \"d\u00eda grande\" de la Infanter\u00eda espa\u00f1ola, en el que se rinde homenaje a la\u2026","rel":"","context":"En \u00abActualidad\u00bb","img":{"alt_text":"","src":"https:\/\/i0.wp.com\/veracruzdemontilla.com\/wp-content\/uploads\/2013\/12\/brimz_inmaculada_01.jpg?fit=640%2C400&resize=350%2C200","width":350,"height":200},"classes":[]},{"id":590,"url":"http:\/\/veracruzdemontilla.com\/?p=590","url_meta":{"origin":951,"position":1},"title":"La Brigada se prepara para una posible nueva misi\u00f3n en L\u00edbano el pr\u00f3ximo a\u00f1o","date":"28 diciembre, 2013","format":false,"excerpt":"La Brigada de Infanter\u00eda Guzm\u00e1n el Bueno X (Brimz X) volver\u00e1 a centrarse durante el pr\u00f3ximo a\u00f1o en la preparaci\u00f3n de sus soldados ante una posible nueva misi\u00f3n en el exterior. El coronel Ruiz Olmos avanz\u00f3 ayer que los soldados de Cerro Muriano aprovechar\u00e1n \"cada minuto y cada recurso puestos\u2026","rel":"","context":"En \u00abActualidad\u00bb","img":{"alt_text":"","src":"https:\/\/i1.wp.com\/veracruzdemontilla.com\/wp-content\/uploads\/2013\/12\/brimz-x.jpg?fit=640%2C400&resize=350%2C200","width":350,"height":200},"classes":[]},{"id":1301,"url":"http:\/\/veracruzdemontilla.com\/?p=1301","url_meta":{"origin":951,"position":2},"title":"Un a\u00f1o m\u00e1s, la Brigada de Infanter\u00eda Mecanizada \u201cGuzm\u00e1n El Bueno\u201d X acompa\u00f1ar\u00e1 al Santo Cristo de Zacatecas","date":"22 marzo, 2016","format":false,"excerpt":"Un a\u00f1o m\u00e1s, la Banda de Cornetas y Tambores de la Brigada de Infanter\u00eda Mecanizada \u201cGuzm\u00e1n El Bueno\u201d X acompa\u00f1ar\u00e1 al Santo Cristo de Zacatecas y a su bendita Madre del Socorro en su\u00a0estaci\u00f3n de penitencia en esta tarde de\u00a0Martes Santo. La Brigada de Infanter\u00eda Mecanizada (Brimz) 'Guzm\u00e1n el Bueno'\u2026","rel":"","context":"En \u00abActualidad\u00bb","img":{"alt_text":"","src":"https:\/\/i0.wp.com\/veracruzdemontilla.com\/wp-content\/uploads\/2016\/03\/banda.jpg?fit=640%2C400&resize=350%2C200","width":350,"height":200},"classes":[]},{"id":1237,"url":"http:\/\/veracruzdemontilla.com\/?p=1237","url_meta":{"origin":951,"position":3},"title":"La Brimz vive su fiesta \u00abdisponible para responder\u00bb a m\u00e1s misiones","date":"11 diciembre, 2015","format":"video","excerpt":"Fuente y Foto: Diario C\u00f3rdoba V\u00eddeo: Cofrad\u00eda Vera Cruz Montilla La Brigada Mecanizada (Brimz) Guzm\u00e1n el Bueno X celebr\u00f3 el pasado martes\u00a0la festividad de la patrona del cuerpo de Infanter\u00eda, la Inmaculada Concepci\u00f3n, con un acto castrense en el que el general jefe, Antonio Ruiz Olmos, reivindic\u00f3 la \"fortaleza moral\"\u2026","rel":"","context":"En \u00abActualidad\u00bb","img":{"alt_text":"","src":"https:\/\/i1.wp.com\/veracruzdemontilla.com\/wp-content\/uploads\/2015\/12\/brimz_fiesta.jpg?fit=640%2C400&resize=350%2C200","width":350,"height":200},"classes":[]},{"id":489,"url":"http:\/\/veracruzdemontilla.com\/?p=489","url_meta":{"origin":951,"position":4},"title":"La Brimz X homenajea a los ca\u00eddos por la patria","date":"3 noviembre, 2013","format":false,"excerpt":"El Ej\u00e9rcito de Tierra celebr\u00f3 ayer como cada a\u00f1o el D\u00eda de los Ca\u00eddos por la Patria, en el que se homenaje\u00f3 a todos aquellos soldados que dieron su vida por Espa\u00f1a, rindiendo honores a todos los fallecidos, como reconocimiento a su m\u00e9rito, sacrificio y testimonio de respeto a sus\u2026","rel":"","context":"En \u00abActualidad\u00bb","img":{"alt_text":"","src":"https:\/\/i1.wp.com\/veracruzdemontilla.com\/wp-content\/uploads\/2013\/11\/inmaculada3.jpg?fit=640%2C399&resize=350%2C200","width":350,"height":200},"classes":[]},{"id":582,"url":"http:\/\/veracruzdemontilla.com\/?p=582","url_meta":{"origin":951,"position":5},"title":"Ruiz Olmos recibe la faja de general de la BRIMZ X","date":"20 diciembre, 2013","format":false,"excerpt":"El general jefe de las Fuerzas Pesadas, Miguel \u00c1lca\u00f1iz Comas, ha presidido esta ma\u00f1ana en el Oratorio San Felipe Neri\u00a0la imposici\u00f3n de la Faja al nuevo general de la Brigada de Infanter\u00eda Mecanizada \u00abGuzm\u00e1n El Bueno\u00bb Antonio Ruiz Olmos. Al acto han asisitido numerosas autoridades institucionales, civiles y militares, entre\u2026","rel":"","context":"En \u00abActualidad\u00bb","img":{"alt_text":"","src":"https:\/\/i2.wp.com\/veracruzdemontilla.com\/wp-content\/uploads\/2013\/12\/ruiz1-644x362.jpg?fit=644%2C362&resize=350%2C200","width":350,"height":200},"classes":[]}],"_links":{"self":[{"href":"http:\/\/veracruzdemontilla.com\/index.php?rest_route=\/wp\/v2\/posts\/951"}],"collection":[{"href":"http:\/\/veracruzdemontilla.com\/index.php?rest_route=\/wp\/v2\/posts"}],"about":[{"href":"http:\/\/veracruzdemontilla.com\/index.php?rest_route=\/wp\/v2\/types\/post"}],"author":[{"embeddable":true,"href":"http:\/\/veracruzdemontilla.com\/index.php?rest_route=\/wp\/v2\/users\/1"}],"replies":[{"embeddable":true,"href":"http:\/\/veracruzdemontilla.com\/index.php?rest_route=%2Fwp%2Fv2%2Fcomments&post=951"}],"version-history":[{"count":1,"href":"http:\/\/veracruzdemontilla.com\/index.php?rest_route=\/wp\/v2\/posts\/951\/revisions"}],"predecessor-version":[{"id":953,"href":"http:\/\/veracruzdemontilla.com\/index.php?rest_route=\/wp\/v2\/posts\/951\/revisions\/953"}],"wp:featuredmedia":[{"embeddable":true,"href":"http:\/\/veracruzdemontilla.com\/index.php?rest_route=\/wp\/v2\/media\/952"}],"wp:attachment":[{"href":"http:\/\/veracruzdemontilla.com\/index.php?rest_route=%2Fwp%2Fv2%2Fmedia&parent=951"}],"wp:term":[{"taxonomy":"category","embeddable":true,"href":"http:\/\/veracruzdemontilla.com\/index.php?rest_route=%2Fwp%2Fv2%2Fcategories&post=951"},{"taxonomy":"post_tag","embeddable":true,"href":"http:\/\/veracruzdemontilla.com\/index.php?rest_route=%2Fwp%2Fv2%2Ftags&post=951"}],"curies":[{"name":"wp","href":"https:\/\/api.w.org\/{rel}","templated":true}]}}