{"id":944,"date":"2014-10-12T15:42:03","date_gmt":"2014-10-12T13:42:03","guid":{"rendered":"http:\/\/veracruzdemontilla.com\/?p=944"},"modified":"2014-10-12T15:42:03","modified_gmt":"2014-10-12T13:42:03","slug":"la-brigada-guzman-el-bueno-x-celebra-un-acto-de-confirmacion-eclesiastica","status":"publish","type":"post","link":"http:\/\/veracruzdemontilla.com\/?p=944","title":{"rendered":"La Brigada Guzm\u00e1n el Bueno X celebra un acto de Confirmaci\u00f3n eclesi\u00e1stica"},"content":{"rendered":"<p style=\"text-align: justify;\">El Arzobispo General Castrense Juan del R\u00edo Mart\u00edn ha administrado el sacramento de la confirmaci\u00f3n a 57 componentes de la Brigada en el sal\u00f3n de actos del n\u00facleo oeste de la Base de Cerro Muriano.<\/p>\n<p style=\"text-align: justify;\">Al acto ha asistido el General Jefe de la Brigada de Infanter\u00eda Mecanizada \u201cGuzm\u00e1n el Bueno\u201d X Antonio Ruiz Olmos as\u00ed como los padrinos de los confirmandos y una representaci\u00f3n de los cuadros de mando y personal de tropa de la base de Cerro Muriano.<\/p>\n","protected":false},"excerpt":{"rendered":"<p>El Arzobispo General Castrense Juan del R\u00edo Mart\u00edn ha administrado el sacramento de la confirmaci\u00f3n a 57 componentes de la Brigada en el sal\u00f3n de actos del n\u00facleo oeste de la Base de Cerro Muriano. Al acto ha asistido el General Jefe de la Brigada de Infanter\u00eda Mecanizada \u201cGuzm\u00e1n el Bueno\u201d X Antonio Ruiz Olmos [&#038;hellip<\/p>\n","protected":false},"author":1,"featured_media":945,"comment_status":"closed","ping_status":"open","sticky":false,"template":"","format":"standard","meta":{"advanced_seo_description":"","spay_email":"","jetpack_publicize_message":"","jetpack_is_tweetstorm":false},"categories":[5],"tags":[4],"jetpack_featured_media_url":"https:\/\/i0.wp.com\/veracruzdemontilla.com\/wp-content\/uploads\/2014\/10\/confirmacion_brigada.jpg?fit=640%2C400","jetpack_publicize_connections":[],"wpmagazine_modules_lite_featured_media_urls":{"thumbnail":["https:\/\/i0.wp.com\/veracruzdemontilla.com\/wp-content\/uploads\/2014\/10\/confirmacion_brigada.jpg?resize=150%2C150",150,150,true],"cvmm-medium":["https:\/\/i0.wp.com\/veracruzdemontilla.com\/wp-content\/uploads\/2014\/10\/confirmacion_brigada.jpg?resize=300%2C300",300,300,true],"cvmm-medium-plus":["https:\/\/i0.wp.com\/veracruzdemontilla.com\/wp-content\/uploads\/2014\/10\/confirmacion_brigada.jpg?resize=305%2C207",305,207,true],"cvmm-portrait":["https:\/\/i0.wp.com\/veracruzdemontilla.com\/wp-content\/uploads\/2014\/10\/confirmacion_brigada.jpg?resize=400%2C400",400,400,true],"cvmm-medium-square":["https:\/\/i0.wp.com\/veracruzdemontilla.com\/wp-content\/uploads\/2014\/10\/confirmacion_brigada.jpg?resize=600%2C400",600,400,true],"cvmm-large":["https:\/\/i0.wp.com\/veracruzdemontilla.com\/wp-content\/uploads\/2014\/10\/confirmacion_brigada.jpg?resize=640%2C400",640,400,true],"cvmm-small":["https:\/\/i0.wp.com\/veracruzdemontilla.com\/wp-content\/uploads\/2014\/10\/confirmacion_brigada.jpg?resize=130%2C95",130,95,true],"full":["https:\/\/i0.wp.com\/veracruzdemontilla.com\/wp-content\/uploads\/2014\/10\/confirmacion_brigada.jpg?fit=640%2C400",640,400,false]},"categories_names":{"5":{"name":"Actualidad","link":"http:\/\/veracruzdemontilla.com\/?cat=5"}},"tags_names":{"4":{"name":"Favoritos","link":"http:\/\/veracruzdemontilla.com\/?tag=favoritos"}},"comments_number":"0","jetpack_sharing_enabled":true,"jetpack_shortlink":"https:\/\/wp.me\/p9INPk-fe","jetpack_likes_enabled":true,"jetpack-related-posts":[{"id":181,"url":"http:\/\/veracruzdemontilla.com\/?p=181","url_meta":{"origin":944,"position":0},"title":"El curso de la Escuela Taller Guzm\u00e1n El Bueno X llega a su fin","date":"20 junio, 2013","format":false,"excerpt":"LA CUARTA EDICION de la Escuela Taller Guzm\u00e1n El Bueno X, desarrollada en la base militar de Cerro Muriano en los \u00faltimos 6 meses, culmin\u00f3 ayer con un acto presidido por el subdelegado del Gobierno, Juan Jos\u00e9 Primo Jurado, junto a representantes de la brigada y la directora provincial del\u2026","rel":"","context":"En \u00abActualidad\u00bb","img":{"alt_text":"","src":"https:\/\/i0.wp.com\/veracruzdemontilla.com\/wp-content\/uploads\/2013\/07\/2006-11-17-Visita-a-Brigada-117.jpg?fit=1200%2C800&resize=350%2C200","width":350,"height":200},"classes":[]},{"id":951,"url":"http:\/\/veracruzdemontilla.com\/?p=951","url_meta":{"origin":944,"position":1},"title":"Cajasur entrega a la Brimz &#8216;Guzm\u00e1n el Bueno&#8217; X material escolar para los ni\u00f1os de L\u00edbano","date":"19 octubre, 2014","format":false,"excerpt":"Cajasur ha hecho entrega a la Brigada de Infanter\u00eda Mecanizada (Brimz) 'Guzm\u00e1n el Bueno' X, en la base militar cordobesa de Cerro Muriano, de diverso material de ense\u00f1anza, destinado a los ni\u00f1os de L\u00edbano, con motivo del pr\u00f3ximo despliegue de efectivos de la Brimz X en el Sur del citado\u2026","rel":"","context":"En \u00abActualidad\u00bb","img":{"alt_text":"","src":"https:\/\/i1.wp.com\/veracruzdemontilla.com\/wp-content\/uploads\/2014\/10\/escolar.jpg?fit=640%2C400&resize=350%2C200","width":350,"height":200},"classes":[]},{"id":1261,"url":"http:\/\/veracruzdemontilla.com\/?p=1261","url_meta":{"origin":944,"position":2},"title":"La Brigada Guzm\u00e1n el Bueno vuelve a L\u00edbano a final de a\u00f1o","date":"26 enero, 2016","format":false,"excerpt":"La quinta parte de los efectivos de la Brigada Guzm\u00e1n el Bueno X, con base en Cerro Muriano, liderar\u00e1 el contingente que Espa\u00f1a enviar\u00e1 a finales de a\u00f1o al Sur del L\u00edbano para relevar a las fuerzas en misi\u00f3n de paz de la ONU, una noticia que ayer confirm\u00f3 el\u2026","rel":"","context":"En \u00abActualidad\u00bb","img":{"alt_text":"","src":"https:\/\/i1.wp.com\/veracruzdemontilla.com\/wp-content\/uploads\/2016\/01\/IMG-20150227-WA0050.jpg?fit=640%2C400&resize=350%2C200","width":350,"height":200},"classes":[]},{"id":1301,"url":"http:\/\/veracruzdemontilla.com\/?p=1301","url_meta":{"origin":944,"position":3},"title":"Un a\u00f1o m\u00e1s, la Brigada de Infanter\u00eda Mecanizada \u201cGuzm\u00e1n El Bueno\u201d X acompa\u00f1ar\u00e1 al Santo Cristo de Zacatecas","date":"22 marzo, 2016","format":false,"excerpt":"Un a\u00f1o m\u00e1s, la Banda de Cornetas y Tambores de la Brigada de Infanter\u00eda Mecanizada \u201cGuzm\u00e1n El Bueno\u201d X acompa\u00f1ar\u00e1 al Santo Cristo de Zacatecas y a su bendita Madre del Socorro en su\u00a0estaci\u00f3n de penitencia en esta tarde de\u00a0Martes Santo. La Brigada de Infanter\u00eda Mecanizada (Brimz) 'Guzm\u00e1n el Bueno'\u2026","rel":"","context":"En \u00abActualidad\u00bb","img":{"alt_text":"","src":"https:\/\/i0.wp.com\/veracruzdemontilla.com\/wp-content\/uploads\/2016\/03\/banda.jpg?fit=640%2C400&resize=350%2C200","width":350,"height":200},"classes":[]},{"id":1563,"url":"http:\/\/veracruzdemontilla.com\/?p=1563","url_meta":{"origin":944,"position":4},"title":"Relevo en el mando del Regimiento Acorazado \u201cC\u00f3rdoba\u201d 10","date":"19 diciembre, 2018","format":false,"excerpt":"Tras dos a\u00f1os al frente del Regimiento Acorazado \u201cC\u00f3rdoba\u201d 10, perteneciente a la Brigada \"Guzm\u00e1n El Bueno X\" y Hermano Mayor Honorario de nuestra Cofrad\u00eda, el Coronel \u00c1lvaro Capella Vicent ha cedido el mando al Coronel Antonio R. Bernal Mart\u00edn, quien ejercer\u00e1 de manera honor\u00edfica el cargo de hermano mayor\u2026","rel":"","context":"En \u00abActualidad\u00bb","img":{"alt_text":"Acto de entrega del Mando en la base de Cerro Muriano.","src":"https:\/\/i2.wp.com\/veracruzdemontilla.com\/wp-content\/uploads\/2018\/12\/OC1_2335-1024x683.jpg?fit=1024%2C683&resize=350%2C200","width":350,"height":200},"classes":[]},{"id":1219,"url":"http:\/\/veracruzdemontilla.com\/?p=1219","url_meta":{"origin":944,"position":5},"title":"La Brigada Guzm\u00e1n el Bueno X cierra los actos del Gran Capit\u00e1n","date":"29 noviembre, 2015","format":false,"excerpt":"La Brigada de Infanter\u00eda Mecanizada (Brimz) Guzm\u00e1n el Bueno X, con sede en Cerro Muriano, escogi\u00f3 ayer el castillo de Montilla, lugar en el que vio la luz El Gran Capit\u00e1n, para clausurar los actos conmemorativos del quinto centenario del fallecimiento del militar montillano. Y lo hizo con un sentido\u2026","rel":"","context":"En \u00abActualidad\u00bb","img":{"alt_text":"","src":"https:\/\/i0.wp.com\/veracruzdemontilla.com\/wp-content\/uploads\/2015\/11\/fingrancapitan.jpg?fit=640%2C400&resize=350%2C200","width":350,"height":200},"classes":[]}],"_links":{"self":[{"href":"http:\/\/veracruzdemontilla.com\/index.php?rest_route=\/wp\/v2\/posts\/944"}],"collection":[{"href":"http:\/\/veracruzdemontilla.com\/index.php?rest_route=\/wp\/v2\/posts"}],"about":[{"href":"http:\/\/veracruzdemontilla.com\/index.php?rest_route=\/wp\/v2\/types\/post"}],"author":[{"embeddable":true,"href":"http:\/\/veracruzdemontilla.com\/index.php?rest_route=\/wp\/v2\/users\/1"}],"replies":[{"embeddable":true,"href":"http:\/\/veracruzdemontilla.com\/index.php?rest_route=%2Fwp%2Fv2%2Fcomments&post=944"}],"version-history":[{"count":1,"href":"http:\/\/veracruzdemontilla.com\/index.php?rest_route=\/wp\/v2\/posts\/944\/revisions"}],"predecessor-version":[{"id":946,"href":"http:\/\/veracruzdemontilla.com\/index.php?rest_route=\/wp\/v2\/posts\/944\/revisions\/946"}],"wp:featuredmedia":[{"embeddable":true,"href":"http:\/\/veracruzdemontilla.com\/index.php?rest_route=\/wp\/v2\/media\/945"}],"wp:attachment":[{"href":"http:\/\/veracruzdemontilla.com\/index.php?rest_route=%2Fwp%2Fv2%2Fmedia&parent=944"}],"wp:term":[{"taxonomy":"category","embeddable":true,"href":"http:\/\/veracruzdemontilla.com\/index.php?rest_route=%2Fwp%2Fv2%2Fcategories&post=944"},{"taxonomy":"post_tag","embeddable":true,"href":"http:\/\/veracruzdemontilla.com\/index.php?rest_route=%2Fwp%2Fv2%2Ftags&post=944"}],"curies":[{"name":"wp","href":"https:\/\/api.w.org\/{rel}","templated":true}]}}