{"id":867,"date":"2014-06-19T13:33:51","date_gmt":"2014-06-19T11:33:51","guid":{"rendered":"http:\/\/veracruzdemontilla.com\/?p=867"},"modified":"2014-06-19T13:33:51","modified_gmt":"2014-06-19T11:33:51","slug":"corpus-christi","status":"publish","type":"post","link":"http:\/\/veracruzdemontilla.com\/?p=867","title":{"rendered":"Corpus Christi"},"content":{"rendered":"<p style=\"text-align: justify;\">Dentro de los actos religiosos de nuestro municipio, las iglesias y parroquias montillanas celebrar\u00e1n este domingo la festividad del Corpus Christi con la procesi\u00f3n extraordinaria\u00a0\u00a0del Sant\u00edsimo Sacramento, que este a\u00f1o ir\u00e1 acompa\u00f1ado de las Im\u00e1genes de La Divina Pastora, San Juan Bosco y Marcelo Esp\u00ednola, patronos y\/o fundadores de los tres colegios concertados de Montilla, a quienes se quiere agradecer la importante labor educativa que durante tantos a\u00f1os llevan a cabo en nuestra ciudad (Colegio San Luis, Colegio Salesiano y Colegio de la Asunci\u00f3n).<\/p>\n<p style=\"text-align: justify;\">Adem\u00e1s, como viene siendo habitual,\u00a0\u00a0participar\u00e1n numerosos ni\u00f1os y ni\u00f1as de Primera Comuni\u00f3n, as\u00ed como representantes de hermandades, autoridades civiles y religiosas, y numerosos montillanos.<\/p>\n<p style=\"text-align: justify;\">La celebraci\u00f3n de la solemnidad del Corpus Christi tendr\u00e1 lugar en la tarde del pr\u00f3ximo domingo 22 de junio, comenzando con la Santa Misa en la Parroquia de Santiago.\u00a0\u00a0A continuaci\u00f3n, la Sagrada Custodia saldr\u00e1 en Solemne Procesi\u00f3n para recorrer las calles de Montilla al ritmo de los sones lit\u00fargicos de la banda de la Uni\u00f3n.<\/p>\n","protected":false},"excerpt":{"rendered":"<p>Dentro de los actos religiosos de nuestro municipio, las iglesias y parroquias montillanas celebrar\u00e1n este domingo la festividad del Corpus Christi con la procesi\u00f3n extraordinaria\u00a0\u00a0del Sant\u00edsimo Sacramento, que este a\u00f1o ir\u00e1 acompa\u00f1ado de las Im\u00e1genes de La Divina Pastora, San Juan Bosco y Marcelo Esp\u00ednola, patronos y\/o fundadores de los tres colegios concertados de Montilla, [&#038;hellip<\/p>\n","protected":false},"author":1,"featured_media":871,"comment_status":"closed","ping_status":"open","sticky":false,"template":"","format":"standard","meta":{"advanced_seo_description":"","spay_email":"","jetpack_publicize_message":"","jetpack_is_tweetstorm":false},"categories":[5],"tags":[4],"jetpack_featured_media_url":"https:\/\/i1.wp.com\/veracruzdemontilla.com\/wp-content\/uploads\/2014\/06\/04-Corpus1-610x343.jpg?fit=640%2C400","jetpack_publicize_connections":[],"wpmagazine_modules_lite_featured_media_urls":{"thumbnail":["https:\/\/i1.wp.com\/veracruzdemontilla.com\/wp-content\/uploads\/2014\/06\/04-Corpus1-610x343.jpg?resize=150%2C150",150,150,true],"cvmm-medium":["https:\/\/i1.wp.com\/veracruzdemontilla.com\/wp-content\/uploads\/2014\/06\/04-Corpus1-610x343.jpg?resize=300%2C300",300,300,true],"cvmm-medium-plus":["https:\/\/i1.wp.com\/veracruzdemontilla.com\/wp-content\/uploads\/2014\/06\/04-Corpus1-610x343.jpg?resize=305%2C207",305,207,true],"cvmm-portrait":["https:\/\/i1.wp.com\/veracruzdemontilla.com\/wp-content\/uploads\/2014\/06\/04-Corpus1-610x343.jpg?resize=400%2C400",400,400,true],"cvmm-medium-square":["https:\/\/i1.wp.com\/veracruzdemontilla.com\/wp-content\/uploads\/2014\/06\/04-Corpus1-610x343.jpg?resize=600%2C400",600,400,true],"cvmm-large":["https:\/\/i1.wp.com\/veracruzdemontilla.com\/wp-content\/uploads\/2014\/06\/04-Corpus1-610x343.jpg?resize=640%2C400",640,400,true],"cvmm-small":["https:\/\/i1.wp.com\/veracruzdemontilla.com\/wp-content\/uploads\/2014\/06\/04-Corpus1-610x343.jpg?resize=130%2C95",130,95,true],"full":["https:\/\/i1.wp.com\/veracruzdemontilla.com\/wp-content\/uploads\/2014\/06\/04-Corpus1-610x343.jpg?fit=640%2C400",640,400,false]},"categories_names":{"5":{"name":"Actualidad","link":"http:\/\/veracruzdemontilla.com\/?cat=5"}},"tags_names":{"4":{"name":"Favoritos","link":"http:\/\/veracruzdemontilla.com\/?tag=favoritos"}},"comments_number":"0","jetpack_sharing_enabled":true,"jetpack_shortlink":"https:\/\/wp.me\/p9INPk-dZ","jetpack_likes_enabled":true,"jetpack-related-posts":[{"id":1109,"url":"http:\/\/veracruzdemontilla.com\/?p=1109","url_meta":{"origin":867,"position":0},"title":"Montilla se vuelca con el Corpus Christi","date":"8 junio, 2015","format":false,"excerpt":"Dentro de los actos religiosos de nuestro municipio, las iglesias y parroquias montillanas han celebrado\u00a0este domingo 7 de junio, la festividad del Corpus Christi con la procesi\u00f3n extraordinaria\u00a0\u00a0del Sant\u00edsimo Sacramento y en la que,\u00a0como viene siendo habitual,\u00a0\u00a0participaron numerosos ni\u00f1os y ni\u00f1as de Primera Comuni\u00f3n, as\u00ed como representantes de hermandades, autoridades\u2026","rel":"","context":"En \u00abActualidad\u00bb","img":{"alt_text":"","src":"https:\/\/i2.wp.com\/veracruzdemontilla.com\/wp-content\/uploads\/2015\/06\/corpus2015.jpg?fit=640%2C400&resize=350%2C200","width":350,"height":200},"classes":[]},{"id":873,"url":"http:\/\/veracruzdemontilla.com\/?p=873","url_meta":{"origin":867,"position":1},"title":"Un a\u00f1o m\u00e1s en la procesi\u00f3n del Corpus Christi","date":"23 junio, 2014","format":false,"excerpt":"Un a\u00f1os m\u00e1s nuestra Cofrad\u00eda\u00a0particip\u00f3 en la tarde de ayer, domingo 22 de junio,\u00a0en la procesi\u00f3n del Corpus Christi organizada por\u00a0\u00a0las Parroquias montillanas y la Agrupaci\u00f3n de Cofrad\u00edas. Nuestra Hermandad acompa\u00f1\u00f3 a Jes\u00fas Sacramentado por las calles del centro ocupando como es tradicional su lugar asignado, al igual que el\u2026","rel":"","context":"En \u00abActualidad\u00bb","img":{"alt_text":"","src":"https:\/\/i1.wp.com\/veracruzdemontilla.com\/wp-content\/uploads\/2014\/06\/corpus.jpg?fit=640%2C400&resize=350%2C200","width":350,"height":200},"classes":[]},{"id":7,"url":"http:\/\/veracruzdemontilla.com\/?p=7","url_meta":{"origin":867,"position":2},"title":"Pr\u00f3ximo domingo 2 de junio, Solemnidad del Corpus Christi 2013","date":"28 mayo, 2013","format":false,"excerpt":"\u00a0SANTA MISA a las 6 de la tarde en la Parroquia de Santiago Ap\u00f3stol. \u00a0A continuaci\u00f3n, PROCESI\u00d3N GENERAL con el siguiente recorrido: Iglesia, Gran Capit\u00e1n, San Juan de Dios, San Luis, Alta y Baja, Aleluya, Blanco, Enfermer\u00eda, Pozo Dulce, Blanca, San Sebasti\u00e1n, Virgen del Carmen, Gavia, San Francisco Solano, Santa\u2026","rel":"","context":"En \u00abActualidad\u00bb","img":{"alt_text":"","src":"https:\/\/i1.wp.com\/veracruzdemontilla.com\/wp-content\/uploads\/2013\/05\/corpus.jpg?fit=1200%2C800&resize=350%2C200","width":350,"height":200},"classes":[]},{"id":792,"url":"http:\/\/veracruzdemontilla.com\/?p=792","url_meta":{"origin":867,"position":3},"title":"Nueva imagen del altar mayor de nuestra parroquia","date":"4 mayo, 2014","format":false,"excerpt":"El altar mayor de la Parroquia de Santiago, luce de manera especial, tras el montaje del nuevo templete que preside la valiosa custodia que procesiona por las calles de nuestra ciudad cada festividad del Corpus Christi. Emplazado en el lugar que ocupaba el primitivo, esta nueva construcci\u00f3n, viene a completar\u2026","rel":"","context":"En \u00abActualidad\u00bb","img":{"alt_text":"","src":"https:\/\/i1.wp.com\/veracruzdemontilla.com\/wp-content\/uploads\/2014\/05\/altar.jpg?fit=640%2C400&resize=350%2C200","width":350,"height":200},"classes":[]},{"id":1592,"url":"http:\/\/veracruzdemontilla.com\/?p=1592","url_meta":{"origin":867,"position":4},"title":"Visitas escolares a la Parroquia de Santiago &#8211; Viernes de Dolores","date":"8 abril, 2019","format":false,"excerpt":"Durante la ma\u00f1ana del pr\u00f3ximo Viernes de Dolores 12 de abril, la Parroquia Mayor de Santiago, sede can\u00f3nica de la Cofrad\u00eda Penitencial de la Santa Vera Cruz, permanecer\u00e1 abierta al p\u00fablico en horario de 9.00\u00a0h a 14.00 h para recibir la visita de los centros educativos concertados de Montilla, Colegio\u2026","rel":"","context":"En \u00abActualidad\u00bb","img":{"alt_text":"","src":"https:\/\/i2.wp.com\/veracruzdemontilla.com\/wp-content\/uploads\/2019\/04\/Noticia-Viernes-Dolores.jpg?fit=1200%2C799&resize=350%2C200","width":350,"height":200},"classes":[]},{"id":554,"url":"http:\/\/veracruzdemontilla.com\/?p=554","url_meta":{"origin":867,"position":5},"title":"Dos celebraciones de singular relevancia","date":"10 diciembre, 2013","format":false,"excerpt":"El pasado fin de semana nuestra Cofrad\u00eda vivi\u00f3 dos celebraciones de singular relevancia. Con motivo del Besamanos Solidario que un a\u00f1o m\u00e1s organiz\u00f3 la Agrupaci\u00f3n de Cofrad\u00edas, nuestra Titular Mar\u00eda Sant\u00edsima del Socorro, sali\u00f3 a las calles de nuestro pueblo desde la Parroquia de Santiago Ap\u00f3stol hasta la Bas\u00edlica Pontificia\u2026","rel":"","context":"En \u00abActualidad\u00bb","img":{"alt_text":"","src":"https:\/\/i1.wp.com\/veracruzdemontilla.com\/wp-content\/uploads\/2013\/12\/traslado01.jpg?fit=640%2C400&resize=350%2C200","width":350,"height":200},"classes":[]}],"_links":{"self":[{"href":"http:\/\/veracruzdemontilla.com\/index.php?rest_route=\/wp\/v2\/posts\/867"}],"collection":[{"href":"http:\/\/veracruzdemontilla.com\/index.php?rest_route=\/wp\/v2\/posts"}],"about":[{"href":"http:\/\/veracruzdemontilla.com\/index.php?rest_route=\/wp\/v2\/types\/post"}],"author":[{"embeddable":true,"href":"http:\/\/veracruzdemontilla.com\/index.php?rest_route=\/wp\/v2\/users\/1"}],"replies":[{"embeddable":true,"href":"http:\/\/veracruzdemontilla.com\/index.php?rest_route=%2Fwp%2Fv2%2Fcomments&post=867"}],"version-history":[{"count":4,"href":"http:\/\/veracruzdemontilla.com\/index.php?rest_route=\/wp\/v2\/posts\/867\/revisions"}],"predecessor-version":[{"id":872,"href":"http:\/\/veracruzdemontilla.com\/index.php?rest_route=\/wp\/v2\/posts\/867\/revisions\/872"}],"wp:featuredmedia":[{"embeddable":true,"href":"http:\/\/veracruzdemontilla.com\/index.php?rest_route=\/wp\/v2\/media\/871"}],"wp:attachment":[{"href":"http:\/\/veracruzdemontilla.com\/index.php?rest_route=%2Fwp%2Fv2%2Fmedia&parent=867"}],"wp:term":[{"taxonomy":"category","embeddable":true,"href":"http:\/\/veracruzdemontilla.com\/index.php?rest_route=%2Fwp%2Fv2%2Fcategories&post=867"},{"taxonomy":"post_tag","embeddable":true,"href":"http:\/\/veracruzdemontilla.com\/index.php?rest_route=%2Fwp%2Fv2%2Ftags&post=867"}],"curies":[{"name":"wp","href":"https:\/\/api.w.org\/{rel}","templated":true}]}}