{"id":859,"date":"2014-06-09T15:51:01","date_gmt":"2014-06-09T13:51:01","guid":{"rendered":"http:\/\/veracruzdemontilla.com\/?p=859"},"modified":"2014-06-09T15:51:39","modified_gmt":"2014-06-09T13:51:39","slug":"miles-de-espectadores-abarrotaron-los-cuatro-enclaves-de-la-existosa-cita-musical","status":"publish","type":"post","link":"http:\/\/veracruzdemontilla.com\/?p=859","title":{"rendered":"Miles de espectadores abarrotaron los cuatro enclaves de la existosa cita musical"},"content":{"rendered":"<p class=\"p story-texto\" style=\"color: #080808; text-align: justify;\"><em><strong>Nuestra Cofrad\u00eda, organiz\u00f3\u00a0la barra de la III Noche Blanca de Montilla, en el Castillo del Gran Capit\u00e1n, atendiendo a todos los que hasta all\u00ed se acercaron para disfrutar del escenario de flamenco.<\/strong><\/em><\/p>\n<p class=\"p story-texto\" style=\"color: #080808; text-align: justify;\">\u00c9xito sin paliativos. La tercera edici\u00f3n de la Noche Blanca de Montilla congreg\u00f3 ayer a miles de espectadores en los cuatro espacios del Casco Hist\u00f3rico que acogieron las distintas actuaciones, en las que participaron en torno a 200 m\u00fasicos.<\/p>\n<p class=\"p story-texto\" style=\"color: #080808;\"><a href=\"https:\/\/i2.wp.com\/veracruzdemontilla.com\/wp-content\/uploads\/2014\/06\/NB2014_02.jpg\"><img data-attachment-id=\"861\" data-permalink=\"http:\/\/veracruzdemontilla.com\/?attachment_id=861\" data-orig-file=\"https:\/\/i2.wp.com\/veracruzdemontilla.com\/wp-content\/uploads\/2014\/06\/NB2014_02.jpg?fit=640%2C400\" data-orig-size=\"640,400\" data-comments-opened=\"0\" data-image-meta=\"{&quot;aperture&quot;:&quot;0&quot;,&quot;credit&quot;:&quot;&quot;,&quot;camera&quot;:&quot;&quot;,&quot;caption&quot;:&quot;&quot;,&quot;created_timestamp&quot;:&quot;0&quot;,&quot;copyright&quot;:&quot;&quot;,&quot;focal_length&quot;:&quot;0&quot;,&quot;iso&quot;:&quot;0&quot;,&quot;shutter_speed&quot;:&quot;0&quot;,&quot;title&quot;:&quot;&quot;}\" data-image-title=\"NB2014_02\" data-image-description=\"\" data-image-caption=\"\" data-medium-file=\"https:\/\/i2.wp.com\/veracruzdemontilla.com\/wp-content\/uploads\/2014\/06\/NB2014_02.jpg?fit=300%2C187\" data-large-file=\"https:\/\/i2.wp.com\/veracruzdemontilla.com\/wp-content\/uploads\/2014\/06\/NB2014_02.jpg?fit=640%2C400\" loading=\"lazy\" class=\"size-full wp-image-861 aligncenter\" src=\"https:\/\/i2.wp.com\/veracruzdemontilla.com\/wp-content\/uploads\/2014\/06\/NB2014_02.jpg?resize=600%2C400\" alt=\"NB2014_02\" width=\"600\" height=\"400\" srcset=\"https:\/\/i2.wp.com\/veracruzdemontilla.com\/wp-content\/uploads\/2014\/06\/NB2014_02.jpg?zoom=2&amp;resize=600%2C400 1200w, https:\/\/i2.wp.com\/veracruzdemontilla.com\/wp-content\/uploads\/2014\/06\/NB2014_02.jpg?zoom=3&amp;resize=600%2C400 1800w\" sizes=\"(max-width: 600px) 100vw, 600px\" data-recalc-dims=\"1\" \/><\/a><\/p>\n<p class=\"p story-texto\" style=\"color: #080808; text-align: justify;\">La cita comenz\u00f3 a las 22.30 de la noche y ech\u00f3 el cierre bien entrada la madrugada. Un total de 16 grupos y otros tantos artistas ofrecieron lo mejor de su repertorio en el <strong>castillo del Gran Capit\u00e1n<\/strong>, la plaza de La Rosa, el Llano de Palacio y el Llanete de San Agust\u00edn que, por vez primera, se sumaba a esta fiesta musical organizada desde el Ayuntamiento.<\/p>\n<p class=\"p story-texto\" style=\"text-align: justify;\">El castillo fue el escenario escogido para el flamenco, con la participaci\u00f3n estelar de <strong>Antonio Jos\u00e9 Mej\u00edas<\/strong>, aunque justo es citar otros int\u00e9rpretes que lograron atraer al respetable como Paco Cobos y Rafael Delgado; Josele y Agust\u00edn Ortega, o Jos\u00e9 Carlos y Manuel Luque.<\/p>\n<p class=\"p story-texto\"><a href=\"https:\/\/i2.wp.com\/veracruzdemontilla.com\/wp-content\/uploads\/2014\/06\/NB2014_01.jpg\"><img data-attachment-id=\"862\" data-permalink=\"http:\/\/veracruzdemontilla.com\/?attachment_id=862\" data-orig-file=\"https:\/\/i2.wp.com\/veracruzdemontilla.com\/wp-content\/uploads\/2014\/06\/NB2014_01.jpg?fit=640%2C400\" data-orig-size=\"640,400\" data-comments-opened=\"0\" data-image-meta=\"{&quot;aperture&quot;:&quot;0&quot;,&quot;credit&quot;:&quot;&quot;,&quot;camera&quot;:&quot;&quot;,&quot;caption&quot;:&quot;&quot;,&quot;created_timestamp&quot;:&quot;0&quot;,&quot;copyright&quot;:&quot;&quot;,&quot;focal_length&quot;:&quot;0&quot;,&quot;iso&quot;:&quot;0&quot;,&quot;shutter_speed&quot;:&quot;0&quot;,&quot;title&quot;:&quot;&quot;}\" data-image-title=\"NB2014_01\" data-image-description=\"\" data-image-caption=\"\" data-medium-file=\"https:\/\/i2.wp.com\/veracruzdemontilla.com\/wp-content\/uploads\/2014\/06\/NB2014_01.jpg?fit=300%2C187\" data-large-file=\"https:\/\/i2.wp.com\/veracruzdemontilla.com\/wp-content\/uploads\/2014\/06\/NB2014_01.jpg?fit=640%2C400\" loading=\"lazy\" class=\"size-full wp-image-862 aligncenter\" src=\"https:\/\/i2.wp.com\/veracruzdemontilla.com\/wp-content\/uploads\/2014\/06\/NB2014_01.jpg?resize=600%2C400\" alt=\"NB2014_01\" width=\"600\" height=\"400\" srcset=\"https:\/\/i2.wp.com\/veracruzdemontilla.com\/wp-content\/uploads\/2014\/06\/NB2014_01.jpg?zoom=2&amp;resize=600%2C400 1200w, https:\/\/i2.wp.com\/veracruzdemontilla.com\/wp-content\/uploads\/2014\/06\/NB2014_01.jpg?zoom=3&amp;resize=600%2C400 1800w\" sizes=\"(max-width: 600px) 100vw, 600px\" data-recalc-dims=\"1\" \/><\/a><\/p>\n<p class=\"p story-texto\" style=\"text-align: justify;\">A estos\u00a0artistas locales del cante los present\u00f3 el flamenc\u00f3logo Manuel Ruiz Hidalgo, miembro de la pe\u00f1a flamenca El Lucero.<\/p>\n","protected":false},"excerpt":{"rendered":"<p>Nuestra Cofrad\u00eda, organiz\u00f3\u00a0la barra de la III Noche Blanca de Montilla, en el Castillo del Gran Capit\u00e1n, atendiendo a todos los que hasta all\u00ed se acercaron para disfrutar del escenario de flamenco. \u00c9xito sin paliativos. La tercera edici\u00f3n de la Noche Blanca de Montilla congreg\u00f3 ayer a miles de espectadores en los cuatro espacios del [&#038;hellip<\/p>\n","protected":false},"author":1,"featured_media":860,"comment_status":"closed","ping_status":"open","sticky":false,"template":"","format":"standard","meta":{"advanced_seo_description":"","spay_email":"","jetpack_publicize_message":"","jetpack_is_tweetstorm":false},"categories":[5],"tags":[4],"jetpack_featured_media_url":"https:\/\/i1.wp.com\/veracruzdemontilla.com\/wp-content\/uploads\/2014\/06\/IMG-20140608-WA0012.jpg?fit=800%2C450","jetpack_publicize_connections":[],"wpmagazine_modules_lite_featured_media_urls":{"thumbnail":["https:\/\/i1.wp.com\/veracruzdemontilla.com\/wp-content\/uploads\/2014\/06\/IMG-20140608-WA0012.jpg?resize=150%2C150",150,150,true],"cvmm-medium":["https:\/\/i1.wp.com\/veracruzdemontilla.com\/wp-content\/uploads\/2014\/06\/IMG-20140608-WA0012.jpg?resize=300%2C300",300,300,true],"cvmm-medium-plus":["https:\/\/i1.wp.com\/veracruzdemontilla.com\/wp-content\/uploads\/2014\/06\/IMG-20140608-WA0012.jpg?resize=305%2C207",305,207,true],"cvmm-portrait":["https:\/\/i1.wp.com\/veracruzdemontilla.com\/wp-content\/uploads\/2014\/06\/IMG-20140608-WA0012.jpg?resize=400%2C450",400,450,true],"cvmm-medium-square":["https:\/\/i1.wp.com\/veracruzdemontilla.com\/wp-content\/uploads\/2014\/06\/IMG-20140608-WA0012.jpg?resize=600%2C450",600,450,true],"cvmm-large":["https:\/\/i1.wp.com\/veracruzdemontilla.com\/wp-content\/uploads\/2014\/06\/IMG-20140608-WA0012.jpg?resize=800%2C450",800,450,true],"cvmm-small":["https:\/\/i1.wp.com\/veracruzdemontilla.com\/wp-content\/uploads\/2014\/06\/IMG-20140608-WA0012.jpg?resize=130%2C95",130,95,true],"full":["https:\/\/i1.wp.com\/veracruzdemontilla.com\/wp-content\/uploads\/2014\/06\/IMG-20140608-WA0012.jpg?fit=800%2C450",800,450,false]},"categories_names":{"5":{"name":"Actualidad","link":"http:\/\/veracruzdemontilla.com\/?cat=5"}},"tags_names":{"4":{"name":"Favoritos","link":"http:\/\/veracruzdemontilla.com\/?tag=favoritos"}},"comments_number":"0","jetpack_sharing_enabled":true,"jetpack_shortlink":"https:\/\/wp.me\/p9INPk-dR","jetpack_likes_enabled":true,"jetpack-related-posts":[{"id":839,"url":"http:\/\/veracruzdemontilla.com\/?p=839","url_meta":{"origin":859,"position":0},"title":"Este a\u00f1o estaremos nuevamente en la Noche Blanca","date":"2 junio, 2014","format":false,"excerpt":"La tercera edici\u00f3n de la Noche Blanca llenar\u00e1 el centro de Montilla de m\u00fasica el pr\u00f3ximo 7 de junio con cuatro escenarios y un apretado programa de actuaciones que se suceder\u00e1n hasta bien entrada la madrugada.\u00a0La inauguraci\u00f3n oficial tendr\u00e1 lugar a las 22:30 en la plaza de la Rosa con\u2026","rel":"","context":"En \u00abActualidad\u00bb","img":{"alt_text":"","src":"https:\/\/i1.wp.com\/veracruzdemontilla.com\/wp-content\/uploads\/2014\/06\/NB2013.jpg?fit=640%2C400&resize=350%2C200","width":350,"height":200},"classes":[]},{"id":1113,"url":"http:\/\/veracruzdemontilla.com\/?p=1113","url_meta":{"origin":859,"position":1},"title":"IV Noche Blanca en el Castillo del Gran Capit\u00e1n","date":"12 junio, 2015","format":false,"excerpt":"Nuestra Cofrad\u00eda, organiz\u00f3\u00a0la barra de la IV\u00a0Noche Blanca de Montilla, en el Castillo del Gran Capit\u00e1n, atendiendo a todos los que hasta all\u00ed se acercaron para disfrutar del escenario de flamenco. Tras el \u00e9xito obtenido en las ediciones anteriores, el pasado 6 de junio \u00a0se celebr\u00f3\u00a0la cuarta edici\u00f3n de la\u2026","rel":"","context":"En \u00abActualidad\u00bb","img":{"alt_text":"","src":"https:\/\/i1.wp.com\/veracruzdemontilla.com\/wp-content\/uploads\/2015\/06\/nb2015.jpg?fit=640%2C400&resize=350%2C200","width":350,"height":200},"classes":[]},{"id":1432,"url":"http:\/\/veracruzdemontilla.com\/?p=1432","url_meta":{"origin":859,"position":2},"title":"\u00a1Qu\u00e9 verdadera tu cruz! a cuatro semanas para otro Martes Santo","date":"27 febrero, 2018","format":false,"excerpt":"ZACATECAS De carne de ca\u00f1a azteca\u2026 Se\u00f1or de la Vera Cruz y Cristo de Zacatecas. El Divino navegante y El Dios del perfil extra\u00f1o, al que olvidaron los tiempos y al que empolvaron los a\u00f1os. Cuatro siglos de misterio gritan desde tu retablo, con un crujir de maderas y un\u2026","rel":"","context":"En \u00abActualidad\u00bb","img":{"alt_text":"","src":"","width":0,"height":0},"classes":[]},{"id":1222,"url":"http:\/\/veracruzdemontilla.com\/?p=1222","url_meta":{"origin":859,"position":3},"title":"Designaci\u00f3n de Pregonera y Cartel Oficial para la Semana Santa 2016","date":"29 noviembre, 2015","format":false,"excerpt":"Montilla, 27 de Noviembre de 2015. La Agrupaci\u00f3n de Cofrad\u00edas de Semana Santa de Montilla, reunida en Junta de Gobierno\u00a0Plenaria celebrada esta misma noche, ha tomado el acuerdo de designar como Pregonera de la\u00a0Semana Santa de 2016, a do\u00f1a Mar\u00eda Soledad G\u00f3mez Navarro. En la misma sesi\u00f3n se ha elegido\u2026","rel":"","context":"En \u00abActualidad\u00bb","img":{"alt_text":"","src":"https:\/\/i1.wp.com\/veracruzdemontilla.com\/wp-content\/uploads\/2015\/11\/pregonera2015.jpg?fit=640%2C400&resize=350%2C200","width":350,"height":200},"classes":[]},{"id":1241,"url":"http:\/\/veracruzdemontilla.com\/?p=1241","url_meta":{"origin":859,"position":4},"title":"La Virgen del Socorro cumple diez a\u00f1os tras su vuelta al culto","date":"14 diciembre, 2015","format":false,"excerpt":"Fuente: Diario C\u00f3rdoba Im\u00e1genes: Cofrad\u00eda Vera Cruz Los hermanos de la Cofrad\u00eda Penitencial de la Santa Vera Cruz conmemoraron ayer un importante aniversario. Hace diez a\u00f1os, el templo mayor de Montilla acogi\u00f3 una solemne ceremonia que ayer volvi\u00f3 a rememorarse con algunos de sus protagonistas de entonces presentes. El 11\u2026","rel":"","context":"En \u00abActualidad\u00bb","img":{"alt_text":"","src":"https:\/\/i2.wp.com\/veracruzdemontilla.com\/wp-content\/uploads\/2015\/12\/10a.jpg?fit=640%2C400&resize=350%2C200","width":350,"height":200},"classes":[]},{"id":1347,"url":"http:\/\/veracruzdemontilla.com\/?p=1347","url_meta":{"origin":859,"position":5},"title":"V\u00eda Crucis del Sant\u00edsimo Cristo de Zacatecas","date":"4 abril, 2017","format":false,"excerpt":"El pr\u00f3ximo s\u00e1bado, 8\u00a0de abril, \u00a0tendr\u00e1 lugar el V\u00eda Crucis de nuestro Titular, dando comienzo a las 20:30\u00a0de la noche, y realizando su recorrido, a hombros de nuestros costaleros, por diversas calles del popular barrio de La Escuchuela. El cortejo ser\u00e1\u00a0acompa\u00f1ado por nuestros hermanos y todos aquellos devotos y vecinos\u2026","rel":"","context":"En \u00abActualidad\u00bb","img":{"alt_text":"","src":"https:\/\/i2.wp.com\/veracruzdemontilla.com\/wp-content\/uploads\/2017\/04\/17.jpg?fit=640%2C400&resize=350%2C200","width":350,"height":200},"classes":[]}],"_links":{"self":[{"href":"http:\/\/veracruzdemontilla.com\/index.php?rest_route=\/wp\/v2\/posts\/859"}],"collection":[{"href":"http:\/\/veracruzdemontilla.com\/index.php?rest_route=\/wp\/v2\/posts"}],"about":[{"href":"http:\/\/veracruzdemontilla.com\/index.php?rest_route=\/wp\/v2\/types\/post"}],"author":[{"embeddable":true,"href":"http:\/\/veracruzdemontilla.com\/index.php?rest_route=\/wp\/v2\/users\/1"}],"replies":[{"embeddable":true,"href":"http:\/\/veracruzdemontilla.com\/index.php?rest_route=%2Fwp%2Fv2%2Fcomments&post=859"}],"version-history":[{"count":2,"href":"http:\/\/veracruzdemontilla.com\/index.php?rest_route=\/wp\/v2\/posts\/859\/revisions"}],"predecessor-version":[{"id":864,"href":"http:\/\/veracruzdemontilla.com\/index.php?rest_route=\/wp\/v2\/posts\/859\/revisions\/864"}],"wp:featuredmedia":[{"embeddable":true,"href":"http:\/\/veracruzdemontilla.com\/index.php?rest_route=\/wp\/v2\/media\/860"}],"wp:attachment":[{"href":"http:\/\/veracruzdemontilla.com\/index.php?rest_route=%2Fwp%2Fv2%2Fmedia&parent=859"}],"wp:term":[{"taxonomy":"category","embeddable":true,"href":"http:\/\/veracruzdemontilla.com\/index.php?rest_route=%2Fwp%2Fv2%2Fcategories&post=859"},{"taxonomy":"post_tag","embeddable":true,"href":"http:\/\/veracruzdemontilla.com\/index.php?rest_route=%2Fwp%2Fv2%2Ftags&post=859"}],"curies":[{"name":"wp","href":"https:\/\/api.w.org\/{rel}","templated":true}]}}