{"id":847,"date":"2014-06-09T13:04:22","date_gmt":"2014-06-09T11:04:22","guid":{"rendered":"http:\/\/veracruzdemontilla.com\/?p=847"},"modified":"2014-06-09T15:53:11","modified_gmt":"2014-06-09T13:53:11","slug":"847","status":"publish","type":"post","link":"http:\/\/veracruzdemontilla.com\/?p=847","title":{"rendered":"Video de la salida procesional de este a\u00f1o 2014"},"content":{"rendered":"<p style=\"text-align: justify;\">Como todos sabemos, y despu\u00e9s de dos a\u00f1os de inclemencias clim\u00e1ticas, este a\u00f1o hemos podido realizar nuestra\u00a0estaci\u00f3n de penitencia, comenzando en la reci\u00e9n remozada parroquia de Santiago.<\/p>\n<p style=\"text-align: justify;\">Nuestro cortejo, permiti\u00f3 contemplar de nuevo la impresionante imagen del Santo Cristo de Zacatecas y a Nuestra Madre Santa Mar\u00eda del Socorro, acompa\u00f1ados, como no pod\u00eda ser de otra manera,\u00a0<span class=\"a\" style=\"color: #3c3c3c;\">por la Banda de Cornetas y\u00a0<\/span><span class=\"a\" style=\"color: #3c3c3c;\">Tambores de la Brigada de Infanter\u00eda Mecanizada \u00abGuzm\u00e1n el Bueno\u00bb X, que completaba el\u00a0<\/span><span class=\"a\" style=\"color: #3c3c3c;\">recorrido junto a la tradicional escuadra de gastadores y banderines.<\/span><\/p>\n<p style=\"text-align: justify;\">Aqu\u00ed dejamos un video de la salida procesional de este a\u00f1o 2014. Esperamos que os guste.<\/p>\n<div style=\"position: relative; width: 600px;\"><object id=\"0\" width=\"600\" height=\"360\" type=\"application\/x-shockwave-flash\" data=\"\/videos\/player_flv_maxi.swf\"><param name=\"movie\" value=\/videos\/player_flv_maxi.swf \/><param name=\"wmode\" value=\"opaque\" \/><param name=\"allowFullScreen\" value=\"true\" \/><param name=\"allowScriptAccess\" value=\"sameDomain\" \/><param name=\"quality\" value=\"high\" \/><param name=\"menu\" value=\"true\" \/><param name=\"autoplay\" value=\"false\" \/><param name=\"autoload\" value=\"false\" \/><param name=\"FlashVars\" value=\"flv=\/videos\/VERACRUZ.flv&#038;width=600&#038;height=360&#038;autoplay=1&#038;autoload=0&#038;buffer=5&#038;buffermessage=&#038;playercolor=464646&#038;loadingcolor=999898&#038;buttoncolor=ffffff&#038;buttonovercolor=dddcdc&#038;slidercolor=ffffff&#038;sliderovercolor=dddcdc&#038;showvolume=1&#038;showfullscreen=1&#038;playeralpha=100&#038;title=VERACRUZ.flv&#038;margin=0&#038;buffershowbg=0\" \/><\/object><br \/>\n<a href=\"http:\/\/www.veracruzdemontilla.com\"><img style=\"background-color: transparent; position: absolute; top: 20px; right: 20px; z-index: 9999; border-style: none; opacity: 0.6; filter: alpha(opacity=60);\" src=\"https:\/\/i1.wp.com\/www.veracruzdemontilla.com\/videos\/logo_tv.png\" alt=\"Salida desfile procesional Vera Cruz 2014\" data-recalc-dims=\"1\" \/><\/a><\/div>\n","protected":false},"excerpt":{"rendered":"<p>Como todos sabemos, y despu\u00e9s de dos a\u00f1os de inclemencias clim\u00e1ticas, este a\u00f1o hemos podido realizar nuestra\u00a0estaci\u00f3n de penitencia, comenzando en la reci\u00e9n remozada parroquia de Santiago. Nuestro cortejo, permiti\u00f3 contemplar de nuevo la impresionante imagen del Santo Cristo de Zacatecas y a Nuestra Madre Santa Mar\u00eda del Socorro, acompa\u00f1ados, como no pod\u00eda ser de [&#038;hellip<\/p>\n","protected":false},"author":1,"featured_media":855,"comment_status":"closed","ping_status":"open","sticky":false,"template":"","format":"video","meta":{"advanced_seo_description":"","spay_email":"","jetpack_publicize_message":"","jetpack_is_tweetstorm":false},"categories":[5],"tags":[4],"jetpack_featured_media_url":"https:\/\/i1.wp.com\/veracruzdemontilla.com\/wp-content\/uploads\/2014\/06\/IMG_235151678160280.jpeg?fit=640%2C400","jetpack_publicize_connections":[],"wpmagazine_modules_lite_featured_media_urls":{"thumbnail":["https:\/\/i1.wp.com\/veracruzdemontilla.com\/wp-content\/uploads\/2014\/06\/IMG_235151678160280.jpeg?resize=150%2C150",150,150,true],"cvmm-medium":["https:\/\/i1.wp.com\/veracruzdemontilla.com\/wp-content\/uploads\/2014\/06\/IMG_235151678160280.jpeg?resize=300%2C300",300,300,true],"cvmm-medium-plus":["https:\/\/i1.wp.com\/veracruzdemontilla.com\/wp-content\/uploads\/2014\/06\/IMG_235151678160280.jpeg?resize=305%2C207",305,207,true],"cvmm-portrait":["https:\/\/i1.wp.com\/veracruzdemontilla.com\/wp-content\/uploads\/2014\/06\/IMG_235151678160280.jpeg?resize=400%2C400",400,400,true],"cvmm-medium-square":["https:\/\/i1.wp.com\/veracruzdemontilla.com\/wp-content\/uploads\/2014\/06\/IMG_235151678160280.jpeg?resize=600%2C400",600,400,true],"cvmm-large":["https:\/\/i1.wp.com\/veracruzdemontilla.com\/wp-content\/uploads\/2014\/06\/IMG_235151678160280.jpeg?resize=640%2C400",640,400,true],"cvmm-small":["https:\/\/i1.wp.com\/veracruzdemontilla.com\/wp-content\/uploads\/2014\/06\/IMG_235151678160280.jpeg?resize=130%2C95",130,95,true],"full":["https:\/\/i1.wp.com\/veracruzdemontilla.com\/wp-content\/uploads\/2014\/06\/IMG_235151678160280.jpeg?fit=640%2C400",640,400,false]},"categories_names":{"5":{"name":"Actualidad","link":"http:\/\/veracruzdemontilla.com\/?cat=5"}},"tags_names":{"4":{"name":"Favoritos","link":"http:\/\/veracruzdemontilla.com\/?tag=favoritos"}},"comments_number":"0","jetpack_sharing_enabled":true,"jetpack_shortlink":"https:\/\/wp.me\/s9INPk-847","jetpack_likes_enabled":true,"jetpack-related-posts":[{"id":930,"url":"http:\/\/veracruzdemontilla.com\/?p=930","url_meta":{"origin":847,"position":0},"title":"Salida extraordinaria de Nuestra Se\u00f1ora de la Merced de La Rambla","date":"25 septiembre, 2014","format":false,"excerpt":"En torno a las 9 de la noche\u00a0de ayer mi\u00e9rcoles 24 de septiembre, en el marco del XXV aniversario de la Fundaci\u00f3n de la Hermandad de la Caridad, Remedios y Merced de La Rambla, Nuestra Se\u00f1ora de la Merced procesion\u00f3 por las calles de La Rambla. Esta salida extraordinaria tuvo\u00a0lugar\u2026","rel":"","context":"En \u00abActualidad\u00bb","img":{"alt_text":"","src":"https:\/\/i1.wp.com\/veracruzdemontilla.com\/wp-content\/uploads\/2014\/09\/rambla01.jpg?fit=640%2C400&resize=350%2C200","width":350,"height":200},"classes":[]},{"id":1182,"url":"http:\/\/veracruzdemontilla.com\/?p=1182","url_meta":{"origin":847,"position":1},"title":"Un a\u00f1o m\u00e1s, ponemos en marcha nuestra rifa del mes de noviembre","date":"5 octubre, 2015","format":false,"excerpt":"Estimado\/a hermano\/a: Como viene siendo habitual en estas fechas, nos ponemos en contacto contigo para hacerte part\u00edcipe de las actividades que la Cofrad\u00eda Penitencial de la Santa Vera Cruz tiene previsto desarrollar a lo largo de los pr\u00f3ximos meses. Este nuevo curso que comenzamos nos traer\u00e1 acontecimientos importantes que celebraremos\u2026","rel":"","context":"En \u00abActualidad\u00bb","img":{"alt_text":"","src":"https:\/\/i0.wp.com\/veracruzdemontilla.com\/wp-content\/uploads\/2015\/10\/rifa2015.jpg?fit=640%2C400&resize=350%2C200","width":350,"height":200},"classes":[]},{"id":104,"url":"http:\/\/veracruzdemontilla.com\/?p=104","url_meta":{"origin":847,"position":2},"title":"El Regimiento de Infanter\u00eda Mecanizada C\u00f3rdoba n\u00ba 10","date":"8 enero, 2009","format":false,"excerpt":"El Regimiento de Infanter\u00eda Mecanizada C\u00f3rdoba 10 es desde 2008 Hermano Mayor Honorario de la Cofrad\u00eda Penitencial de la Santa Vera Cruz. En este art\u00edculo publicado en la Revista VERA+CRVX n\u00ba 5 (Cuaresma 2007), Antonio Hidalgo Salido de la C\u00e1tedra Gran Capit\u00e1n hace un repaso por los hitos principales que\u2026","rel":"","context":"En \u00abSin categor\u00eda\u00bb","img":{"alt_text":"","src":"","width":0,"height":0},"classes":[]},{"id":694,"url":"http:\/\/veracruzdemontilla.com\/?p=694","url_meta":{"origin":847,"position":3},"title":"Traslado de vuelta de Nuestros Sagrados Titulares","date":"6 abril, 2014","format":false,"excerpt":"La parroquia de Santiago, que como todos sabemos se encuentra cerrada por obras que afectan principalmente a la cubierta, reabrir\u00e1 al culto antes de Semana Santa, de forma que nuestra hermandad podr\u00e1 realizar su salida procesional con normalidad. \u00a0Exactamente, la iglesia quedar\u00e1 oficialmente abierta el pr\u00f3ximo mi\u00e9rcoles 9 de abril,\u2026","rel":"","context":"En \u00abActualidad\u00bb","img":{"alt_text":"","src":"https:\/\/i0.wp.com\/veracruzdemontilla.com\/wp-content\/uploads\/2014\/04\/trasladovuelta.jpg?fit=640%2C400&resize=350%2C200","width":350,"height":200},"classes":[]},{"id":2541,"url":"http:\/\/veracruzdemontilla.com\/?p=2541","url_meta":{"origin":847,"position":4},"title":"El solemne quinario abre las puertas a la cuaresma","date":"24 febrero, 2026","format":false,"excerpt":"Un a\u00f1o m\u00e1s la Cofrad\u00eda Penitencial de la Santa Vera Cruz ha celebrado el solemne quinario en honor al Santo Cristo de Zacatecas y Santa Mar\u00eda del Socorro.As\u00ed, este pasado 18 de febrero, Mi\u00e9rcoles de Ceniza, con el inicio del quinario, se cumplieron veinticinco a\u00f1os desde que la devoci\u00f3n crucera\u2026","rel":"","context":"En \u00abActualidad\u00bb","img":{"alt_text":"","src":"https:\/\/i2.wp.com\/veracruzdemontilla.com\/wp-content\/uploads\/2026\/02\/20260222-FiestaDe-Regla-18.jpg?fit=1200%2C800&resize=350%2C200","width":350,"height":200},"classes":[]},{"id":1411,"url":"http:\/\/veracruzdemontilla.com\/?p=1411","url_meta":{"origin":847,"position":5},"title":"La madrina de la Virgen del Socorro nombrada Hija Adoptiva de Montilla","date":"14 diciembre, 2017","format":false,"excerpt":"D\u00f1a. Mar\u00eda del Carmen Jim\u00e9nez-Alfaro y Salas, condesa de Prado Castellano y madrina de la imagen de nuestra titular, Mar\u00eda Sant\u00edsima del Socorro, fue nombrada anoche en el pleno ordinario de la corporaci\u00f3n municipal Hija Adoptiva de Montilla por unanimidad de todos los grupos pol\u00edticos. Tal y como public\u00f3 el\u2026","rel":"","context":"En \u00abActualidad\u00bb","img":{"alt_text":"","src":"https:\/\/i1.wp.com\/veracruzdemontilla.com\/wp-content\/uploads\/2017\/12\/B12.jpg?fit=1200%2C866&resize=350%2C200","width":350,"height":200},"classes":[]}],"_links":{"self":[{"href":"http:\/\/veracruzdemontilla.com\/index.php?rest_route=\/wp\/v2\/posts\/847"}],"collection":[{"href":"http:\/\/veracruzdemontilla.com\/index.php?rest_route=\/wp\/v2\/posts"}],"about":[{"href":"http:\/\/veracruzdemontilla.com\/index.php?rest_route=\/wp\/v2\/types\/post"}],"author":[{"embeddable":true,"href":"http:\/\/veracruzdemontilla.com\/index.php?rest_route=\/wp\/v2\/users\/1"}],"replies":[{"embeddable":true,"href":"http:\/\/veracruzdemontilla.com\/index.php?rest_route=%2Fwp%2Fv2%2Fcomments&post=847"}],"version-history":[{"count":11,"href":"http:\/\/veracruzdemontilla.com\/index.php?rest_route=\/wp\/v2\/posts\/847\/revisions"}],"predecessor-version":[{"id":865,"href":"http:\/\/veracruzdemontilla.com\/index.php?rest_route=\/wp\/v2\/posts\/847\/revisions\/865"}],"wp:featuredmedia":[{"embeddable":true,"href":"http:\/\/veracruzdemontilla.com\/index.php?rest_route=\/wp\/v2\/media\/855"}],"wp:attachment":[{"href":"http:\/\/veracruzdemontilla.com\/index.php?rest_route=%2Fwp%2Fv2%2Fmedia&parent=847"}],"wp:term":[{"taxonomy":"category","embeddable":true,"href":"http:\/\/veracruzdemontilla.com\/index.php?rest_route=%2Fwp%2Fv2%2Fcategories&post=847"},{"taxonomy":"post_tag","embeddable":true,"href":"http:\/\/veracruzdemontilla.com\/index.php?rest_route=%2Fwp%2Fv2%2Ftags&post=847"}],"curies":[{"name":"wp","href":"https:\/\/api.w.org\/{rel}","templated":true}]}}