{"id":839,"date":"2014-06-02T17:59:01","date_gmt":"2014-06-02T15:59:01","guid":{"rendered":"http:\/\/veracruzdemontilla.com\/?p=839"},"modified":"2014-06-02T17:59:01","modified_gmt":"2014-06-02T15:59:01","slug":"este-ano-estaremos-nuevamente-en-la-noche-blanca","status":"publish","type":"post","link":"http:\/\/veracruzdemontilla.com\/?p=839","title":{"rendered":"Este a\u00f1o estaremos nuevamente en la Noche Blanca"},"content":{"rendered":"<p style=\"text-align: justify;\"><span style=\"color: #000000;\">La tercera edici\u00f3n de la Noche Blanca llenar\u00e1 el centro de Montilla de m\u00fasica el pr\u00f3ximo 7 de junio con cuatro escenarios y un apretado programa de actuaciones que se suceder\u00e1n hasta bien entrada la madrugada.\u00a0La inauguraci\u00f3n oficial tendr\u00e1 lugar a las 22:30 en la plaza de la Rosa con el grupo Caf\u00e9 para Tres, que actuar\u00e1n como padrinos de la cita. A partir de ese momento, los conciertos se suceder\u00e1n en una cita que llena las calles del centro de montillanos y de visitantes de toda la comarca.<\/span><\/p>\n<p style=\"text-align: justify;\"><span style=\"color: #000000;\">Las actuaciones est\u00e1n programadas hasta las 03:30. Durante este tiempo, quienes asistan a los conciertos tienen la posibilidad de sellar un cart\u00f3n que podr\u00e1n depositar en una urna para participar en el sorteo de una tablet, una guitarra el\u00e9ctrica con amplificador y entradas a conciertos. Los cupones se sellar\u00e1n en las barras ubicadas junto a los escenarios.<\/span><\/p>\n<p style=\"text-align: justify;\"><span style=\"color: #000000;\">Las situadas en la plaza de la Rosa y el Llano de Palacio estar\u00e1n regentadas por los bares de la zona, mientras que las del <strong>Castillo<\/strong> y San Agust\u00edn ser\u00e1n montadas por las hermandades de <strong>la Vera Cruz<\/strong> y Jes\u00fas Nazareno, respectivamente.<\/span><\/p>\n<p style=\"text-align: justify;\">Descarga <a href=\"http:\/\/www.veracruzdemontilla.com\/videos\/programa_NB2014.pdf\"><strong>aqu\u00ed<\/strong> <\/a>el programa de actos de la Noche Blanca 2014.<\/p>\n","protected":false},"excerpt":{"rendered":"<p>La tercera edici\u00f3n de la Noche Blanca llenar\u00e1 el centro de Montilla de m\u00fasica el pr\u00f3ximo 7 de junio con cuatro escenarios y un apretado programa de actuaciones que se suceder\u00e1n hasta bien entrada la madrugada.\u00a0La inauguraci\u00f3n oficial tendr\u00e1 lugar a las 22:30 en la plaza de la Rosa con el grupo Caf\u00e9 para Tres, [&#038;hellip<\/p>\n","protected":false},"author":1,"featured_media":842,"comment_status":"closed","ping_status":"open","sticky":false,"template":"","format":"standard","meta":{"advanced_seo_description":"","spay_email":"","jetpack_publicize_message":"","jetpack_is_tweetstorm":false},"categories":[5],"tags":[4],"jetpack_featured_media_url":"https:\/\/i1.wp.com\/veracruzdemontilla.com\/wp-content\/uploads\/2014\/06\/NB2013.jpg?fit=640%2C400","jetpack_publicize_connections":[],"wpmagazine_modules_lite_featured_media_urls":{"thumbnail":["https:\/\/i1.wp.com\/veracruzdemontilla.com\/wp-content\/uploads\/2014\/06\/NB2013.jpg?resize=150%2C150",150,150,true],"cvmm-medium":["https:\/\/i1.wp.com\/veracruzdemontilla.com\/wp-content\/uploads\/2014\/06\/NB2013.jpg?resize=300%2C300",300,300,true],"cvmm-medium-plus":["https:\/\/i1.wp.com\/veracruzdemontilla.com\/wp-content\/uploads\/2014\/06\/NB2013.jpg?resize=305%2C207",305,207,true],"cvmm-portrait":["https:\/\/i1.wp.com\/veracruzdemontilla.com\/wp-content\/uploads\/2014\/06\/NB2013.jpg?resize=400%2C400",400,400,true],"cvmm-medium-square":["https:\/\/i1.wp.com\/veracruzdemontilla.com\/wp-content\/uploads\/2014\/06\/NB2013.jpg?resize=600%2C400",600,400,true],"cvmm-large":["https:\/\/i1.wp.com\/veracruzdemontilla.com\/wp-content\/uploads\/2014\/06\/NB2013.jpg?resize=640%2C400",640,400,true],"cvmm-small":["https:\/\/i1.wp.com\/veracruzdemontilla.com\/wp-content\/uploads\/2014\/06\/NB2013.jpg?resize=130%2C95",130,95,true],"full":["https:\/\/i1.wp.com\/veracruzdemontilla.com\/wp-content\/uploads\/2014\/06\/NB2013.jpg?fit=640%2C400",640,400,false]},"categories_names":{"5":{"name":"Actualidad","link":"http:\/\/veracruzdemontilla.com\/?cat=5"}},"tags_names":{"4":{"name":"Favoritos","link":"http:\/\/veracruzdemontilla.com\/?tag=favoritos"}},"comments_number":"0","jetpack_sharing_enabled":true,"jetpack_shortlink":"https:\/\/wp.me\/p9INPk-dx","jetpack_likes_enabled":true,"jetpack-related-posts":[{"id":859,"url":"http:\/\/veracruzdemontilla.com\/?p=859","url_meta":{"origin":839,"position":0},"title":"Miles de espectadores abarrotaron los cuatro enclaves de la existosa cita musical","date":"9 junio, 2014","format":false,"excerpt":"Nuestra Cofrad\u00eda, organiz\u00f3\u00a0la barra de la III Noche Blanca de Montilla, en el Castillo del Gran Capit\u00e1n, atendiendo a todos los que hasta all\u00ed se acercaron para disfrutar del escenario de flamenco. \u00c9xito sin paliativos. La tercera edici\u00f3n de la Noche Blanca de Montilla congreg\u00f3 ayer a miles de espectadores\u2026","rel":"","context":"En \u00abActualidad\u00bb","img":{"alt_text":"","src":"https:\/\/i1.wp.com\/veracruzdemontilla.com\/wp-content\/uploads\/2014\/06\/IMG-20140608-WA0012.jpg?fit=800%2C450&resize=350%2C200","width":350,"height":200},"classes":[]},{"id":1113,"url":"http:\/\/veracruzdemontilla.com\/?p=1113","url_meta":{"origin":839,"position":1},"title":"IV Noche Blanca en el Castillo del Gran Capit\u00e1n","date":"12 junio, 2015","format":false,"excerpt":"Nuestra Cofrad\u00eda, organiz\u00f3\u00a0la barra de la IV\u00a0Noche Blanca de Montilla, en el Castillo del Gran Capit\u00e1n, atendiendo a todos los que hasta all\u00ed se acercaron para disfrutar del escenario de flamenco. Tras el \u00e9xito obtenido en las ediciones anteriores, el pasado 6 de junio \u00a0se celebr\u00f3\u00a0la cuarta edici\u00f3n de la\u2026","rel":"","context":"En \u00abActualidad\u00bb","img":{"alt_text":"","src":"https:\/\/i1.wp.com\/veracruzdemontilla.com\/wp-content\/uploads\/2015\/06\/nb2015.jpg?fit=640%2C400&resize=350%2C200","width":350,"height":200},"classes":[]},{"id":1316,"url":"http:\/\/veracruzdemontilla.com\/?p=1316","url_meta":{"origin":839,"position":2},"title":"Las instalaciones de la Brimz X, las mejores del ej\u00e9rcito de tierra","date":"6 abril, 2016","format":false,"excerpt":"La Brigada de Infanter\u00eda Mecanizada \u00abGuzm\u00e1n el Bueno\u00bb X, con base en Cerro Muriano (C\u00f3rdoba), dispone, por un lado, de \u00abla mayor base que tienen las Fuerzas Armadas Espa\u00f1olas\u00bb, contando con su campo de tiro y maniobras, siendo tambi\u00e9n una de las mejores bases \u00abdel Ej\u00e9rcito de Tierra\u00bb, en cuanto\u2026","rel":"","context":"En \u00abActualidad\u00bb","img":{"alt_text":"","src":"https:\/\/i2.wp.com\/veracruzdemontilla.com\/wp-content\/uploads\/2016\/04\/Veracruz-Montilla-2016.jpg?fit=640%2C400&resize=350%2C200","width":350,"height":200},"classes":[]},{"id":2352,"url":"http:\/\/veracruzdemontilla.com\/?p=2352","url_meta":{"origin":839,"position":3},"title":"Dos misioneros de la Vera Cruz anunciar\u00e1n el Evangelio en Picota","date":"1 junio, 2025","format":false,"excerpt":"[Foto: Di\u00f3cesis de C\u00f3rdoba] La Vera Cruz y la Parroquia de Santiago Ap\u00f3stol de Montilla se har\u00e1n presentes este verano en la misi\u00f3n diocesana de Picota (Per\u00fa), gracias a la entrega y actitud de servicio de dos de sus hermanos, Miguel Navarro y Blanca Lucena, quienes viajar\u00e1n hasta la prelatura\u2026","rel":"","context":"En \u00abActualidad\u00bb","img":{"alt_text":"","src":"https:\/\/i0.wp.com\/veracruzdemontilla.com\/wp-content\/uploads\/2025\/06\/MG_6295.jpg?fit=900%2C600&resize=350%2C200","width":350,"height":200},"classes":[]},{"id":2383,"url":"http:\/\/veracruzdemontilla.com\/?p=2383","url_meta":{"origin":839,"position":4},"title":"C\u00f3rdoba se prepara para un hist\u00f3rico V\u00eda Crucis Magno el 11 de octubre","date":"27 junio, 2025","format":false,"excerpt":"El sal\u00f3n del trono del Palacio Episcopal acogi\u00f3 en la tarde de ayer la presentaci\u00f3n oficial del Magno V\u00eda Crucis El acto de presentaci\u00f3n congreg\u00f3 en la tarde de ayer a autoridades, organizadores y representantes de las hermandades participantes en el Palacio Episcopal con la intervenci\u00f3n del delegado diocesano de\u2026","rel":"","context":"En \u00abActualidad\u00bb","img":{"alt_text":"","src":"https:\/\/i2.wp.com\/veracruzdemontilla.com\/wp-content\/uploads\/2025\/06\/WhatsApp-Image-2025-06-27-at-00.08.51.jpeg?fit=1200%2C900&resize=350%2C200","width":350,"height":200},"classes":[]},{"id":260,"url":"http:\/\/veracruzdemontilla.com\/?p=260","url_meta":{"origin":839,"position":5},"title":"Visitas nocturnas a la Parroquia de Santiago","date":"19 julio, 2013","format":false,"excerpt":"Ante el inminente comienzo de las obras en la techumbre\u00a0 de la Parroquia de Santiago, el p\u00e1rroco Jos\u00e9 Almedina ha anunciado la puesta en marcha de una serie de actividades con el \u00fanico fin de poder sufragar los gastos econ\u00f3micos derivados de dichas obras. La primera iniciativa est\u00e1 relacionada con\u2026","rel":"","context":"En \u00abParroquia\u00bb","img":{"alt_text":"","src":"https:\/\/i1.wp.com\/veracruzdemontilla.com\/wp-content\/uploads\/2013\/07\/6599412527_dea7583404_z.jpg?fit=640%2C428&resize=350%2C200","width":350,"height":200},"classes":[]}],"_links":{"self":[{"href":"http:\/\/veracruzdemontilla.com\/index.php?rest_route=\/wp\/v2\/posts\/839"}],"collection":[{"href":"http:\/\/veracruzdemontilla.com\/index.php?rest_route=\/wp\/v2\/posts"}],"about":[{"href":"http:\/\/veracruzdemontilla.com\/index.php?rest_route=\/wp\/v2\/types\/post"}],"author":[{"embeddable":true,"href":"http:\/\/veracruzdemontilla.com\/index.php?rest_route=\/wp\/v2\/users\/1"}],"replies":[{"embeddable":true,"href":"http:\/\/veracruzdemontilla.com\/index.php?rest_route=%2Fwp%2Fv2%2Fcomments&post=839"}],"version-history":[{"count":2,"href":"http:\/\/veracruzdemontilla.com\/index.php?rest_route=\/wp\/v2\/posts\/839\/revisions"}],"predecessor-version":[{"id":841,"href":"http:\/\/veracruzdemontilla.com\/index.php?rest_route=\/wp\/v2\/posts\/839\/revisions\/841"}],"wp:featuredmedia":[{"embeddable":true,"href":"http:\/\/veracruzdemontilla.com\/index.php?rest_route=\/wp\/v2\/media\/842"}],"wp:attachment":[{"href":"http:\/\/veracruzdemontilla.com\/index.php?rest_route=%2Fwp%2Fv2%2Fmedia&parent=839"}],"wp:term":[{"taxonomy":"category","embeddable":true,"href":"http:\/\/veracruzdemontilla.com\/index.php?rest_route=%2Fwp%2Fv2%2Fcategories&post=839"},{"taxonomy":"post_tag","embeddable":true,"href":"http:\/\/veracruzdemontilla.com\/index.php?rest_route=%2Fwp%2Fv2%2Ftags&post=839"}],"curies":[{"name":"wp","href":"https:\/\/api.w.org\/{rel}","templated":true}]}}