{"id":832,"date":"2014-06-01T19:03:02","date_gmt":"2014-06-01T17:03:02","guid":{"rendered":"http:\/\/veracruzdemontilla.com\/?p=832"},"modified":"2014-06-01T19:03:02","modified_gmt":"2014-06-01T17:03:02","slug":"celebracion-del-sacramento-de-la-confirmacion","status":"publish","type":"post","link":"http:\/\/veracruzdemontilla.com\/?p=832","title":{"rendered":"Celebraci\u00f3n del Sacramento de la Confirmaci\u00f3n"},"content":{"rendered":"<p style=\"text-align: justify;\"><span style=\"color: #141823;\">En la ma\u00f1ana de hoy domingo 1 de junio, tal y como hemos venido informando, un numeroso grupo de montillanos y montillanas\u00a0cofrades, que se han venido preparando con la catequesis, han recibido el sacramento de la Confirmaci\u00f3n.<\/span><\/p>\n<p style=\"text-align: justify;\"><span style=\"color: #141823;\">En total han sido unas ciento\u00a0cincuenta personas de diferentes hermandades montillanas\u00a0las que han recibido\u00a0el don del Esp\u00edritu Santo en la celebraci\u00f3n presidida por el <span style=\"color: #000000;\">vicario\u00a0general de la di\u00f3cesis de\u00a0C\u00f3rdoba,\u00a0Francisco Jes\u00fas Orozco Meng\u00edbar\u00a0<\/span>y desarrollada en la Parroquia de Santiago.<\/span><\/p>\n<p style=\"text-align: justify;\"><span style=\"color: #141823;\">Hemos podido comprobar con satisfacci\u00f3n como algunos\u00a0hermanos y hermanas de nuestra Cofrad\u00eda, as\u00ed como miembros de otras hermandades, se confirmaban, habi\u00e9ndose preparado en otros grupos. Tambi\u00e9n a ellos los felicitamos con todo nuestro cari\u00f1o.<\/span><\/p>\n<p style=\"text-align: justify;\"><span style=\"color: #141823;\">Para la Cofrad\u00eda Penitencial de la Santa Vera Cruz ha sido un aut\u00e9ntico d\u00eda de fiesta. Han sido\u00a0muchos los cofrades del Santo Cristo de Zacatecas\u00a0y Nuestra Se\u00f1ora del Socorro los que han participado de una u otra forma en la celebraci\u00f3n ya que, adem\u00e1s de los confirmandos y sus padrinos, un buen n\u00famero de hermanos han estado presentes uni\u00e9ndose en la oraci\u00f3n y participando en la Eucarist\u00eda.\u00a0<\/span><\/p>\n<p><a href=\"https:\/\/i0.wp.com\/veracruzdemontilla.com\/wp-content\/uploads\/2014\/06\/confirmacion02.jpg\"><img data-attachment-id=\"834\" data-permalink=\"http:\/\/veracruzdemontilla.com\/?attachment_id=834\" data-orig-file=\"https:\/\/i0.wp.com\/veracruzdemontilla.com\/wp-content\/uploads\/2014\/06\/confirmacion02.jpg?fit=640%2C400\" data-orig-size=\"640,400\" data-comments-opened=\"0\" data-image-meta=\"{&quot;aperture&quot;:&quot;0&quot;,&quot;credit&quot;:&quot;&quot;,&quot;camera&quot;:&quot;&quot;,&quot;caption&quot;:&quot;&quot;,&quot;created_timestamp&quot;:&quot;0&quot;,&quot;copyright&quot;:&quot;&quot;,&quot;focal_length&quot;:&quot;0&quot;,&quot;iso&quot;:&quot;0&quot;,&quot;shutter_speed&quot;:&quot;0&quot;,&quot;title&quot;:&quot;&quot;}\" data-image-title=\"confirmacion02\" data-image-description=\"\" data-image-caption=\"\" data-medium-file=\"https:\/\/i0.wp.com\/veracruzdemontilla.com\/wp-content\/uploads\/2014\/06\/confirmacion02.jpg?fit=300%2C187\" data-large-file=\"https:\/\/i0.wp.com\/veracruzdemontilla.com\/wp-content\/uploads\/2014\/06\/confirmacion02.jpg?fit=640%2C400\" loading=\"lazy\" class=\"size-full wp-image-834 aligncenter\" src=\"https:\/\/i0.wp.com\/veracruzdemontilla.com\/wp-content\/uploads\/2014\/06\/confirmacion02.jpg?resize=600%2C375\" alt=\"confirmacion02\" width=\"600\" height=\"375\" srcset=\"https:\/\/i0.wp.com\/veracruzdemontilla.com\/wp-content\/uploads\/2014\/06\/confirmacion02.jpg?w=640 640w, https:\/\/i0.wp.com\/veracruzdemontilla.com\/wp-content\/uploads\/2014\/06\/confirmacion02.jpg?resize=300%2C187 300w, https:\/\/i0.wp.com\/veracruzdemontilla.com\/wp-content\/uploads\/2014\/06\/confirmacion02.jpg?resize=600%2C375 600w\" sizes=\"(max-width: 600px) 100vw, 600px\" data-recalc-dims=\"1\" \/><\/a><\/p>\n<p style=\"text-align: justify;\"><span style=\"color: #141823;\">Los protagonistas de esta fiesta: los confirmandos. Vaya para ellos nuestra felicitaci\u00f3n.\u00a0<\/span><\/p>\n<p style=\"text-align: justify;\"><span style=\"color: #141823;\">Pedimos a Nuestros Titulares que ayuden a estos hermanos y hermanas para que sigan en la senda del compromiso, poni\u00e9ndose al servicio de los dem\u00e1s, especialmente de quienes m\u00e1s nos necesitan; que contin\u00faen con su formaci\u00f3n, que nunca se agota; y que perseveren en la oraci\u00f3n y en la celebraci\u00f3n de los sacramentos, donde alimentamos nuestra fe mediante el encuentro con Jes\u00fas.\u00a0<\/span><\/p>\n","protected":false},"excerpt":{"rendered":"<p>En la ma\u00f1ana de hoy domingo 1 de junio, tal y como hemos venido informando, un numeroso grupo de montillanos y montillanas\u00a0cofrades, que se han venido preparando con la catequesis, han recibido el sacramento de la Confirmaci\u00f3n. En total han sido unas ciento\u00a0cincuenta personas de diferentes hermandades montillanas\u00a0las que han recibido\u00a0el don del Esp\u00edritu Santo [&#038;hellip<\/p>\n","protected":false},"author":1,"featured_media":835,"comment_status":"closed","ping_status":"open","sticky":false,"template":"","format":"standard","meta":{"advanced_seo_description":"","spay_email":"","jetpack_publicize_message":"","jetpack_is_tweetstorm":false},"categories":[5],"tags":[4],"jetpack_featured_media_url":"https:\/\/i1.wp.com\/veracruzdemontilla.com\/wp-content\/uploads\/2014\/06\/confirmacion01.jpg?fit=640%2C400","jetpack_publicize_connections":[],"wpmagazine_modules_lite_featured_media_urls":{"thumbnail":["https:\/\/i1.wp.com\/veracruzdemontilla.com\/wp-content\/uploads\/2014\/06\/confirmacion01.jpg?resize=150%2C150",150,150,true],"cvmm-medium":["https:\/\/i1.wp.com\/veracruzdemontilla.com\/wp-content\/uploads\/2014\/06\/confirmacion01.jpg?resize=300%2C300",300,300,true],"cvmm-medium-plus":["https:\/\/i1.wp.com\/veracruzdemontilla.com\/wp-content\/uploads\/2014\/06\/confirmacion01.jpg?resize=305%2C207",305,207,true],"cvmm-portrait":["https:\/\/i1.wp.com\/veracruzdemontilla.com\/wp-content\/uploads\/2014\/06\/confirmacion01.jpg?resize=400%2C400",400,400,true],"cvmm-medium-square":["https:\/\/i1.wp.com\/veracruzdemontilla.com\/wp-content\/uploads\/2014\/06\/confirmacion01.jpg?resize=600%2C400",600,400,true],"cvmm-large":["https:\/\/i1.wp.com\/veracruzdemontilla.com\/wp-content\/uploads\/2014\/06\/confirmacion01.jpg?resize=640%2C400",640,400,true],"cvmm-small":["https:\/\/i1.wp.com\/veracruzdemontilla.com\/wp-content\/uploads\/2014\/06\/confirmacion01.jpg?resize=130%2C95",130,95,true],"full":["https:\/\/i1.wp.com\/veracruzdemontilla.com\/wp-content\/uploads\/2014\/06\/confirmacion01.jpg?fit=640%2C400",640,400,false]},"categories_names":{"5":{"name":"Actualidad","link":"http:\/\/veracruzdemontilla.com\/?cat=5"}},"tags_names":{"4":{"name":"Favoritos","link":"http:\/\/veracruzdemontilla.com\/?tag=favoritos"}},"comments_number":"0","jetpack_sharing_enabled":true,"jetpack_shortlink":"https:\/\/wp.me\/p9INPk-dq","jetpack_likes_enabled":true,"jetpack-related-posts":[{"id":1109,"url":"http:\/\/veracruzdemontilla.com\/?p=1109","url_meta":{"origin":832,"position":0},"title":"Montilla se vuelca con el Corpus Christi","date":"8 junio, 2015","format":false,"excerpt":"Dentro de los actos religiosos de nuestro municipio, las iglesias y parroquias montillanas han celebrado\u00a0este domingo 7 de junio, la festividad del Corpus Christi con la procesi\u00f3n extraordinaria\u00a0\u00a0del Sant\u00edsimo Sacramento y en la que,\u00a0como viene siendo habitual,\u00a0\u00a0participaron numerosos ni\u00f1os y ni\u00f1as de Primera Comuni\u00f3n, as\u00ed como representantes de hermandades, autoridades\u2026","rel":"","context":"En \u00abActualidad\u00bb","img":{"alt_text":"","src":"https:\/\/i2.wp.com\/veracruzdemontilla.com\/wp-content\/uploads\/2015\/06\/corpus2015.jpg?fit=640%2C400&resize=350%2C200","width":350,"height":200},"classes":[]},{"id":873,"url":"http:\/\/veracruzdemontilla.com\/?p=873","url_meta":{"origin":832,"position":1},"title":"Un a\u00f1o m\u00e1s en la procesi\u00f3n del Corpus Christi","date":"23 junio, 2014","format":false,"excerpt":"Un a\u00f1os m\u00e1s nuestra Cofrad\u00eda\u00a0particip\u00f3 en la tarde de ayer, domingo 22 de junio,\u00a0en la procesi\u00f3n del Corpus Christi organizada por\u00a0\u00a0las Parroquias montillanas y la Agrupaci\u00f3n de Cofrad\u00edas. Nuestra Hermandad acompa\u00f1\u00f3 a Jes\u00fas Sacramentado por las calles del centro ocupando como es tradicional su lugar asignado, al igual que el\u2026","rel":"","context":"En \u00abActualidad\u00bb","img":{"alt_text":"","src":"https:\/\/i1.wp.com\/veracruzdemontilla.com\/wp-content\/uploads\/2014\/06\/corpus.jpg?fit=640%2C400&resize=350%2C200","width":350,"height":200},"classes":[]},{"id":1186,"url":"http:\/\/veracruzdemontilla.com\/?p=1186","url_meta":{"origin":832,"position":2},"title":"Arjonilla espera la Peregrinaci\u00f3n Nacional","date":"2 octubre, 2015","format":false,"excerpt":"A escasos d\u00edas de la XXXII Peregrinaci\u00f3n Nacional de Hermandades y Cofrad\u00edas de la Vera Cruz (3 y 4 de octubre), el municipio de Arjonilla (Ja\u00e9n)\u00a0vive ya la antesala con la presencia del Lignum Crucis de la Confraternidad, recibido en la localidad el pasado d\u00eda 20 de septiembre, en el\u2026","rel":"","context":"En \u00abActualidad\u00bb","img":{"alt_text":"","src":"https:\/\/i2.wp.com\/veracruzdemontilla.com\/wp-content\/uploads\/2015\/10\/image-2.jpg?fit=640%2C400&resize=350%2C200","width":350,"height":200},"classes":[]},{"id":867,"url":"http:\/\/veracruzdemontilla.com\/?p=867","url_meta":{"origin":832,"position":3},"title":"Corpus Christi","date":"19 junio, 2014","format":false,"excerpt":"Dentro de los actos religiosos de nuestro municipio, las iglesias y parroquias montillanas celebrar\u00e1n este domingo la festividad del Corpus Christi con la procesi\u00f3n extraordinaria\u00a0\u00a0del Sant\u00edsimo Sacramento, que este a\u00f1o ir\u00e1 acompa\u00f1ado de las Im\u00e1genes de La Divina Pastora, San Juan Bosco y Marcelo Esp\u00ednola, patronos y\/o fundadores de los\u2026","rel":"","context":"En \u00abActualidad\u00bb","img":{"alt_text":"","src":"https:\/\/i1.wp.com\/veracruzdemontilla.com\/wp-content\/uploads\/2014\/06\/04-Corpus1-610x343.jpg?fit=640%2C400&resize=350%2C200","width":350,"height":200},"classes":[]},{"id":8,"url":"http:\/\/veracruzdemontilla.com\/?p=8","url_meta":{"origin":832,"position":4},"title":"Cabildo Extraordinario de Elecciones &#8211; 5 de julio","date":"7 mayo, 2013","format":false,"excerpt":"Como establece la Normativa Complementaria al Estatuto Marco para Hermandades y Cofrad\u00edas de la Di\u00f3cesis de C\u00f3rdoba y el Estatuto de nuestra Cofrad\u00eda, por la presente, se cita con la obligaci\u00f3n de concurrir a todos los hermanos, siempre con derecho a voz y, aquellos que tengan cumplida la mayor\u00eda de\u2026","rel":"","context":"En \u00abActualidad\u00bb","img":{"alt_text":"","src":"https:\/\/i2.wp.com\/veracruzdemontilla.com\/wp-content\/uploads\/2013\/05\/elecciones.jpg?fit=1200%2C800&resize=350%2C200","width":350,"height":200},"classes":[]},{"id":21,"url":"http:\/\/veracruzdemontilla.com\/?p=21","url_meta":{"origin":832,"position":5},"title":"Nuestros titulares en el Besamanos Solidario","date":"19 diciembre, 2012","format":false,"excerpt":"Gracias a la Agrupaci\u00f3n de Cofrad\u00edas por esta brillante iniciativa que esperamos que se repita muchos a\u00f1os m\u00e1s, pero sobre todo gracias a todas las personas, fieles y devotos de cualquiera de las advocaciones montillanas por su generosidad. Nos consta que para muchos ha supuesto un gran esfuerzo el colaborar\u2026","rel":"","context":"En \u00abSin categor\u00eda\u00bb","img":{"alt_text":"","src":"https:\/\/i2.wp.com\/2.bp.blogspot.com\/-mBmFn5LF-9k\/UNIHpuMy2JI\/AAAAAAAAA0c\/B8f0grOFVe0\/s640\/DSC_0124.JPG?resize=350%2C200","width":350,"height":200},"classes":[]}],"_links":{"self":[{"href":"http:\/\/veracruzdemontilla.com\/index.php?rest_route=\/wp\/v2\/posts\/832"}],"collection":[{"href":"http:\/\/veracruzdemontilla.com\/index.php?rest_route=\/wp\/v2\/posts"}],"about":[{"href":"http:\/\/veracruzdemontilla.com\/index.php?rest_route=\/wp\/v2\/types\/post"}],"author":[{"embeddable":true,"href":"http:\/\/veracruzdemontilla.com\/index.php?rest_route=\/wp\/v2\/users\/1"}],"replies":[{"embeddable":true,"href":"http:\/\/veracruzdemontilla.com\/index.php?rest_route=%2Fwp%2Fv2%2Fcomments&post=832"}],"version-history":[{"count":4,"href":"http:\/\/veracruzdemontilla.com\/index.php?rest_route=\/wp\/v2\/posts\/832\/revisions"}],"predecessor-version":[{"id":838,"href":"http:\/\/veracruzdemontilla.com\/index.php?rest_route=\/wp\/v2\/posts\/832\/revisions\/838"}],"wp:featuredmedia":[{"embeddable":true,"href":"http:\/\/veracruzdemontilla.com\/index.php?rest_route=\/wp\/v2\/media\/835"}],"wp:attachment":[{"href":"http:\/\/veracruzdemontilla.com\/index.php?rest_route=%2Fwp%2Fv2%2Fmedia&parent=832"}],"wp:term":[{"taxonomy":"category","embeddable":true,"href":"http:\/\/veracruzdemontilla.com\/index.php?rest_route=%2Fwp%2Fv2%2Fcategories&post=832"},{"taxonomy":"post_tag","embeddable":true,"href":"http:\/\/veracruzdemontilla.com\/index.php?rest_route=%2Fwp%2Fv2%2Ftags&post=832"}],"curies":[{"name":"wp","href":"https:\/\/api.w.org\/{rel}","templated":true}]}}