{"id":827,"date":"2014-05-26T12:10:06","date_gmt":"2014-05-26T10:10:06","guid":{"rendered":"http:\/\/veracruzdemontilla.com\/?p=827"},"modified":"2014-05-26T12:10:06","modified_gmt":"2014-05-26T10:10:06","slug":"un-nuevo-miembro-de-nuestra-iglesia","status":"publish","type":"post","link":"http:\/\/veracruzdemontilla.com\/?p=827","title":{"rendered":"Un nuevo miembro de nuestra Iglesia."},"content":{"rendered":"<p style=\"text-align: justify;\">La ma\u00f1ana del pasado domingo 25 de mayo, en la Capilla del Baptisterio de la Parroquia de Santiago Ap\u00f3stol, el peque\u00f1o Mart\u00edn recibi\u00f3 el Sacramento del Bautismo convirti\u00e9ndose as\u00ed en un nuevo miembro de la Iglesia.<\/p>\n<p style=\"text-align: justify;\">El primer hijo de Juan Antonio y \u00darsula, Vice Hermano\u00a0 Mayor y Vocal de Estaci\u00f3n de Penitencia respectivamente de nuestra Cofrad\u00eda, cruz\u00f3 de esta forma el p\u00f3rtico de la vida en el Esp\u00edritu y la puerta que abre el acceso a los dem\u00e1s Sacramentos.<\/p>\n<p style=\"text-align: justify;\">Que nuestros Sagrados Titulares, el Santo Cristo de Zacatecas y Mar\u00eda Sant\u00edsima del Socorro, acompa\u00f1en a esta nueva familia cristiana, y los colmen de alegr\u00eda y bendiciones.<\/p>\n<p style=\"text-align: justify;\">Felicidades.<\/p>\n","protected":false},"excerpt":{"rendered":"<p>La ma\u00f1ana del pasado domingo 25 de mayo, en la Capilla del Baptisterio de la Parroquia de Santiago Ap\u00f3stol, el peque\u00f1o Mart\u00edn recibi\u00f3 el Sacramento del Bautismo convirti\u00e9ndose as\u00ed en un nuevo miembro de la Iglesia. El primer hijo de Juan Antonio y \u00darsula, Vice Hermano\u00a0 Mayor y Vocal de Estaci\u00f3n de Penitencia respectivamente de [&#038;hellip<\/p>\n","protected":false},"author":1,"featured_media":828,"comment_status":"closed","ping_status":"open","sticky":false,"template":"","format":"standard","meta":{"advanced_seo_description":"","spay_email":"","jetpack_publicize_message":"","jetpack_is_tweetstorm":false},"categories":[5],"tags":[4],"jetpack_featured_media_url":"https:\/\/i2.wp.com\/veracruzdemontilla.com\/wp-content\/uploads\/2014\/05\/IMG-20140525-WA0003.jpg?fit=640%2C400","jetpack_publicize_connections":[],"wpmagazine_modules_lite_featured_media_urls":{"thumbnail":["https:\/\/i2.wp.com\/veracruzdemontilla.com\/wp-content\/uploads\/2014\/05\/IMG-20140525-WA0003.jpg?resize=150%2C150",150,150,true],"cvmm-medium":["https:\/\/i2.wp.com\/veracruzdemontilla.com\/wp-content\/uploads\/2014\/05\/IMG-20140525-WA0003.jpg?resize=300%2C300",300,300,true],"cvmm-medium-plus":["https:\/\/i2.wp.com\/veracruzdemontilla.com\/wp-content\/uploads\/2014\/05\/IMG-20140525-WA0003.jpg?resize=305%2C207",305,207,true],"cvmm-portrait":["https:\/\/i2.wp.com\/veracruzdemontilla.com\/wp-content\/uploads\/2014\/05\/IMG-20140525-WA0003.jpg?resize=400%2C400",400,400,true],"cvmm-medium-square":["https:\/\/i2.wp.com\/veracruzdemontilla.com\/wp-content\/uploads\/2014\/05\/IMG-20140525-WA0003.jpg?resize=600%2C400",600,400,true],"cvmm-large":["https:\/\/i2.wp.com\/veracruzdemontilla.com\/wp-content\/uploads\/2014\/05\/IMG-20140525-WA0003.jpg?resize=640%2C400",640,400,true],"cvmm-small":["https:\/\/i2.wp.com\/veracruzdemontilla.com\/wp-content\/uploads\/2014\/05\/IMG-20140525-WA0003.jpg?resize=130%2C95",130,95,true],"full":["https:\/\/i2.wp.com\/veracruzdemontilla.com\/wp-content\/uploads\/2014\/05\/IMG-20140525-WA0003.jpg?fit=640%2C400",640,400,false]},"categories_names":{"5":{"name":"Actualidad","link":"http:\/\/veracruzdemontilla.com\/?cat=5"}},"tags_names":{"4":{"name":"Favoritos","link":"http:\/\/veracruzdemontilla.com\/?tag=favoritos"}},"comments_number":"0","jetpack_sharing_enabled":true,"jetpack_shortlink":"https:\/\/wp.me\/p9INPk-dl","jetpack_likes_enabled":true,"jetpack-related-posts":[{"id":1929,"url":"http:\/\/veracruzdemontilla.com\/?p=1929","url_meta":{"origin":827,"position":0},"title":"Jes\u00fas Fern\u00e1ndez tomar\u00e1 posesi\u00f3n el 24 de mayo como nuevo obispo de C\u00f3rdoba","date":"27 marzo, 2025","format":false,"excerpt":"Fotograf\u00eda: Conferencia Episcopal Espa\u00f1ola\u00a0https:\/\/flickr.com\/photos\/50702712@N05\/348086009 La Santa Sede ha anunciado en el d\u00eda de hoy el nombramiento de monse\u00f1or Jes\u00fas Fern\u00e1ndez, hasta ahora obispo de Astorga, como nuevo obispo de la Di\u00f3cesis de C\u00f3rdoba, en sustituci\u00f3n de monse\u00f1or Demetrio Fern\u00e1ndez, quien ha ejercido su ministerio episcopal en nuestra di\u00f3cesis desde 2010.\u2026","rel":"","context":"En \u00abActualidad\u00bb","img":{"alt_text":"","src":"https:\/\/i1.wp.com\/veracruzdemontilla.com\/wp-content\/uploads\/2025\/03\/Mons._Jesus_Fernandez_Gonzalez_34808600970.jpg?fit=958%2C1198&resize=350%2C200","width":350,"height":200},"classes":[]},{"id":1182,"url":"http:\/\/veracruzdemontilla.com\/?p=1182","url_meta":{"origin":827,"position":1},"title":"Un a\u00f1o m\u00e1s, ponemos en marcha nuestra rifa del mes de noviembre","date":"5 octubre, 2015","format":false,"excerpt":"Estimado\/a hermano\/a: Como viene siendo habitual en estas fechas, nos ponemos en contacto contigo para hacerte part\u00edcipe de las actividades que la Cofrad\u00eda Penitencial de la Santa Vera Cruz tiene previsto desarrollar a lo largo de los pr\u00f3ximos meses. Este nuevo curso que comenzamos nos traer\u00e1 acontecimientos importantes que celebraremos\u2026","rel":"","context":"En \u00abActualidad\u00bb","img":{"alt_text":"","src":"https:\/\/i0.wp.com\/veracruzdemontilla.com\/wp-content\/uploads\/2015\/10\/rifa2015.jpg?fit=640%2C400&resize=350%2C200","width":350,"height":200},"classes":[]},{"id":2261,"url":"http:\/\/veracruzdemontilla.com\/?p=2261","url_meta":{"origin":827,"position":2},"title":"Miguel Varona imparte una conferencia sobre la figura del arcipreste Fern\u00e1ndez Casado","date":"1 mayo, 2025","format":false,"excerpt":"El mi\u00e9rcoles 30 de abril, el Rvdo. D. Miguel Varona Villar, que fuera p\u00e1rroco de Santiago y consiliario de nuestra cofrad\u00eda, imparti\u00f3 una conferencia en la Bas\u00edlica Pontificia de San Juan de \u00c1vila sobre \"el Se\u00f1or Vicario\", como era popularmente conocido D. Luis Fern\u00e1ndez Casado. D. Miguel Varona, director del\u2026","rel":"","context":"En \u00abActualidad\u00bb","img":{"alt_text":"","src":"https:\/\/i0.wp.com\/veracruzdemontilla.com\/wp-content\/uploads\/2025\/04\/WhatsApp-Image-2025-04-29-at-12.56.55.jpeg?fit=848%2C1200&resize=350%2C200","width":350,"height":200},"classes":[]},{"id":2232,"url":"http:\/\/veracruzdemontilla.com\/?p=2232","url_meta":{"origin":827,"position":3},"title":"El papa Francisco: un legado de misericordia, esperanza y renovaci\u00f3n","date":"21 abril, 2025","format":false,"excerpt":"La Iglesia Cat\u00f3lica est\u00e1 de luto por la muerte del papa Francisco, quien ha dejado una marca profunda en millones de corazones. Su partida representa el fin de una era de transformaci\u00f3n que ahora nos invita a reflexionar sobre su repercusi\u00f3n y el futuro de la Iglesia. Un pontificado que\u2026","rel":"","context":"En \u00abActualidad\u00bb","img":{"alt_text":"","src":"https:\/\/i1.wp.com\/veracruzdemontilla.com\/wp-content\/uploads\/2025\/04\/Muere-Papa-Francisco.jpg?fit=1080%2C1080&resize=350%2C200","width":350,"height":200},"classes":[]},{"id":2330,"url":"http:\/\/veracruzdemontilla.com\/?p=2330","url_meta":{"origin":827,"position":4},"title":"Nuestro hermano Rafael Salido instituido ac\u00f3lito al servicio del altar","date":"11 mayo, 2025","format":false,"excerpt":"La Parroquia de Santiago, la Bas\u00edlica Pontificia de San Juan de \u00c1vila y nuestra cofrad\u00eda vivieron ayer un emotivo momento que guardaremos siempre en nuestro recuerdo. Rafael Salido, hermano de la Vera Cruz y sacrist\u00e1n de nuestra querida parroquia, fue instituido en el ministerio laical de ac\u00f3lito de manos del\u2026","rel":"","context":"En \u00abActualidad\u00bb","img":{"alt_text":"","src":"https:\/\/i2.wp.com\/veracruzdemontilla.com\/wp-content\/uploads\/2025\/05\/WhatsApp-Image-2025-05-10-at-22.42.13.jpeg?fit=1200%2C800&resize=350%2C200","width":350,"height":200},"classes":[]},{"id":511,"url":"http:\/\/veracruzdemontilla.com\/?p=511","url_meta":{"origin":827,"position":5},"title":"Carta Informativa de nuestro Hermano Mayor","date":"26 noviembre, 2013","format":false,"excerpt":"Montilla, 21 de noviembre de 2013 Estimado\/a hermano\/a de la Cofrad\u00eda de la Santa Vera Cruz: Me dirijo a ti por primera vez desde que se celebraran el pasado 5 de julio del presente a\u00f1o las elecciones a Hermano Mayor, para agradecer en nombre de la nueva Junta de Gobierno\u2026","rel":"","context":"En \u00abActualidad\u00bb","img":{"alt_text":"","src":"https:\/\/i0.wp.com\/veracruzdemontilla.com\/wp-content\/uploads\/2013\/11\/cartahm.jpg?fit=640%2C400&resize=350%2C200","width":350,"height":200},"classes":[]}],"_links":{"self":[{"href":"http:\/\/veracruzdemontilla.com\/index.php?rest_route=\/wp\/v2\/posts\/827"}],"collection":[{"href":"http:\/\/veracruzdemontilla.com\/index.php?rest_route=\/wp\/v2\/posts"}],"about":[{"href":"http:\/\/veracruzdemontilla.com\/index.php?rest_route=\/wp\/v2\/types\/post"}],"author":[{"embeddable":true,"href":"http:\/\/veracruzdemontilla.com\/index.php?rest_route=\/wp\/v2\/users\/1"}],"replies":[{"embeddable":true,"href":"http:\/\/veracruzdemontilla.com\/index.php?rest_route=%2Fwp%2Fv2%2Fcomments&post=827"}],"version-history":[{"count":1,"href":"http:\/\/veracruzdemontilla.com\/index.php?rest_route=\/wp\/v2\/posts\/827\/revisions"}],"predecessor-version":[{"id":829,"href":"http:\/\/veracruzdemontilla.com\/index.php?rest_route=\/wp\/v2\/posts\/827\/revisions\/829"}],"wp:featuredmedia":[{"embeddable":true,"href":"http:\/\/veracruzdemontilla.com\/index.php?rest_route=\/wp\/v2\/media\/828"}],"wp:attachment":[{"href":"http:\/\/veracruzdemontilla.com\/index.php?rest_route=%2Fwp%2Fv2%2Fmedia&parent=827"}],"wp:term":[{"taxonomy":"category","embeddable":true,"href":"http:\/\/veracruzdemontilla.com\/index.php?rest_route=%2Fwp%2Fv2%2Fcategories&post=827"},{"taxonomy":"post_tag","embeddable":true,"href":"http:\/\/veracruzdemontilla.com\/index.php?rest_route=%2Fwp%2Fv2%2Ftags&post=827"}],"curies":[{"name":"wp","href":"https:\/\/api.w.org\/{rel}","templated":true}]}}