{"id":823,"date":"2014-05-24T17:44:23","date_gmt":"2014-05-24T15:44:23","guid":{"rendered":"http:\/\/veracruzdemontilla.com\/?p=823"},"modified":"2014-05-24T17:44:55","modified_gmt":"2014-05-24T15:44:55","slug":"823","status":"publish","type":"post","link":"http:\/\/veracruzdemontilla.com\/?p=823","title":{"rendered":"Celebrado el Cabildo General Ordinario de nuestra Cofrad\u00eda"},"content":{"rendered":"<p style=\"text-align: justify;\">En la tarde-noche del pasado viernes 23 de mayo, tras la convocatoria previa a todos los hermanos, tuvo lugar el Cabildo General Ordinario de nuestra Cofrad\u00eda en la capilla del Santo Cristo de Zacatecas. Tras las preces iniciales de nuestro Consiliario, D. Jos\u00e9 Almedina, fue le\u00edda el acta del Cabildo anterior siendo aprobada por los hermanos asistentes. Igualmente, fue aprobada la memoria de actividades del pasado ejercicio, el programa de actividades para el pr\u00f3ximo, as\u00ed como el ejercicio econ\u00f3mico anual y los presupuestos para el pr\u00f3ximo curso.<\/p>\n<p style=\"text-align: justify;\">En el punto correspondiente a las notas de presidencia, el Hermano Mayor tom\u00f3 la palabra \u00a0para informar a los presentes de varios asuntos. En primer lugar record\u00f3 el hecho de que los cultos se hayan tenido que celebrar en la Bas\u00edlica de San Juan de \u00c1vila, debido al cierre temporal de la Parroquia con motivo de las obras, aprovechando la ocasi\u00f3n para agradecer a D. Jos\u00e9 Almedina su ayuda y colaboraci\u00f3n.<\/p>\n<p style=\"text-align: justify;\">Asimismo, inform\u00f3 acerca del nuevo emplazamiento de nuestra Titular, la Virgen del Socorro, en el nuevo altar recuperado tras las obras, y de la peque\u00f1a hornacina\u00a0 tambi\u00e9n recuperada en nuestra capilla, en la que se pretende volver a situar la primitiva imagen del\u00a0 San Juan de la Vera\u00a0 Cruz, una vez restaurado.<\/p>\n<p style=\"text-align: justify;\">Se resalt\u00f3 que la Cofrad\u00eda colabora con todas las actividades que surgen para recaudar fondos con los que sufragar dichas obras, destacando la edici\u00f3n del libro de pregones que nuestra Cofrad\u00eda ha llevado a cabo,y cuyos beneficios ir\u00e1n destinados a la Parroquia. Se traslad\u00f3 a los asistentes la intenci\u00f3n de comenzar con la talla de nuestro paso, comunicando que se est\u00e1 a la espera de mantener una reuni\u00f3n con los tallistas encargados de tal fin.<\/p>\n<p style=\"text-align: justify;\">Antes de terminar, el Hermano Mayos manifest\u00f3 la entera disposici\u00f3n, tanto suya, como de los miembros de la Junta de Gobierno a todo aquel que lo necesite, y pidi\u00f3 la colaboraci\u00f3n de todos los hermanos para poder afrontar los proyectos de esta nueva etapa.<\/p>\n<p style=\"text-align: justify;\">Tras los ruegos y preguntas, se dio por concluido el Cabildo General Ordinario de Hermanos de la Cofrad\u00eda de la Vera Cruz.<\/p>\n","protected":false},"excerpt":{"rendered":"<p>En la tarde-noche del pasado viernes 23 de mayo, tras la convocatoria previa a todos los hermanos, tuvo lugar el Cabildo General Ordinario de nuestra Cofrad\u00eda en la capilla del Santo Cristo de Zacatecas. Tras las preces iniciales de nuestro Consiliario, D. Jos\u00e9 Almedina, fue le\u00edda el acta del Cabildo anterior siendo aprobada por los [&#038;hellip<\/p>\n","protected":false},"author":1,"featured_media":824,"comment_status":"closed","ping_status":"open","sticky":false,"template":"","format":"standard","meta":{"advanced_seo_description":"","spay_email":"","jetpack_publicize_message":"","jetpack_is_tweetstorm":false},"categories":[5],"tags":[4],"jetpack_featured_media_url":"https:\/\/i1.wp.com\/veracruzdemontilla.com\/wp-content\/uploads\/2014\/05\/cabildo1.jpg?fit=640%2C400","jetpack_publicize_connections":[],"wpmagazine_modules_lite_featured_media_urls":{"thumbnail":["https:\/\/i1.wp.com\/veracruzdemontilla.com\/wp-content\/uploads\/2014\/05\/cabildo1.jpg?resize=150%2C150",150,150,true],"cvmm-medium":["https:\/\/i1.wp.com\/veracruzdemontilla.com\/wp-content\/uploads\/2014\/05\/cabildo1.jpg?resize=300%2C300",300,300,true],"cvmm-medium-plus":["https:\/\/i1.wp.com\/veracruzdemontilla.com\/wp-content\/uploads\/2014\/05\/cabildo1.jpg?resize=305%2C207",305,207,true],"cvmm-portrait":["https:\/\/i1.wp.com\/veracruzdemontilla.com\/wp-content\/uploads\/2014\/05\/cabildo1.jpg?resize=400%2C400",400,400,true],"cvmm-medium-square":["https:\/\/i1.wp.com\/veracruzdemontilla.com\/wp-content\/uploads\/2014\/05\/cabildo1.jpg?resize=600%2C400",600,400,true],"cvmm-large":["https:\/\/i1.wp.com\/veracruzdemontilla.com\/wp-content\/uploads\/2014\/05\/cabildo1.jpg?resize=640%2C400",640,400,true],"cvmm-small":["https:\/\/i1.wp.com\/veracruzdemontilla.com\/wp-content\/uploads\/2014\/05\/cabildo1.jpg?resize=130%2C95",130,95,true],"full":["https:\/\/i1.wp.com\/veracruzdemontilla.com\/wp-content\/uploads\/2014\/05\/cabildo1.jpg?fit=640%2C400",640,400,false]},"categories_names":{"5":{"name":"Actualidad","link":"http:\/\/veracruzdemontilla.com\/?cat=5"}},"tags_names":{"4":{"name":"Favoritos","link":"http:\/\/veracruzdemontilla.com\/?tag=favoritos"}},"comments_number":"0","jetpack_sharing_enabled":true,"jetpack_shortlink":"https:\/\/wp.me\/s9INPk-823","jetpack_likes_enabled":true,"jetpack-related-posts":[{"id":1103,"url":"http:\/\/veracruzdemontilla.com\/?p=1103","url_meta":{"origin":823,"position":0},"title":"Celebrado el Cabildo General Ordinario de este a\u00f1o 2015","date":"18 mayo, 2015","format":false,"excerpt":"En la tarde-noche del pasado viernes 15\u00a0de mayo, tras la convocatoria previa a todos los hermanos, tuvo lugar el Cabildo General Ordinario de nuestra Cofrad\u00eda en la Casa Parroquial (c\/ Iglesia). Tras las preces iniciales de nuestro Consiliario, D. Jos\u00e9 Luis Moreno, fue le\u00edda el acta del Cabildo anterior siendo\u2026","rel":"","context":"En \u00abActualidad\u00bb","img":{"alt_text":"","src":"https:\/\/i0.wp.com\/veracruzdemontilla.com\/wp-content\/uploads\/2015\/05\/cabildo2015.jpg?fit=640%2C400&resize=350%2C200","width":350,"height":200},"classes":[]},{"id":814,"url":"http:\/\/veracruzdemontilla.com\/?p=814","url_meta":{"origin":823,"position":1},"title":"Cabildo General Ordinario de Hermanos de la Santa Vera Cruz","date":"12 mayo, 2014","format":false,"excerpt":"Estimada\/o hermana\/o, A trav\u00e9s de la presente, le remito la convocatoria para asistir al\u00a0Cabildo General Ordinario de Hermanos de la Santa Vera Cruz que, como establecen los vigentes Estatutos de esta Cofrad\u00eda en su T\u00edtulo IV, Art. 9, celebraremos, Dios mediante, el pr\u00f3ximo viernes 23 de mayo, a las 21:00\u2026","rel":"","context":"En \u00abActualidad\u00bb","img":{"alt_text":"","src":"https:\/\/i1.wp.com\/veracruzdemontilla.com\/wp-content\/uploads\/2014\/05\/cabildo.jpg?fit=640%2C400&resize=350%2C200","width":350,"height":200},"classes":[]},{"id":28,"url":"http:\/\/veracruzdemontilla.com\/?p=28","url_meta":{"origin":823,"position":2},"title":"Cabildo General Ordinario","date":"20 junio, 2012","format":false,"excerpt":"MONTILLA, 8 de junio de 2012Estimada\/o hermana\/o,A trav\u00e9s de la presente, le remito la convocatoria para asistir al Cabildo General Ordinario de Hermanos de la Santa Vera Cruz que, como establecen los vigentes Estatutos de esta Cofrad\u00eda en su T\u00edtulo IV, Art. 9, celebraremos, Dios mediante, el pr\u00f3ximo s\u00e1bado 23\u2026","rel":"","context":"En \u00abSin categor\u00eda\u00bb","img":{"alt_text":"","src":"","width":0,"height":0},"classes":[]},{"id":48,"url":"http:\/\/veracruzdemontilla.com\/?p=48","url_meta":{"origin":823,"position":3},"title":"3 de junio &#8211; Cabildo General","date":"24 mayo, 2011","format":false,"excerpt":"Estimada\/o hermana\/o,A trav\u00e9s de la presente, le remito la convocatoria para asistir al Cabildo General Ordinario de Hermanos de la Santa Vera Cruz que, como establecen los vigentes Estatutos de esta Cofrad\u00eda en su T\u00edtulo IV, Art. 9, celebraremos, Dios mediante, el pr\u00f3ximo viernes 3 de junio, a las 21:00\u2026","rel":"","context":"En \u00abSin categor\u00eda\u00bb","img":{"alt_text":"","src":"","width":0,"height":0},"classes":[]},{"id":9,"url":"http:\/\/veracruzdemontilla.com\/?p=9","url_meta":{"origin":823,"position":4},"title":"Cabildo Ordinario &#8211; 17 de mayo","date":"7 mayo, 2013","format":false,"excerpt":"Estimada\/o hermana\/o,A trav\u00e9s de la presente, le remito la convocatoria para asistir al Cabildo General Ordinario de Hermanos de la Santa Vera Cruz que, como establecen los vigentes Estatutos de esta Cofrad\u00eda en su T\u00edtulo IV, Art. 9, celebraremos, Dios mediante, el pr\u00f3ximo viernes 17 de mayo, a las 21:15\u2026","rel":"","context":"En \u00abSin categor\u00eda\u00bb","img":{"alt_text":"","src":"https:\/\/i1.wp.com\/4.bp.blogspot.com\/-zVOOEd--8Ns\/UYjG7ag4AXI\/AAAAAAAAA6o\/EL_aLPuec2c\/s640\/Citaci%C3%B3n_Cabildo_Ordinario.jpg?resize=350%2C200","width":350,"height":200},"classes":[]},{"id":1674,"url":"http:\/\/veracruzdemontilla.com\/?p=1674","url_meta":{"origin":823,"position":5},"title":"Florencio Polonio, nuevo hermano mayor de la Santa Vera Cruz","date":"4 octubre, 2021","format":false,"excerpt":"El pasado viernes 1 de octubre, tras el Cabildo Ordinario, tuvo lugar la celebraci\u00f3n del Cabildo General de Elecciones, toda vez que el mandato del actual hermano mayor hab\u00eda llegado a su fin. La jornada electoral, que concluy\u00f3 sin incidencia alguna, sirvi\u00f3 para que D. Miguel Navarro M\u00e1rquez, hermano mayor\u2026","rel":"","context":"En \u00abActualidad\u00bb","img":{"alt_text":"","src":"https:\/\/i1.wp.com\/veracruzdemontilla.com\/wp-content\/uploads\/2021\/10\/Elecciones-2021.jpeg?fit=847%2C600&resize=350%2C200","width":350,"height":200},"classes":[]}],"_links":{"self":[{"href":"http:\/\/veracruzdemontilla.com\/index.php?rest_route=\/wp\/v2\/posts\/823"}],"collection":[{"href":"http:\/\/veracruzdemontilla.com\/index.php?rest_route=\/wp\/v2\/posts"}],"about":[{"href":"http:\/\/veracruzdemontilla.com\/index.php?rest_route=\/wp\/v2\/types\/post"}],"author":[{"embeddable":true,"href":"http:\/\/veracruzdemontilla.com\/index.php?rest_route=\/wp\/v2\/users\/1"}],"replies":[{"embeddable":true,"href":"http:\/\/veracruzdemontilla.com\/index.php?rest_route=%2Fwp%2Fv2%2Fcomments&post=823"}],"version-history":[{"count":2,"href":"http:\/\/veracruzdemontilla.com\/index.php?rest_route=\/wp\/v2\/posts\/823\/revisions"}],"predecessor-version":[{"id":826,"href":"http:\/\/veracruzdemontilla.com\/index.php?rest_route=\/wp\/v2\/posts\/823\/revisions\/826"}],"wp:featuredmedia":[{"embeddable":true,"href":"http:\/\/veracruzdemontilla.com\/index.php?rest_route=\/wp\/v2\/media\/824"}],"wp:attachment":[{"href":"http:\/\/veracruzdemontilla.com\/index.php?rest_route=%2Fwp%2Fv2%2Fmedia&parent=823"}],"wp:term":[{"taxonomy":"category","embeddable":true,"href":"http:\/\/veracruzdemontilla.com\/index.php?rest_route=%2Fwp%2Fv2%2Fcategories&post=823"},{"taxonomy":"post_tag","embeddable":true,"href":"http:\/\/veracruzdemontilla.com\/index.php?rest_route=%2Fwp%2Fv2%2Ftags&post=823"}],"curies":[{"name":"wp","href":"https:\/\/api.w.org\/{rel}","templated":true}]}}