{"id":820,"date":"2014-05-31T18:45:54","date_gmt":"2014-05-31T16:45:54","guid":{"rendered":"http:\/\/veracruzdemontilla.com\/?p=820"},"modified":"2014-05-31T18:46:14","modified_gmt":"2014-05-31T16:46:14","slug":"jornada-especial-en-torno-al-sacramento-de-la-confirmacion","status":"publish","type":"post","link":"http:\/\/veracruzdemontilla.com\/?p=820","title":{"rendered":"Jornada especial en torno al Sacramento de la Confirmaci\u00f3n"},"content":{"rendered":"<p style=\"text-align: justify;\">Ma\u00f1ana\u00a0uno de junio, a las 12:00 del medio d\u00eda, nuestra Parroquia Mayor de Santiago vivir\u00e1 una jornada especial en torno al Sacramento de la Confirmaci\u00f3n. Y es que un nutrido grupo de feligreses, entre los que se encuentran varios hermanos de nuestra Cofrad\u00eda, reafirmar\u00e1n su compromiso cristiano mediante este Sacramento que fortalece\u00a0 y completa la obra del Bautismo.<\/p>\n<p style=\"text-align: justify;\">Desde ese mismo momento, quedar\u00e1n m\u00e1s \u00edntimamente unidos a la Iglesia y enriquecidos con una fortaleza especial del Esp\u00edritu Santo. Pero tambi\u00e9n adquirir\u00e1n el compromiso de vivir como aut\u00e9nticos testigos de Cristo, extendiendo y defendiendo la fe\u00a0 con sus palabras y obras.<\/p>\n<p style=\"text-align: justify;\">Desde la Cofrad\u00eda de la Santa Vera Cruz, felicitamos de antemano a todos los confirmandos,\u00a0 especialmente a nuestros hermanos, por su deseo de querer seguir creciendo como cristianos, madurando en la fe y fortaleciendo su uni\u00f3n con\u00a0 Dios y la Virgen Mar\u00eda.<\/p>\n","protected":false},"excerpt":{"rendered":"<p>Ma\u00f1ana\u00a0uno de junio, a las 12:00 del medio d\u00eda, nuestra Parroquia Mayor de Santiago vivir\u00e1 una jornada especial en torno al Sacramento de la Confirmaci\u00f3n. Y es que un nutrido grupo de feligreses, entre los que se encuentran varios hermanos de nuestra Cofrad\u00eda, reafirmar\u00e1n su compromiso cristiano mediante este Sacramento que fortalece\u00a0 y completa la [&#038;hellip<\/p>\n","protected":false},"author":1,"featured_media":821,"comment_status":"closed","ping_status":"open","sticky":false,"template":"","format":"standard","meta":{"advanced_seo_description":"","spay_email":"","jetpack_publicize_message":"","jetpack_is_tweetstorm":false},"categories":[5],"tags":[4],"jetpack_featured_media_url":"https:\/\/i2.wp.com\/veracruzdemontilla.com\/wp-content\/uploads\/2014\/05\/Misa-en-Santiago11.jpg?fit=640%2C400","jetpack_publicize_connections":[],"wpmagazine_modules_lite_featured_media_urls":{"thumbnail":["https:\/\/i2.wp.com\/veracruzdemontilla.com\/wp-content\/uploads\/2014\/05\/Misa-en-Santiago11.jpg?resize=150%2C150",150,150,true],"cvmm-medium":["https:\/\/i2.wp.com\/veracruzdemontilla.com\/wp-content\/uploads\/2014\/05\/Misa-en-Santiago11.jpg?resize=300%2C300",300,300,true],"cvmm-medium-plus":["https:\/\/i2.wp.com\/veracruzdemontilla.com\/wp-content\/uploads\/2014\/05\/Misa-en-Santiago11.jpg?resize=305%2C207",305,207,true],"cvmm-portrait":["https:\/\/i2.wp.com\/veracruzdemontilla.com\/wp-content\/uploads\/2014\/05\/Misa-en-Santiago11.jpg?resize=400%2C400",400,400,true],"cvmm-medium-square":["https:\/\/i2.wp.com\/veracruzdemontilla.com\/wp-content\/uploads\/2014\/05\/Misa-en-Santiago11.jpg?resize=600%2C400",600,400,true],"cvmm-large":["https:\/\/i2.wp.com\/veracruzdemontilla.com\/wp-content\/uploads\/2014\/05\/Misa-en-Santiago11.jpg?resize=640%2C400",640,400,true],"cvmm-small":["https:\/\/i2.wp.com\/veracruzdemontilla.com\/wp-content\/uploads\/2014\/05\/Misa-en-Santiago11.jpg?resize=130%2C95",130,95,true],"full":["https:\/\/i2.wp.com\/veracruzdemontilla.com\/wp-content\/uploads\/2014\/05\/Misa-en-Santiago11.jpg?fit=640%2C400",640,400,false]},"categories_names":{"5":{"name":"Actualidad","link":"http:\/\/veracruzdemontilla.com\/?cat=5"}},"tags_names":{"4":{"name":"Favoritos","link":"http:\/\/veracruzdemontilla.com\/?tag=favoritos"}},"comments_number":"0","jetpack_sharing_enabled":true,"jetpack_shortlink":"https:\/\/wp.me\/p9INPk-de","jetpack_likes_enabled":true,"jetpack-related-posts":[{"id":832,"url":"http:\/\/veracruzdemontilla.com\/?p=832","url_meta":{"origin":820,"position":0},"title":"Celebraci\u00f3n del Sacramento de la Confirmaci\u00f3n","date":"1 junio, 2014","format":false,"excerpt":"En la ma\u00f1ana de hoy domingo 1 de junio, tal y como hemos venido informando, un numeroso grupo de montillanos y montillanas\u00a0cofrades, que se han venido preparando con la catequesis, han recibido el sacramento de la Confirmaci\u00f3n. En total han sido unas ciento\u00a0cincuenta personas de diferentes hermandades montillanas\u00a0las que han\u2026","rel":"","context":"En \u00abActualidad\u00bb","img":{"alt_text":"","src":"https:\/\/i1.wp.com\/veracruzdemontilla.com\/wp-content\/uploads\/2014\/06\/confirmacion01.jpg?fit=640%2C400&resize=350%2C200","width":350,"height":200},"classes":[]},{"id":8,"url":"http:\/\/veracruzdemontilla.com\/?p=8","url_meta":{"origin":820,"position":1},"title":"Cabildo Extraordinario de Elecciones &#8211; 5 de julio","date":"7 mayo, 2013","format":false,"excerpt":"Como establece la Normativa Complementaria al Estatuto Marco para Hermandades y Cofrad\u00edas de la Di\u00f3cesis de C\u00f3rdoba y el Estatuto de nuestra Cofrad\u00eda, por la presente, se cita con la obligaci\u00f3n de concurrir a todos los hermanos, siempre con derecho a voz y, aquellos que tengan cumplida la mayor\u00eda de\u2026","rel":"","context":"En \u00abActualidad\u00bb","img":{"alt_text":"","src":"https:\/\/i2.wp.com\/veracruzdemontilla.com\/wp-content\/uploads\/2013\/05\/elecciones.jpg?fit=1200%2C800&resize=350%2C200","width":350,"height":200},"classes":[]},{"id":1109,"url":"http:\/\/veracruzdemontilla.com\/?p=1109","url_meta":{"origin":820,"position":2},"title":"Montilla se vuelca con el Corpus Christi","date":"8 junio, 2015","format":false,"excerpt":"Dentro de los actos religiosos de nuestro municipio, las iglesias y parroquias montillanas han celebrado\u00a0este domingo 7 de junio, la festividad del Corpus Christi con la procesi\u00f3n extraordinaria\u00a0\u00a0del Sant\u00edsimo Sacramento y en la que,\u00a0como viene siendo habitual,\u00a0\u00a0participaron numerosos ni\u00f1os y ni\u00f1as de Primera Comuni\u00f3n, as\u00ed como representantes de hermandades, autoridades\u2026","rel":"","context":"En \u00abActualidad\u00bb","img":{"alt_text":"","src":"https:\/\/i2.wp.com\/veracruzdemontilla.com\/wp-content\/uploads\/2015\/06\/corpus2015.jpg?fit=640%2C400&resize=350%2C200","width":350,"height":200},"classes":[]},{"id":702,"url":"http:\/\/veracruzdemontilla.com\/?p=702","url_meta":{"origin":820,"position":3},"title":"Presentado el libro \u00abLos Pregones de la Semana Santa de Montilla\u00bb","date":"8 abril, 2014","format":false,"excerpt":"\"Tras el extraordinario traslado que nos llev\u00f3 en la ma\u00f1ana de ayer junto a nuestros\u00a0 Titulares de nuevo a casa, la Parroquia de Santiago, hoy volvemos a vivir un d\u00eda especial en el seno de nuestra Cofrad\u00eda. Vemos materializado un proyecto muy deseado por nosotros y que rondaba en nuestras\u2026","rel":"","context":"En \u00abActualidad\u00bb","img":{"alt_text":"","src":"https:\/\/i2.wp.com\/veracruzdemontilla.com\/wp-content\/uploads\/2014\/04\/IMG-20140407-WA0007.jpg?fit=800%2C600&resize=350%2C200","width":350,"height":200},"classes":[]},{"id":84,"url":"http:\/\/veracruzdemontilla.com\/?p=84","url_meta":{"origin":820,"position":4},"title":"Solemne Quinario","date":"7 enero, 2010","format":false,"excerpt":"El Solemne Quinario es, junto con la Estaci\u00f3n de Penitencia, el culto p\u00fablico fundamental que la Cofrad\u00eda de la Santa Vera Cruz dedica a nuestros Sagrados Titulares. En este Quinario, que cada a\u00f1o se celebra con el inicio de la Cuaresma el Mi\u00e9rcoles de Ceniza, los hermanos de la Vera\u2026","rel":"","context":"En \u00abSin categor\u00eda\u00bb","img":{"alt_text":"","src":"https:\/\/i2.wp.com\/veracruzdemontilla.com\/wp-content\/uploads\/2010\/01\/20250309-VeraCruz-MisaRegla-6-1024x683.jpg?resize=350%2C200","width":350,"height":200},"classes":[]},{"id":873,"url":"http:\/\/veracruzdemontilla.com\/?p=873","url_meta":{"origin":820,"position":5},"title":"Un a\u00f1o m\u00e1s en la procesi\u00f3n del Corpus Christi","date":"23 junio, 2014","format":false,"excerpt":"Un a\u00f1os m\u00e1s nuestra Cofrad\u00eda\u00a0particip\u00f3 en la tarde de ayer, domingo 22 de junio,\u00a0en la procesi\u00f3n del Corpus Christi organizada por\u00a0\u00a0las Parroquias montillanas y la Agrupaci\u00f3n de Cofrad\u00edas. Nuestra Hermandad acompa\u00f1\u00f3 a Jes\u00fas Sacramentado por las calles del centro ocupando como es tradicional su lugar asignado, al igual que el\u2026","rel":"","context":"En \u00abActualidad\u00bb","img":{"alt_text":"","src":"https:\/\/i1.wp.com\/veracruzdemontilla.com\/wp-content\/uploads\/2014\/06\/corpus.jpg?fit=640%2C400&resize=350%2C200","width":350,"height":200},"classes":[]}],"_links":{"self":[{"href":"http:\/\/veracruzdemontilla.com\/index.php?rest_route=\/wp\/v2\/posts\/820"}],"collection":[{"href":"http:\/\/veracruzdemontilla.com\/index.php?rest_route=\/wp\/v2\/posts"}],"about":[{"href":"http:\/\/veracruzdemontilla.com\/index.php?rest_route=\/wp\/v2\/types\/post"}],"author":[{"embeddable":true,"href":"http:\/\/veracruzdemontilla.com\/index.php?rest_route=\/wp\/v2\/users\/1"}],"replies":[{"embeddable":true,"href":"http:\/\/veracruzdemontilla.com\/index.php?rest_route=%2Fwp%2Fv2%2Fcomments&post=820"}],"version-history":[{"count":2,"href":"http:\/\/veracruzdemontilla.com\/index.php?rest_route=\/wp\/v2\/posts\/820\/revisions"}],"predecessor-version":[{"id":831,"href":"http:\/\/veracruzdemontilla.com\/index.php?rest_route=\/wp\/v2\/posts\/820\/revisions\/831"}],"wp:featuredmedia":[{"embeddable":true,"href":"http:\/\/veracruzdemontilla.com\/index.php?rest_route=\/wp\/v2\/media\/821"}],"wp:attachment":[{"href":"http:\/\/veracruzdemontilla.com\/index.php?rest_route=%2Fwp%2Fv2%2Fmedia&parent=820"}],"wp:term":[{"taxonomy":"category","embeddable":true,"href":"http:\/\/veracruzdemontilla.com\/index.php?rest_route=%2Fwp%2Fv2%2Fcategories&post=820"},{"taxonomy":"post_tag","embeddable":true,"href":"http:\/\/veracruzdemontilla.com\/index.php?rest_route=%2Fwp%2Fv2%2Ftags&post=820"}],"curies":[{"name":"wp","href":"https:\/\/api.w.org\/{rel}","templated":true}]}}