{"id":810,"date":"2014-05-07T15:10:13","date_gmt":"2014-05-07T13:10:13","guid":{"rendered":"http:\/\/veracruzdemontilla.com\/?p=810"},"modified":"2014-05-07T15:10:13","modified_gmt":"2014-05-07T13:10:13","slug":"montilla-congregara-manana-a-los-sacerdotes-para-celebrar-la-festividad-de-san-juan-de-avila","status":"publish","type":"post","link":"http:\/\/veracruzdemontilla.com\/?p=810","title":{"rendered":"Montilla congregar\u00e1 ma\u00f1ana a los sacerdotes para celebrar la festividad de San Juan de \u00c1vila"},"content":{"rendered":"<p style=\"color: #676767; text-align: justify;\">El 10 de mayo se celebra en toda la Iglesia universal la tradicional memoria de san Juan de \u00c1vila. En C\u00f3rdoba es el d\u00eda en que no s\u00f3lo se re\u00fanen en Montilla gran parte de los sacerdotes de la Di\u00f3cesis-cerca de doscientos-, sino que tambi\u00e9n celebran sus Bodas de Oro y de Plata algunos de ellos.<\/p>\n<p style=\"color: #676767; text-align: justify;\">En esta ocasi\u00f3n, festejar\u00e1n sus Bodas de Oro los presb\u00edteros Juli\u00e1n Cuenca Cabeza, Manuel Gonz\u00e1lez Mu\u00f1ana, \u00c1ngel Urbano Garc\u00eda, Juan Luna Santos (O.Carm.), Antonio Rides Romero (SDB) y Ernesto S\u00e1nchez Gey (SJ); y las de Plata, Jos\u00e9 Enrique Alcal\u00e1 Zamora Burgos.<\/p>\n<p style=\"color: #676767; text-align: justify;\">Previamente, los sacerdotes asistir\u00e1n a una meditaci\u00f3n basada en textos del Santo Maestro, y posteriormente, celebrar\u00e1n la misa presidida por el Obispo ante los restos del Patr\u00f3n del Clero Secular Espa\u00f1ol.<\/p>\n","protected":false},"excerpt":{"rendered":"<p>El 10 de mayo se celebra en toda la Iglesia universal la tradicional memoria de san Juan de \u00c1vila. En C\u00f3rdoba es el d\u00eda en que no s\u00f3lo se re\u00fanen en Montilla gran parte de los sacerdotes de la Di\u00f3cesis-cerca de doscientos-, sino que tambi\u00e9n celebran sus Bodas de Oro y de Plata algunos de [&#038;hellip<\/p>\n","protected":false},"author":1,"featured_media":811,"comment_status":"closed","ping_status":"open","sticky":false,"template":"","format":"standard","meta":{"advanced_seo_description":"","spay_email":"","jetpack_publicize_message":"","jetpack_is_tweetstorm":false},"categories":[5],"tags":[],"jetpack_featured_media_url":"https:\/\/i1.wp.com\/veracruzdemontilla.com\/wp-content\/uploads\/2014\/05\/Festividad-de-SJA-1.jpg?fit=640%2C400","jetpack_publicize_connections":[],"wpmagazine_modules_lite_featured_media_urls":{"thumbnail":["https:\/\/i1.wp.com\/veracruzdemontilla.com\/wp-content\/uploads\/2014\/05\/Festividad-de-SJA-1.jpg?resize=150%2C150",150,150,true],"cvmm-medium":["https:\/\/i1.wp.com\/veracruzdemontilla.com\/wp-content\/uploads\/2014\/05\/Festividad-de-SJA-1.jpg?resize=300%2C300",300,300,true],"cvmm-medium-plus":["https:\/\/i1.wp.com\/veracruzdemontilla.com\/wp-content\/uploads\/2014\/05\/Festividad-de-SJA-1.jpg?resize=305%2C207",305,207,true],"cvmm-portrait":["https:\/\/i1.wp.com\/veracruzdemontilla.com\/wp-content\/uploads\/2014\/05\/Festividad-de-SJA-1.jpg?resize=400%2C400",400,400,true],"cvmm-medium-square":["https:\/\/i1.wp.com\/veracruzdemontilla.com\/wp-content\/uploads\/2014\/05\/Festividad-de-SJA-1.jpg?resize=600%2C400",600,400,true],"cvmm-large":["https:\/\/i1.wp.com\/veracruzdemontilla.com\/wp-content\/uploads\/2014\/05\/Festividad-de-SJA-1.jpg?resize=640%2C400",640,400,true],"cvmm-small":["https:\/\/i1.wp.com\/veracruzdemontilla.com\/wp-content\/uploads\/2014\/05\/Festividad-de-SJA-1.jpg?resize=130%2C95",130,95,true],"full":["https:\/\/i1.wp.com\/veracruzdemontilla.com\/wp-content\/uploads\/2014\/05\/Festividad-de-SJA-1.jpg?fit=640%2C400",640,400,false]},"categories_names":{"5":{"name":"Actualidad","link":"http:\/\/veracruzdemontilla.com\/?cat=5"}},"tags_names":[],"comments_number":"0","jetpack_sharing_enabled":true,"jetpack_shortlink":"https:\/\/wp.me\/p9INPk-d4","jetpack_likes_enabled":true,"jetpack-related-posts":[{"id":896,"url":"http:\/\/veracruzdemontilla.com\/?p=896","url_meta":{"origin":810,"position":0},"title":"Nuevo curso de formaci\u00f3n permanente sobre San Juan de \u00c1vila","date":"30 julio, 2014","format":false,"excerpt":"Bajo el t\u00edtulo \u201cIncardinados en una di\u00f3cesis, miembros de un presbiterio\u2026 como San Juan de \u00c1vila\u201d,\u00a0sacerdotes y seminaristas podr\u00e1n ampliar sus conocimientos sobre el nuevo doctor de la Iglesia. La Di\u00f3cesis de C\u00f3rdoba comenzar\u00e1 el nuevo curso en septiembre, de la mano de San Juan de \u00c1vila, puesto que los\u2026","rel":"","context":"En \u00abActualidad\u00bb","img":{"alt_text":"","src":"https:\/\/i2.wp.com\/veracruzdemontilla.com\/wp-content\/uploads\/2014\/07\/san-juan-de-avila-7.jpg?fit=640%2C400&resize=350%2C200","width":350,"height":200},"classes":[]},{"id":429,"url":"http:\/\/veracruzdemontilla.com\/?p=429","url_meta":{"origin":810,"position":1},"title":"Comienza el curso de formaci\u00f3n sobre San Juan de \u00c1vila para sacerdotes y seminaristas","date":"8 octubre, 2013","format":false,"excerpt":"Con motivo del primer aniversario del Doctorado de San Juan de \u00c1vila, se est\u00e1 celebrando el curso titulado \u201cIdentidad del presb\u00edtero diocesano secular, seg\u00fan san Juan de \u00c1vila\u201d. El pasado 7 de octubre, coincidiendo con el primer aniversario del nuevo Doctor de la Iglesia, comenz\u00f3 el curso de formaci\u00f3n espiritual\u2026","rel":"","context":"En \u00abActualidad\u00bb","img":{"alt_text":"","src":"https:\/\/i2.wp.com\/veracruzdemontilla.com\/wp-content\/uploads\/2013\/10\/curso-formacion-cordoba.jpg?fit=500%2C333&resize=350%2C200","width":350,"height":200},"classes":[]},{"id":507,"url":"http:\/\/veracruzdemontilla.com\/?p=507","url_meta":{"origin":810,"position":2},"title":"Clausuramos El A\u00f1o de la fe, con la fiesta de Cristo Rey del Universo","date":"24 noviembre, 2013","format":false,"excerpt":"\"No imagin\u00e1bamos que el A\u00f1o de la Fe diera tanto de s\u00ed. Cuando Dios nos anuncia una gracia nueva, hemos de abrirnos a la misma con toda esperanza, dispuestos a lo imprevisible.\u00a0Y lo imprevisible sucede. El A\u00f1o de la fe que clausuramos con la fiesta de Cristo Rey del Universo\u2026","rel":"","context":"En \u00abActualidad\u00bb","img":{"alt_text":"","src":"https:\/\/i1.wp.com\/veracruzdemontilla.com\/wp-content\/uploads\/2013\/11\/cristorey1.jpg?fit=640%2C427&resize=350%2C200","width":350,"height":200},"classes":[]},{"id":483,"url":"http:\/\/veracruzdemontilla.com\/?p=483","url_meta":{"origin":810,"position":3},"title":"M\u00e1s de 4000 personas veneran las reliquias de San Juan de \u00c1vila en Catalu\u00f1a","date":"29 octubre, 2013","format":false,"excerpt":"El 10 de octubre las reliquias\u00a0de san Juan de \u00c1vila, entre ellas su coraz\u00f3n\u00a0incorrupto, han visitado las di\u00f3cesis\u00a0de Barcelona, Terrassa y Vic, gracias a\u00a0la iniciativa de la Asociaci\u00f3n J\u00f3venes\u00a0de San Jos\u00e9. Todo empez\u00f3 con el A\u00f1o\u00a0de la Fe convocado por Benedicto XVI. \u00a0La visita del patrono del clero secular espa\u00f1ol\u2026","rel":"","context":"En \u00abActualidad\u00bb","img":{"alt_text":"","src":"https:\/\/i2.wp.com\/veracruzdemontilla.com\/wp-content\/uploads\/2013\/10\/barcelona03.jpg?fit=600%2C400&resize=350%2C200","width":350,"height":200},"classes":[]},{"id":280,"url":"http:\/\/veracruzdemontilla.com\/?p=280","url_meta":{"origin":810,"position":4},"title":"D. Jos\u00e9 Luis Moreno Modelo, nuevo Vicario Parroquial de Santiago","date":"17 agosto, 2013","format":false,"excerpt":"Jos\u00e9 Luis Moreno Modelo ha recibido la ordenaci\u00f3n sacerdotal en la solemnidad de san Pedro y san Pablo, de manos del Obispo de C\u00f3rdoba, don Demetrio Fern\u00e1ndez. La Iglesia de C\u00f3rdoba celebr\u00f3 el pasado 29 de junio, uno de los momentos m\u00e1s gozosos de la vida de una di\u00f3cesis: la\u2026","rel":"","context":"En \u00abActualidad\u00bb","img":{"alt_text":"","src":"https:\/\/i1.wp.com\/veracruzdemontilla.com\/wp-content\/uploads\/2013\/08\/Ordenaciones-sacerdotales-2013-28.jpg?fit=901%2C600&resize=350%2C200","width":350,"height":200},"classes":[]},{"id":518,"url":"http:\/\/veracruzdemontilla.com\/?p=518","url_meta":{"origin":810,"position":5},"title":"Hace un a\u00f1o la CEE visit\u00f3 Montilla","date":"30 noviembre, 2013","format":false,"excerpt":"En estos d\u00edas, se cumple un a\u00f1o de la hist\u00f3rica visita de la Conferencia Episcopal a Montilla con motivo del Jubileo Avilista.\u00a0Se trataba de la segunda vez que la plenaria del Episcopado Espa\u00f1ol realizaba una visita oficial, tras la realizada a Santiago de Compostela. Montilla guarda en su\u00a0memoria\u00a0este d\u00eda. La\u2026","rel":"","context":"En \u00abActualidad\u00bb","img":{"alt_text":"","src":"https:\/\/i1.wp.com\/veracruzdemontilla.com\/wp-content\/uploads\/2013\/11\/IMG_2951.jpg?fit=640%2C400&resize=350%2C200","width":350,"height":200},"classes":[]}],"_links":{"self":[{"href":"http:\/\/veracruzdemontilla.com\/index.php?rest_route=\/wp\/v2\/posts\/810"}],"collection":[{"href":"http:\/\/veracruzdemontilla.com\/index.php?rest_route=\/wp\/v2\/posts"}],"about":[{"href":"http:\/\/veracruzdemontilla.com\/index.php?rest_route=\/wp\/v2\/types\/post"}],"author":[{"embeddable":true,"href":"http:\/\/veracruzdemontilla.com\/index.php?rest_route=\/wp\/v2\/users\/1"}],"replies":[{"embeddable":true,"href":"http:\/\/veracruzdemontilla.com\/index.php?rest_route=%2Fwp%2Fv2%2Fcomments&post=810"}],"version-history":[{"count":1,"href":"http:\/\/veracruzdemontilla.com\/index.php?rest_route=\/wp\/v2\/posts\/810\/revisions"}],"predecessor-version":[{"id":812,"href":"http:\/\/veracruzdemontilla.com\/index.php?rest_route=\/wp\/v2\/posts\/810\/revisions\/812"}],"wp:featuredmedia":[{"embeddable":true,"href":"http:\/\/veracruzdemontilla.com\/index.php?rest_route=\/wp\/v2\/media\/811"}],"wp:attachment":[{"href":"http:\/\/veracruzdemontilla.com\/index.php?rest_route=%2Fwp%2Fv2%2Fmedia&parent=810"}],"wp:term":[{"taxonomy":"category","embeddable":true,"href":"http:\/\/veracruzdemontilla.com\/index.php?rest_route=%2Fwp%2Fv2%2Fcategories&post=810"},{"taxonomy":"post_tag","embeddable":true,"href":"http:\/\/veracruzdemontilla.com\/index.php?rest_route=%2Fwp%2Fv2%2Ftags&post=810"}],"curies":[{"name":"wp","href":"https:\/\/api.w.org\/{rel}","templated":true}]}}