{"id":792,"date":"2014-05-04T18:47:04","date_gmt":"2014-05-04T16:47:04","guid":{"rendered":"http:\/\/veracruzdemontilla.com\/?p=792"},"modified":"2014-05-05T10:01:28","modified_gmt":"2014-05-05T08:01:28","slug":"nuevo-imagen-del-altar-mayor-de-nuestra-parroquia","status":"publish","type":"post","link":"http:\/\/veracruzdemontilla.com\/?p=792","title":{"rendered":"Nueva imagen del altar mayor de nuestra parroquia"},"content":{"rendered":"<p style=\"text-align: justify;\">El altar mayor de la Parroquia de Santiago, luce de manera especial, tras el montaje del nuevo templete que preside la valiosa custodia que procesiona por las calles de nuestra ciudad cada festividad del Corpus Christi.<\/p>\n<p style=\"text-align: justify;\">Emplazado en el lugar que ocupaba el primitivo, esta nueva construcci\u00f3n, viene a completar los trabajos de restauraci\u00f3n a los que ha sido sometida nuestra Parroquia, trabajos que han permitido recuperar elementos propios de este templo que desaparecieron con el paso de los a\u00f1os.<\/p>\n<p><a href=\"https:\/\/i0.wp.com\/veracruzdemontilla.com\/wp-content\/uploads\/2014\/05\/altar01.jpg\"><img data-attachment-id=\"795\" data-permalink=\"http:\/\/veracruzdemontilla.com\/?attachment_id=795\" data-orig-file=\"https:\/\/i0.wp.com\/veracruzdemontilla.com\/wp-content\/uploads\/2014\/05\/altar01.jpg?fit=300%2C533\" data-orig-size=\"300,533\" data-comments-opened=\"0\" data-image-meta=\"{&quot;aperture&quot;:&quot;0&quot;,&quot;credit&quot;:&quot;&quot;,&quot;camera&quot;:&quot;&quot;,&quot;caption&quot;:&quot;&quot;,&quot;created_timestamp&quot;:&quot;0&quot;,&quot;copyright&quot;:&quot;&quot;,&quot;focal_length&quot;:&quot;0&quot;,&quot;iso&quot;:&quot;0&quot;,&quot;shutter_speed&quot;:&quot;0&quot;,&quot;title&quot;:&quot;&quot;}\" data-image-title=\"altar01\" data-image-description=\"\" data-image-caption=\"\" data-medium-file=\"https:\/\/i0.wp.com\/veracruzdemontilla.com\/wp-content\/uploads\/2014\/05\/altar01.jpg?fit=168%2C300\" data-large-file=\"https:\/\/i0.wp.com\/veracruzdemontilla.com\/wp-content\/uploads\/2014\/05\/altar01.jpg?fit=300%2C533\" loading=\"lazy\" class=\"size-full wp-image-795 aligncenter\" src=\"https:\/\/i0.wp.com\/veracruzdemontilla.com\/wp-content\/uploads\/2014\/05\/altar01.jpg?resize=300%2C533\" alt=\"altar01\" width=\"300\" height=\"533\" data-recalc-dims=\"1\" \/><\/a><\/p>\n<p style=\"text-align: center;\">\n","protected":false},"excerpt":{"rendered":"<p>El altar mayor de la Parroquia de Santiago, luce de manera especial, tras el montaje del nuevo templete que preside la valiosa custodia que procesiona por las calles de nuestra ciudad cada festividad del Corpus Christi. Emplazado en el lugar que ocupaba el primitivo, esta nueva construcci\u00f3n, viene a completar los trabajos de restauraci\u00f3n a [&#038;hellip<\/p>\n","protected":false},"author":1,"featured_media":793,"comment_status":"closed","ping_status":"open","sticky":false,"template":"","format":"standard","meta":{"advanced_seo_description":"","spay_email":"","jetpack_publicize_message":"","jetpack_is_tweetstorm":false},"categories":[5],"tags":[4],"jetpack_featured_media_url":"https:\/\/i1.wp.com\/veracruzdemontilla.com\/wp-content\/uploads\/2014\/05\/altar.jpg?fit=640%2C400","jetpack_publicize_connections":[],"wpmagazine_modules_lite_featured_media_urls":{"thumbnail":["https:\/\/i1.wp.com\/veracruzdemontilla.com\/wp-content\/uploads\/2014\/05\/altar.jpg?resize=150%2C150",150,150,true],"cvmm-medium":["https:\/\/i1.wp.com\/veracruzdemontilla.com\/wp-content\/uploads\/2014\/05\/altar.jpg?resize=300%2C300",300,300,true],"cvmm-medium-plus":["https:\/\/i1.wp.com\/veracruzdemontilla.com\/wp-content\/uploads\/2014\/05\/altar.jpg?resize=305%2C207",305,207,true],"cvmm-portrait":["https:\/\/i1.wp.com\/veracruzdemontilla.com\/wp-content\/uploads\/2014\/05\/altar.jpg?resize=400%2C400",400,400,true],"cvmm-medium-square":["https:\/\/i1.wp.com\/veracruzdemontilla.com\/wp-content\/uploads\/2014\/05\/altar.jpg?resize=600%2C400",600,400,true],"cvmm-large":["https:\/\/i1.wp.com\/veracruzdemontilla.com\/wp-content\/uploads\/2014\/05\/altar.jpg?resize=640%2C400",640,400,true],"cvmm-small":["https:\/\/i1.wp.com\/veracruzdemontilla.com\/wp-content\/uploads\/2014\/05\/altar.jpg?resize=130%2C95",130,95,true],"full":["https:\/\/i1.wp.com\/veracruzdemontilla.com\/wp-content\/uploads\/2014\/05\/altar.jpg?fit=640%2C400",640,400,false]},"categories_names":{"5":{"name":"Actualidad","link":"http:\/\/veracruzdemontilla.com\/?cat=5"}},"tags_names":{"4":{"name":"Favoritos","link":"http:\/\/veracruzdemontilla.com\/?tag=favoritos"}},"comments_number":"0","jetpack_sharing_enabled":true,"jetpack_shortlink":"https:\/\/wp.me\/p9INPk-cM","jetpack_likes_enabled":true,"jetpack-related-posts":[{"id":823,"url":"http:\/\/veracruzdemontilla.com\/?p=823","url_meta":{"origin":792,"position":0},"title":"Celebrado el Cabildo General Ordinario de nuestra Cofrad\u00eda","date":"24 mayo, 2014","format":false,"excerpt":"En la tarde-noche del pasado viernes 23 de mayo, tras la convocatoria previa a todos los hermanos, tuvo lugar el Cabildo General Ordinario de nuestra Cofrad\u00eda en la capilla del Santo Cristo de Zacatecas. Tras las preces iniciales de nuestro Consiliario, D. Jos\u00e9 Almedina, fue le\u00edda el acta del Cabildo\u2026","rel":"","context":"En \u00abActualidad\u00bb","img":{"alt_text":"","src":"https:\/\/i1.wp.com\/veracruzdemontilla.com\/wp-content\/uploads\/2014\/05\/cabildo1.jpg?fit=640%2C400&resize=350%2C200","width":350,"height":200},"classes":[]},{"id":2330,"url":"http:\/\/veracruzdemontilla.com\/?p=2330","url_meta":{"origin":792,"position":1},"title":"Nuestro hermano Rafael Salido instituido ac\u00f3lito al servicio del altar","date":"11 mayo, 2025","format":false,"excerpt":"La Parroquia de Santiago, la Bas\u00edlica Pontificia de San Juan de \u00c1vila y nuestra cofrad\u00eda vivieron ayer un emotivo momento que guardaremos siempre en nuestro recuerdo. Rafael Salido, hermano de la Vera Cruz y sacrist\u00e1n de nuestra querida parroquia, fue instituido en el ministerio laical de ac\u00f3lito de manos del\u2026","rel":"","context":"En \u00abActualidad\u00bb","img":{"alt_text":"","src":"https:\/\/i2.wp.com\/veracruzdemontilla.com\/wp-content\/uploads\/2025\/05\/WhatsApp-Image-2025-05-10-at-22.42.13.jpeg?fit=1200%2C800&resize=350%2C200","width":350,"height":200},"classes":[]},{"id":827,"url":"http:\/\/veracruzdemontilla.com\/?p=827","url_meta":{"origin":792,"position":2},"title":"Un nuevo miembro de nuestra Iglesia.","date":"26 mayo, 2014","format":false,"excerpt":"La ma\u00f1ana del pasado domingo 25 de mayo, en la Capilla del Baptisterio de la Parroquia de Santiago Ap\u00f3stol, el peque\u00f1o Mart\u00edn recibi\u00f3 el Sacramento del Bautismo convirti\u00e9ndose as\u00ed en un nuevo miembro de la Iglesia. El primer hijo de Juan Antonio y \u00darsula, Vice Hermano\u00a0 Mayor y Vocal de\u2026","rel":"","context":"En \u00abActualidad\u00bb","img":{"alt_text":"","src":"https:\/\/i2.wp.com\/veracruzdemontilla.com\/wp-content\/uploads\/2014\/05\/IMG-20140525-WA0003.jpg?fit=640%2C400&resize=350%2C200","width":350,"height":200},"classes":[]},{"id":1674,"url":"http:\/\/veracruzdemontilla.com\/?p=1674","url_meta":{"origin":792,"position":3},"title":"Florencio Polonio, nuevo hermano mayor de la Santa Vera Cruz","date":"4 octubre, 2021","format":false,"excerpt":"El pasado viernes 1 de octubre, tras el Cabildo Ordinario, tuvo lugar la celebraci\u00f3n del Cabildo General de Elecciones, toda vez que el mandato del actual hermano mayor hab\u00eda llegado a su fin. La jornada electoral, que concluy\u00f3 sin incidencia alguna, sirvi\u00f3 para que D. Miguel Navarro M\u00e1rquez, hermano mayor\u2026","rel":"","context":"En \u00abActualidad\u00bb","img":{"alt_text":"","src":"https:\/\/i1.wp.com\/veracruzdemontilla.com\/wp-content\/uploads\/2021\/10\/Elecciones-2021.jpeg?fit=847%2C600&resize=350%2C200","width":350,"height":200},"classes":[]},{"id":715,"url":"http:\/\/veracruzdemontilla.com\/?p=715","url_meta":{"origin":792,"position":4},"title":"Nuestra Titular ocupa una de las capillas recuperadas","date":"10 abril, 2014","format":false,"excerpt":"Desde el pasado 9 de abril, tras la misa de reapertura al culto de la Parroquia de Santiago oficiada por el Obispo de C\u00f3rdoba, Monse\u00f1or Demetrio Fern\u00e1ndez, nuestra Titular Mar\u00eda Sant\u00edsima del Socorro ocupa una de las capillas recuperadas tras los trabajos de reparaci\u00f3n y restauraci\u00f3n llevados a cabo en\u2026","rel":"","context":"En \u00abActualidad\u00bb","img":{"alt_text":"","src":"https:\/\/i0.wp.com\/veracruzdemontilla.com\/wp-content\/uploads\/2014\/04\/nuevacapilla.jpg?fit=640%2C400&resize=350%2C200","width":350,"height":200},"classes":[]},{"id":1227,"url":"http:\/\/veracruzdemontilla.com\/?p=1227","url_meta":{"origin":792,"position":5},"title":"Una d\u00e9cada junto a Nuestra Se\u00f1ora del Socorro","date":"5 diciembre, 2015","format":false,"excerpt":"Hace una d\u00e9cada era bendecida la nueva imagen de la Stma. Virgen Dolorosa bajo la advocaci\u00f3n de Nuestra Se\u00f1ora del Socorro. Es por ello que, ahora cuando se cumple tal efem\u00e9ride, la cofrad\u00eda no ha querido dejar pasar tan significativa ocasi\u00f3n, para la cual hemos organizado una Solemne Eucarist\u00eda de\u2026","rel":"","context":"En \u00abActualidad\u00bb","img":{"alt_text":"","src":"https:\/\/i1.wp.com\/veracruzdemontilla.com\/wp-content\/uploads\/2015\/12\/socorro07.jpg?fit=640%2C400&resize=350%2C200","width":350,"height":200},"classes":[]}],"_links":{"self":[{"href":"http:\/\/veracruzdemontilla.com\/index.php?rest_route=\/wp\/v2\/posts\/792"}],"collection":[{"href":"http:\/\/veracruzdemontilla.com\/index.php?rest_route=\/wp\/v2\/posts"}],"about":[{"href":"http:\/\/veracruzdemontilla.com\/index.php?rest_route=\/wp\/v2\/types\/post"}],"author":[{"embeddable":true,"href":"http:\/\/veracruzdemontilla.com\/index.php?rest_route=\/wp\/v2\/users\/1"}],"replies":[{"embeddable":true,"href":"http:\/\/veracruzdemontilla.com\/index.php?rest_route=%2Fwp%2Fv2%2Fcomments&post=792"}],"version-history":[{"count":5,"href":"http:\/\/veracruzdemontilla.com\/index.php?rest_route=\/wp\/v2\/posts\/792\/revisions"}],"predecessor-version":[{"id":800,"href":"http:\/\/veracruzdemontilla.com\/index.php?rest_route=\/wp\/v2\/posts\/792\/revisions\/800"}],"wp:featuredmedia":[{"embeddable":true,"href":"http:\/\/veracruzdemontilla.com\/index.php?rest_route=\/wp\/v2\/media\/793"}],"wp:attachment":[{"href":"http:\/\/veracruzdemontilla.com\/index.php?rest_route=%2Fwp%2Fv2%2Fmedia&parent=792"}],"wp:term":[{"taxonomy":"category","embeddable":true,"href":"http:\/\/veracruzdemontilla.com\/index.php?rest_route=%2Fwp%2Fv2%2Fcategories&post=792"},{"taxonomy":"post_tag","embeddable":true,"href":"http:\/\/veracruzdemontilla.com\/index.php?rest_route=%2Fwp%2Fv2%2Ftags&post=792"}],"curies":[{"name":"wp","href":"https:\/\/api.w.org\/{rel}","templated":true}]}}