{"id":789,"date":"2014-05-04T13:57:49","date_gmt":"2014-05-04T11:57:49","guid":{"rendered":"http:\/\/veracruzdemontilla.com\/?p=789"},"modified":"2014-05-04T13:57:49","modified_gmt":"2014-05-04T11:57:49","slug":"leyendas-de-zacatecas-leyenda-del-santo-cristo-de-zacatecas","status":"publish","type":"post","link":"http:\/\/veracruzdemontilla.com\/?p=789","title":{"rendered":"Leyendas de Zacatecas \u2013 Leyenda del Santo Cristo de Zacatecas"},"content":{"rendered":"<p style=\"color: #444444; text-align: justify;\"><em>\u00abEn los primeros siglos de vida de la ciudad de Zacatecas ya corr\u00eda de voz en voz un relato que ahora les vamos a contar y que fue escrito a principios del siglo XIX por un habitante de este lugar. Gracias a ese texto hoy podemos conocer el contenido de lo que para la gente que vivi\u00f3 aqu\u00ed fueron hechos reales pero para los que vivimos en el siglo XXI simplemente podr\u00eda tratarse de una de las leyendas m\u00e1s antiguas de esta hermosa ciudad. Sin embargo, no debemos ignorar que un gran n\u00famero de leyendas contienen dos ingredientes que las hacen m\u00e1s interesantes: una porci\u00f3n de verdad y una fuerte cantidad de fantas\u00eda, imaginaci\u00f3n y de exageraciones deliciosas. Y sin m\u00e1s pre\u00e1mbulo vayamos a la narraci\u00f3n de los \u00absucesos\u00bb que tratan de explicarnos el motivo por el que se asent\u00f3 la ciudad de Zacatecas en el lugar donde ahora se encuentra ya que el campamento de los primeros pobladores y mineros estuvo en otro sitio.<\/em><\/p>\n<p style=\"color: #444444; text-align: justify;\"><em>Todo comenz\u00f3 aquel memorable 8 de septiembre de 1546 cuando el vasco Joanes de Tolosa lleg\u00f3 hasta los pies de un cerro al que luego se le bautizar\u00eda con el nombre de La Bufa. Juan de Tolosa, apodado por sus conocidos espa\u0144oles como \u00abBarbalonga\u00bb porque ten\u00eda una barga muy grande y poblada, estableci\u00f3 su campamento en un sitio que ahora conocemos como las lomas de Bracho. Fue conducido hasta este sitio por un esclavo suyo. Se trataba de un ind\u00edgena zacateco quien al ver \u00aba su amo tan ansioso de descubrir minas y tener plata, d\u00edjole el indio esclavo: \u201cSi tanto haces por ese g\u00e9nero, yo te llevar\u00e9 donde hinches las manos y hartes tu codicia\u201d. O\u00eddo lo cual por Joanes de Tolosa, sin revelarlo a sus compa\u0144eros espa\u0144oles, parti\u00f3 secretamente con el indio esclavo quien lo puso en tales minerales y hall\u00f3 tantos y tan ricos que hubo algunos\u00bb que adquirieron mucha plata.<\/em><\/p>\n<p style=\"color: #444444; text-align: justify;\"><em>Naturalmente que unos de los primeros que se enteraron del descubrimiento de estas vetas argent\u00edferas fueron sus amigos vascos Crist\u00f3bal de O\u0144ate y Diego de Ibarra, con quienes ten\u00eda fuertes v\u00ednculos.<\/em><\/p>\n<p style=\"color: #444444; text-align: justify;\"><em>Al correr la pronta noticia de la riqueza de las minas de plata de Zacatecas, mucha gente vino \u00aba poblar estas minas a mucha prisa y fueron los primeros pobladores los soldados que m\u00e1s cerca de este sitio se hallaron y juntamente comenzaron a venir al reclamo de la plata mucha gente de M\u00e9xico y, entre ellos, mercaderes y mercader\u00edas\u00bb.<\/em><\/p>\n<p style=\"color: #444444; text-align: justify;\"><em>Un rico y afamado minero, don Alonso de Villaseca que era due\u0144o de minas en Guanajuato, tambi\u00e9n tuvo participaci\u00f3n en los ricos minerales de Zacatecas, sobre todo, en la mina de Benitillas. Don Alonso levant\u00f3 dos haciendas muy cerca de sus intereses, una de campo y una de beneficio de la plata. Esta \u00faltima estaba en la ca\u0144ada que forman los cerros de La Bufa y de El Grillo, muy cerca de los pueblos de los indios que trabajaban las minas. En cada hacienda construy\u00f3 su respectiva capilla y en cada una coloc\u00f3 una imagen de Cristo crucificado que hab\u00eda adquirido hacia el a\u0144o de 1563. Debido a la proximidad de la hacienda de beneficio y a la devoci\u00f3n que la gente le ten\u00eda al Santo Cristo que se veneraba en esa capilla, por los favores que les otorgaba, \u00abse fue poco a poco viniendo la poblaci\u00f3n de espa\u0144oles cerca de dicha capilla y de esta suerte lleg\u00f3 a trasladarse la ciudad de Zacatecas al local donde hoy est\u00e1, a pesar de la incomodidad que ofrece lo estrecho de la ca\u0144ada. El lugar de esta capilla debi\u00f3 estar cerca de donde ahora se alza la Santa Iglesia Catedral zacatecana\u00bb.<\/em><\/p>\n<p style=\"color: #444444; text-align: justify;\"><em>Esto quiere decir que los espa\u0144oles que antes hab\u00edan acampado en las ahora denominadas lomas de Bracho y los que estaban dispersos con sus haciendas en los alrededores (en el campo y en las minas), con el paso de los a\u0144os y gracias a la devoci\u00f3n que comenz\u00f3 a cobrar la imagen del Santo Cristo de la hacienda de don Alonso de Villaseca decidieron construir sus casas en torno a esa capilla que estaba situada en la ca\u0144ada. Y, en consecuencia, esa devoci\u00f3n fue determinante para que la ciudad de Zacatecas se asentara en el lugar donde hoy est\u00e1. Al centro se construir\u00eda la primera parroquia y en torno a ella las casas de los espa\u0144oles, mientras que las humildes viviendas de los indios estar\u00edan en las periferias.<\/em><\/p>\n<p style=\"color: #444444; text-align: justify;\"><em>En cuanto a la devoci\u00f3n que los habitantes de Zacatecas le profesaron al Santo Cristo fue en aumento y muy pronto comenz\u00f3 a obrar milagros en su favor, a tal grado que esta imagen lleg\u00f3 a convertirse en uno de los principales protectores m\u00e1s apreciados de los mineros y de toda la ciudad. Con el paso del tiempo esa imagen fue colocada en una capilla anexa al templo parroquial y a partir de entonces se le conoci\u00f3 como el Santo Cristo de la Parroquia de Zacatecas. Esta preciosa escultura no s\u00f3lo obraba prodigios individuales, tambi\u00e9n lo hizo con toda la ciudad.\u00bb<\/em><\/p>\n<p style=\"color: #444444; text-align: justify;\">\n<p style=\"color: #444444; text-align: justify;\">Fuente: \u00a0 <a title=\"Portal Zacatecas\" href=\"http:\/\/www.portalzacatecas.com\" target=\"_blank\">www.portalzacatecas.com<\/a><\/p>\n","protected":false},"excerpt":{"rendered":"<p>\u00abEn los primeros siglos de vida de la ciudad de Zacatecas ya corr\u00eda de voz en voz un relato que ahora les vamos a contar y que fue escrito a principios del siglo XIX por un habitante de este lugar. Gracias a ese texto hoy podemos conocer el contenido de lo que para la gente [&#038;hellip<\/p>\n","protected":false},"author":1,"featured_media":790,"comment_status":"closed","ping_status":"open","sticky":false,"template":"","format":"standard","meta":{"advanced_seo_description":"","spay_email":"","jetpack_publicize_message":"","jetpack_is_tweetstorm":false},"categories":[5],"tags":[4],"jetpack_featured_media_url":"https:\/\/i0.wp.com\/veracruzdemontilla.com\/wp-content\/uploads\/2014\/05\/santocristozacatecas02.jpg?fit=640%2C400","jetpack_publicize_connections":[],"wpmagazine_modules_lite_featured_media_urls":{"thumbnail":["https:\/\/i0.wp.com\/veracruzdemontilla.com\/wp-content\/uploads\/2014\/05\/santocristozacatecas02.jpg?resize=150%2C150",150,150,true],"cvmm-medium":["https:\/\/i0.wp.com\/veracruzdemontilla.com\/wp-content\/uploads\/2014\/05\/santocristozacatecas02.jpg?resize=300%2C300",300,300,true],"cvmm-medium-plus":["https:\/\/i0.wp.com\/veracruzdemontilla.com\/wp-content\/uploads\/2014\/05\/santocristozacatecas02.jpg?resize=305%2C207",305,207,true],"cvmm-portrait":["https:\/\/i0.wp.com\/veracruzdemontilla.com\/wp-content\/uploads\/2014\/05\/santocristozacatecas02.jpg?resize=400%2C400",400,400,true],"cvmm-medium-square":["https:\/\/i0.wp.com\/veracruzdemontilla.com\/wp-content\/uploads\/2014\/05\/santocristozacatecas02.jpg?resize=600%2C400",600,400,true],"cvmm-large":["https:\/\/i0.wp.com\/veracruzdemontilla.com\/wp-content\/uploads\/2014\/05\/santocristozacatecas02.jpg?resize=640%2C400",640,400,true],"cvmm-small":["https:\/\/i0.wp.com\/veracruzdemontilla.com\/wp-content\/uploads\/2014\/05\/santocristozacatecas02.jpg?resize=130%2C95",130,95,true],"full":["https:\/\/i0.wp.com\/veracruzdemontilla.com\/wp-content\/uploads\/2014\/05\/santocristozacatecas02.jpg?fit=640%2C400",640,400,false]},"categories_names":{"5":{"name":"Actualidad","link":"http:\/\/veracruzdemontilla.com\/?cat=5"}},"tags_names":{"4":{"name":"Favoritos","link":"http:\/\/veracruzdemontilla.com\/?tag=favoritos"}},"comments_number":"0","jetpack_sharing_enabled":true,"jetpack_shortlink":"https:\/\/wp.me\/p9INPk-cJ","jetpack_likes_enabled":true,"jetpack-related-posts":[{"id":97,"url":"http:\/\/veracruzdemontilla.com\/?p=97","url_meta":{"origin":789,"position":0},"title":"Santo Cristo de Zacatecas","date":"25 octubre, 2009","format":false,"excerpt":"El Santo Cristo de Zacatecas es uno de los mejores exponentes del barroco colonial que llevaron los espa\u00f1oles a las Indias. De tama\u00f1o superior al acad\u00e9mico y con una altura de 210 cent\u00edmetros, la imagen est\u00e1 construida con una mezcla de fibras vegetales de ca\u00f1a de ma\u00edz y encolados.La imagen\u2026","rel":"","context":"En \u00abSin categor\u00eda\u00bb","img":{"alt_text":"","src":"","width":0,"height":0},"classes":[]},{"id":2541,"url":"http:\/\/veracruzdemontilla.com\/?p=2541","url_meta":{"origin":789,"position":1},"title":"El solemne quinario abre las puertas a la cuaresma","date":"24 febrero, 2026","format":false,"excerpt":"Un a\u00f1o m\u00e1s la Cofrad\u00eda Penitencial de la Santa Vera Cruz ha celebrado el solemne quinario en honor al Santo Cristo de Zacatecas y Santa Mar\u00eda del Socorro.As\u00ed, este pasado 18 de febrero, Mi\u00e9rcoles de Ceniza, con el inicio del quinario, se cumplieron veinticinco a\u00f1os desde que la devoci\u00f3n crucera\u2026","rel":"","context":"En \u00abActualidad\u00bb","img":{"alt_text":"","src":"https:\/\/i2.wp.com\/veracruzdemontilla.com\/wp-content\/uploads\/2026\/02\/20260222-FiestaDe-Regla-18.jpg?fit=1200%2C800&resize=350%2C200","width":350,"height":200},"classes":[]},{"id":468,"url":"http:\/\/veracruzdemontilla.com\/?p=468","url_meta":{"origin":789,"position":2},"title":"Una visita llegada desde Zacatecas","date":"22 octubre, 2013","format":false,"excerpt":"El pasado d\u00eda 4 de octubre tuvimos el honor de recibir la visita de una familia de la ciudad de Zacatecas (M\u00e9xico), que se acerc\u00f3 hasta Montilla con la intenci\u00f3n de conocer la imagen de nuestro titular. Ricardo T\u00e9llez Fern\u00e1ndez, junto con su esposa y sus dos hijos, y acompa\u00f1ados\u2026","rel":"","context":"En \u00abActualidad\u00bb","img":{"alt_text":"","src":"https:\/\/i2.wp.com\/veracruzdemontilla.com\/wp-content\/uploads\/2013\/10\/DSC_3138.jpg?fit=1200%2C795&resize=350%2C200","width":350,"height":200},"classes":[]},{"id":1022,"url":"http:\/\/veracruzdemontilla.com\/?p=1022","url_meta":{"origin":789,"position":3},"title":"Actos y Cultos Cuaresma 2015 &#8211; Solemne Quinario","date":"10 febrero, 2015","format":false,"excerpt":"Pr\u00f3xima est\u00e1 ya la Cuaresma, ese tiempo lit\u00fargico que la Iglesia nos marca para prepararnos a la gran fiesta de la Pascua. Por ello, me dirijo a vosotros a trav\u00e9s de estas l\u00edneas un a\u00f1o m\u00e1s, para de esta forma, invitaros y haceros part\u00edcipes de todos los actos que nuestra\u2026","rel":"","context":"En \u00abActualidad\u00bb","img":{"alt_text":"","src":"https:\/\/i0.wp.com\/veracruzdemontilla.com\/wp-content\/uploads\/2015\/02\/IMG_235220045376588-600x375.jpeg?fit=640%2C400&resize=350%2C200","width":350,"height":200},"classes":[]},{"id":1241,"url":"http:\/\/veracruzdemontilla.com\/?p=1241","url_meta":{"origin":789,"position":4},"title":"La Virgen del Socorro cumple diez a\u00f1os tras su vuelta al culto","date":"14 diciembre, 2015","format":false,"excerpt":"Fuente: Diario C\u00f3rdoba Im\u00e1genes: Cofrad\u00eda Vera Cruz Los hermanos de la Cofrad\u00eda Penitencial de la Santa Vera Cruz conmemoraron ayer un importante aniversario. Hace diez a\u00f1os, el templo mayor de Montilla acogi\u00f3 una solemne ceremonia que ayer volvi\u00f3 a rememorarse con algunos de sus protagonistas de entonces presentes. El 11\u2026","rel":"","context":"En \u00abActualidad\u00bb","img":{"alt_text":"","src":"https:\/\/i2.wp.com\/veracruzdemontilla.com\/wp-content\/uploads\/2015\/12\/10a.jpg?fit=640%2C400&resize=350%2C200","width":350,"height":200},"classes":[]},{"id":1432,"url":"http:\/\/veracruzdemontilla.com\/?p=1432","url_meta":{"origin":789,"position":5},"title":"\u00a1Qu\u00e9 verdadera tu cruz! a cuatro semanas para otro Martes Santo","date":"27 febrero, 2018","format":false,"excerpt":"ZACATECAS De carne de ca\u00f1a azteca\u2026 Se\u00f1or de la Vera Cruz y Cristo de Zacatecas. El Divino navegante y El Dios del perfil extra\u00f1o, al que olvidaron los tiempos y al que empolvaron los a\u00f1os. Cuatro siglos de misterio gritan desde tu retablo, con un crujir de maderas y un\u2026","rel":"","context":"En \u00abActualidad\u00bb","img":{"alt_text":"","src":"","width":0,"height":0},"classes":[]}],"_links":{"self":[{"href":"http:\/\/veracruzdemontilla.com\/index.php?rest_route=\/wp\/v2\/posts\/789"}],"collection":[{"href":"http:\/\/veracruzdemontilla.com\/index.php?rest_route=\/wp\/v2\/posts"}],"about":[{"href":"http:\/\/veracruzdemontilla.com\/index.php?rest_route=\/wp\/v2\/types\/post"}],"author":[{"embeddable":true,"href":"http:\/\/veracruzdemontilla.com\/index.php?rest_route=\/wp\/v2\/users\/1"}],"replies":[{"embeddable":true,"href":"http:\/\/veracruzdemontilla.com\/index.php?rest_route=%2Fwp%2Fv2%2Fcomments&post=789"}],"version-history":[{"count":1,"href":"http:\/\/veracruzdemontilla.com\/index.php?rest_route=\/wp\/v2\/posts\/789\/revisions"}],"predecessor-version":[{"id":791,"href":"http:\/\/veracruzdemontilla.com\/index.php?rest_route=\/wp\/v2\/posts\/789\/revisions\/791"}],"wp:featuredmedia":[{"embeddable":true,"href":"http:\/\/veracruzdemontilla.com\/index.php?rest_route=\/wp\/v2\/media\/790"}],"wp:attachment":[{"href":"http:\/\/veracruzdemontilla.com\/index.php?rest_route=%2Fwp%2Fv2%2Fmedia&parent=789"}],"wp:term":[{"taxonomy":"category","embeddable":true,"href":"http:\/\/veracruzdemontilla.com\/index.php?rest_route=%2Fwp%2Fv2%2Fcategories&post=789"},{"taxonomy":"post_tag","embeddable":true,"href":"http:\/\/veracruzdemontilla.com\/index.php?rest_route=%2Fwp%2Fv2%2Ftags&post=789"}],"curies":[{"name":"wp","href":"https:\/\/api.w.org\/{rel}","templated":true}]}}