{"id":785,"date":"2014-05-03T20:46:45","date_gmt":"2014-05-03T18:46:45","guid":{"rendered":"http:\/\/veracruzdemontilla.com\/?p=785"},"modified":"2014-05-03T20:48:51","modified_gmt":"2014-05-03T18:48:51","slug":"ferrer-dalmau-el-pintor-de-batallas","status":"publish","type":"post","link":"http:\/\/veracruzdemontilla.com\/?p=785","title":{"rendered":"Ferrer-Dalmau \u00abEl Pintor de Batallas\u00bb"},"content":{"rendered":"<div style=\"color: #222222; text-align: justify;\">Estimados amigos.<\/div>\n<div style=\"color: #222222; text-align: justify;\"><\/div>\n<div style=\"color: #222222; text-align: justify;\"><span style=\"color: #222222;\">El C\u00edrculo de Amigos de las Fuerzas Armadas, junto a la Brigada de Infanter\u00eda Mecanizada \u00abGuzm\u00e1n el Bueno\u00bb X, \u00a0y con la colaboraci\u00f3n de diversas instituciones, entidades y asociaciones civiles, organizan en C\u00f3rdoba la muestra de pintura militar \u00abHistoria, arte y milicia\u00bb, referente a la obra \u00a0del \u00a0afamado pintor Augusto Ferrer-Dalmau, siendo la primera vez que este expone\u00a0<\/span><span style=\"color: #222222;\">en Andaluc\u00eda.<\/span><\/div>\n<div style=\"color: #222222;\">\n<div>\n<div style=\"text-align: justify;\">Durante un mes estar\u00e1 abierta al p\u00fablico, en el oratorio San Felipe Neri (C\/San Felipe Neri s\/n) junto a la Comandancia Militar, en d\u00edas y horarios que se reflejan en el cartel que os adjuntamos. Esperando que sea de vuestro inter\u00e9s os animamos a visitarla y a dar toda la difusi\u00f3n posible.<\/div>\n<div style=\"text-align: justify;\">La Junta Directiva.<\/div>\n<\/div>\n<\/div>\n","protected":false},"excerpt":{"rendered":"<p>Estimados amigos. El C\u00edrculo de Amigos de las Fuerzas Armadas, junto a la Brigada de Infanter\u00eda Mecanizada \u00abGuzm\u00e1n el Bueno\u00bb X, \u00a0y con la colaboraci\u00f3n de diversas instituciones, entidades y asociaciones civiles, organizan en C\u00f3rdoba la muestra de pintura militar \u00abHistoria, arte y milicia\u00bb, referente a la obra \u00a0del \u00a0afamado pintor Augusto Ferrer-Dalmau, siendo la [&#038;hellip<\/p>\n","protected":false},"author":1,"featured_media":786,"comment_status":"closed","ping_status":"open","sticky":false,"template":"","format":"standard","meta":{"advanced_seo_description":"","spay_email":"","jetpack_publicize_message":"","jetpack_is_tweetstorm":false},"categories":[5],"tags":[],"jetpack_featured_media_url":"https:\/\/i0.wp.com\/veracruzdemontilla.com\/wp-content\/uploads\/2014\/05\/expo.jpg?fit=640%2C400","jetpack_publicize_connections":[],"wpmagazine_modules_lite_featured_media_urls":{"thumbnail":["https:\/\/i0.wp.com\/veracruzdemontilla.com\/wp-content\/uploads\/2014\/05\/expo.jpg?resize=150%2C150",150,150,true],"cvmm-medium":["https:\/\/i0.wp.com\/veracruzdemontilla.com\/wp-content\/uploads\/2014\/05\/expo.jpg?resize=300%2C300",300,300,true],"cvmm-medium-plus":["https:\/\/i0.wp.com\/veracruzdemontilla.com\/wp-content\/uploads\/2014\/05\/expo.jpg?resize=305%2C207",305,207,true],"cvmm-portrait":["https:\/\/i0.wp.com\/veracruzdemontilla.com\/wp-content\/uploads\/2014\/05\/expo.jpg?resize=400%2C400",400,400,true],"cvmm-medium-square":["https:\/\/i0.wp.com\/veracruzdemontilla.com\/wp-content\/uploads\/2014\/05\/expo.jpg?resize=600%2C400",600,400,true],"cvmm-large":["https:\/\/i0.wp.com\/veracruzdemontilla.com\/wp-content\/uploads\/2014\/05\/expo.jpg?resize=640%2C400",640,400,true],"cvmm-small":["https:\/\/i0.wp.com\/veracruzdemontilla.com\/wp-content\/uploads\/2014\/05\/expo.jpg?resize=130%2C95",130,95,true],"full":["https:\/\/i0.wp.com\/veracruzdemontilla.com\/wp-content\/uploads\/2014\/05\/expo.jpg?fit=640%2C400",640,400,false]},"categories_names":{"5":{"name":"Actualidad","link":"http:\/\/veracruzdemontilla.com\/?cat=5"}},"tags_names":[],"comments_number":"0","jetpack_sharing_enabled":true,"jetpack_shortlink":"https:\/\/wp.me\/p9INPk-cF","jetpack_likes_enabled":true,"jetpack-related-posts":[{"id":1699,"url":"http:\/\/veracruzdemontilla.com\/?p=1699","url_meta":{"origin":785,"position":0},"title":"Una exposici\u00f3n conmemora el 450\u00ba aniversario de la Batalla de Lepanto","date":"18 octubre, 2021","format":false,"excerpt":"Pocos hechos de armas han trascendido lo estrictamente militar para modelar el curso de la Historia tambi\u00e9n en lo pol\u00edtico, lo cultural y lo religioso. La Batalla de Lepanto de la que se conmemora en estos d\u00edas el 450\u00ba aniversario es uno de esos casos singulares. En recuerdo de esta\u2026","rel":"","context":"En \u00abActualidad\u00bb","img":{"alt_text":"","src":"https:\/\/i0.wp.com\/veracruzdemontilla.com\/wp-content\/uploads\/2021\/10\/cartel-lepanto.jpeg?fit=848%2C1200&resize=350%2C200","width":350,"height":200},"classes":[]},{"id":582,"url":"http:\/\/veracruzdemontilla.com\/?p=582","url_meta":{"origin":785,"position":1},"title":"Ruiz Olmos recibe la faja de general de la BRIMZ X","date":"20 diciembre, 2013","format":false,"excerpt":"El general jefe de las Fuerzas Pesadas, Miguel \u00c1lca\u00f1iz Comas, ha presidido esta ma\u00f1ana en el Oratorio San Felipe Neri\u00a0la imposici\u00f3n de la Faja al nuevo general de la Brigada de Infanter\u00eda Mecanizada \u00abGuzm\u00e1n El Bueno\u00bb Antonio Ruiz Olmos. Al acto han asisitido numerosas autoridades institucionales, civiles y militares, entre\u2026","rel":"","context":"En \u00abActualidad\u00bb","img":{"alt_text":"","src":"https:\/\/i2.wp.com\/veracruzdemontilla.com\/wp-content\/uploads\/2013\/12\/ruiz1-644x362.jpg?fit=644%2C362&resize=350%2C200","width":350,"height":200},"classes":[]},{"id":473,"url":"http:\/\/veracruzdemontilla.com\/?p=473","url_meta":{"origin":785,"position":2},"title":"El Museo Garnelo acoge de forma temporal el \u2018Apostolado\u2019 de la Parroquia de Santiago","date":"26 octubre, 2013","format":false,"excerpt":"La Casa de las Aguas, sede del Museo Garnelo, acoge desde ayer el Apostolado de Jos\u00e9 Garnelo y Alda que adorna los muros de la Parroquia de Santiago desde 1934. Las obras que se vienen realizando en el templo montillano desde hace algunos meses han dado pie a que los\u2026","rel":"","context":"En \u00abActualidad\u00bb","img":{"alt_text":"","src":"https:\/\/i2.wp.com\/veracruzdemontilla.com\/wp-content\/uploads\/2013\/10\/13-10-26_santiago_1.jpg?fit=610%2C455&resize=350%2C200","width":350,"height":200},"classes":[]},{"id":545,"url":"http:\/\/veracruzdemontilla.com\/?p=545","url_meta":{"origin":785,"position":3},"title":"Acompa\u00f1amos a nuestros hermanos de la brigada en el d\u00eda de la Inmaculada","date":"10 diciembre, 2013","format":false,"excerpt":"Nuestro Hermano Mayor Miguel Navarro, junto a Florencio Polonio y Antonio Luis Jim\u00e9nez, capataz y vocal de cultos respectivamente de nuestra hermandad, visitaron este domingo la Base Militar de Cerro Muriano que acogi\u00f3 la celebraci\u00f3n del \"d\u00eda grande\" de la Infanter\u00eda espa\u00f1ola, en el que se rinde homenaje a la\u2026","rel":"","context":"En \u00abActualidad\u00bb","img":{"alt_text":"","src":"https:\/\/i0.wp.com\/veracruzdemontilla.com\/wp-content\/uploads\/2013\/12\/brimz_inmaculada_01.jpg?fit=640%2C400&resize=350%2C200","width":350,"height":200},"classes":[]},{"id":515,"url":"http:\/\/veracruzdemontilla.com\/?p=515","url_meta":{"origin":785,"position":4},"title":"El Pr\u00edncipe, de maniobras con la Brigada","date":"30 noviembre, 2013","format":false,"excerpt":"El Pr\u00edncipe Felipe ha intervenido hoy en unas maniobras desarrolladas por la Brigada de Infanter\u00eda Mecanizada \"Guzm\u00e1n el Bueno\" X en el Centro Nacional de Adiestramiento de San Gregorio de Zaragoza, donde ha dirigido un carro de combate y participado en un ejercicio de tiro, entre otras actividades. Don Felipe\u2026","rel":"","context":"En \u00abActualidad\u00bb","img":{"alt_text":"","src":"https:\/\/i2.wp.com\/veracruzdemontilla.com\/wp-content\/uploads\/2013\/11\/principe.jpg?fit=640%2C400&resize=350%2C200","width":350,"height":200},"classes":[]},{"id":110,"url":"http:\/\/veracruzdemontilla.com\/?p=110","url_meta":{"origin":785,"position":5},"title":"Memoria de la Semana Santa","date":"7 enero, 2009","format":false,"excerpt":"Desde la Cuaresma de 2006, los amantes de la Semana Santa cuentan con un interesante estudio que recoge, en im\u00e1genes, la historia viva de las hermandades y cofrad\u00edas de la localidad, entre 1900 y 1965. La Cofrad\u00eda Penitencial de la Santa Vera Cruz consigui\u00f3 reunir al historiador local Miguel Aguilar\u2026","rel":"","context":"En \u00abSin categor\u00eda\u00bb","img":{"alt_text":"","src":"","width":0,"height":0},"classes":[]}],"_links":{"self":[{"href":"http:\/\/veracruzdemontilla.com\/index.php?rest_route=\/wp\/v2\/posts\/785"}],"collection":[{"href":"http:\/\/veracruzdemontilla.com\/index.php?rest_route=\/wp\/v2\/posts"}],"about":[{"href":"http:\/\/veracruzdemontilla.com\/index.php?rest_route=\/wp\/v2\/types\/post"}],"author":[{"embeddable":true,"href":"http:\/\/veracruzdemontilla.com\/index.php?rest_route=\/wp\/v2\/users\/1"}],"replies":[{"embeddable":true,"href":"http:\/\/veracruzdemontilla.com\/index.php?rest_route=%2Fwp%2Fv2%2Fcomments&post=785"}],"version-history":[{"count":2,"href":"http:\/\/veracruzdemontilla.com\/index.php?rest_route=\/wp\/v2\/posts\/785\/revisions"}],"predecessor-version":[{"id":788,"href":"http:\/\/veracruzdemontilla.com\/index.php?rest_route=\/wp\/v2\/posts\/785\/revisions\/788"}],"wp:featuredmedia":[{"embeddable":true,"href":"http:\/\/veracruzdemontilla.com\/index.php?rest_route=\/wp\/v2\/media\/786"}],"wp:attachment":[{"href":"http:\/\/veracruzdemontilla.com\/index.php?rest_route=%2Fwp%2Fv2%2Fmedia&parent=785"}],"wp:term":[{"taxonomy":"category","embeddable":true,"href":"http:\/\/veracruzdemontilla.com\/index.php?rest_route=%2Fwp%2Fv2%2Fcategories&post=785"},{"taxonomy":"post_tag","embeddable":true,"href":"http:\/\/veracruzdemontilla.com\/index.php?rest_route=%2Fwp%2Fv2%2Ftags&post=785"}],"curies":[{"name":"wp","href":"https:\/\/api.w.org\/{rel}","templated":true}]}}