{"id":777,"date":"2014-04-30T12:12:52","date_gmt":"2014-04-30T10:12:52","guid":{"rendered":"http:\/\/veracruzdemontilla.com\/?p=777"},"modified":"2014-04-30T12:12:52","modified_gmt":"2014-04-30T10:12:52","slug":"un-nuevo-ano-jubilar-en-espana","status":"publish","type":"post","link":"http:\/\/veracruzdemontilla.com\/?p=777","title":{"rendered":"Un nuevo A\u00f1o jubilar en Espa\u00f1a"},"content":{"rendered":"<p style=\"color: #676767; text-align: justify;\">El Papa Francisco ha concedido la gracia de A\u00f1o Jubilar Teresiano para todas las di\u00f3cesis de Espa\u00f1a, desde el d\u00eda 15 de octubre de 2014 hasta el 15 de octubre de 2015, con el fin de celebrar con solemnidad el V Centenario del nacimiento de Santa Teresa de Jes\u00fas.<\/p>\n<p style=\"color: #676767; text-align: justify;\">De esta manera, se conceden las indulgencias propias del jubileo de los santos: Indulgencia Plenaria a los fieles verdaderamente arrepentidos, con las condiciones acostumbradas (confesi\u00f3n sacramental, comuni\u00f3n eucar\u00edstica y oraci\u00f3n por las intenciones del Papa). M\u00e1s adelante se comunicar\u00e1 cu\u00e1les ser\u00e1n los templos y santuarios jubilares donde los fieles puedan conseguir la citada Indulgencia.<\/p>\n<p style=\"color: #676767; text-align: justify;\">Asimismo, el Santo Padre ha concedido al Presidente de la Conferencia Episcopal y al Obispo de \u00c1vila la gracia de impartir durante el A\u00f1o Jubilar la Bendici\u00f3n Papal, con la consiguiente Indulgencia Plenaria, a todos los fieles cristianos presentes en las celebraciones que se determinen, y que, verdaderamente arrepentidos y movidos por la caridad, hayan asistido a los Ritos Sagrados y cumplan con las condiciones anteriormente citadas.<\/p>\n<p style=\"color: #676767; text-align: justify;\">La lectura del Decreto, firmado por el Cardenal Mauro Piacenza, Penitenciario Mayor de la Santa Sede, y en el que concede el A\u00f1o Jubilar, tuvo lugar al finalizar la Eucarist\u00eda que, con motivo del IV Centenario de la Beatificaci\u00f3n de Santa Teresa, se celebr\u00f3 ayer por la tarde en la Catedral de \u00c1vila.<\/p>\n<p style=\"color: #676767; text-align: justify;\">Durante la Asamblea Plenaria de la Conferencia Episcopal, de noviembre de 2011, el Cardenal Rouco Varela, en ese momento Presidente de la CEE, remiti\u00f3 un escrito al Papa en el que, adem\u00e1s de solicitar el mencionado A\u00f1o Jubilar \u2013 como ya hab\u00eda hecho tambi\u00e9n el obispo de \u00c1vila -, recordaba la vida de Santa Teresa de Jes\u00fas y la intenci\u00f3n de celebrar solemnemente su centenario en toda Espa\u00f1a.<\/p>\n<p style=\"color: #676767; text-align: justify;\">Teresa de Cepeda y Ahumada (Santa Teresa de Jes\u00fas) naci\u00f3 en \u00c1vila, el 28 de marzo de 1515, y muri\u00f3 en Alba de Tormes (Salamanca), en 1582. Fue beatificada por Pablo V en 1614, canonizada por Gregorio XV en 1622 y nombrada Doctora de la Iglesia Universal por Pablo VI en 1970. En 2015 celebramos el V Centenario de su nacimiento.<\/p>\n","protected":false},"excerpt":{"rendered":"<p>El Papa Francisco ha concedido la gracia de A\u00f1o Jubilar Teresiano para todas las di\u00f3cesis de Espa\u00f1a, desde el d\u00eda 15 de octubre de 2014 hasta el 15 de octubre de 2015, con el fin de celebrar con solemnidad el V Centenario del nacimiento de Santa Teresa de Jes\u00fas. De esta manera, se conceden las [&#038;hellip<\/p>\n","protected":false},"author":1,"featured_media":778,"comment_status":"closed","ping_status":"open","sticky":false,"template":"","format":"standard","meta":{"advanced_seo_description":"","spay_email":"","jetpack_publicize_message":"","jetpack_is_tweetstorm":false},"categories":[5],"tags":[],"jetpack_featured_media_url":"https:\/\/i0.wp.com\/veracruzdemontilla.com\/wp-content\/uploads\/2014\/04\/PAPA-FRANCISCO.jpg?fit=640%2C400","jetpack_publicize_connections":[],"wpmagazine_modules_lite_featured_media_urls":{"thumbnail":["https:\/\/i0.wp.com\/veracruzdemontilla.com\/wp-content\/uploads\/2014\/04\/PAPA-FRANCISCO.jpg?resize=150%2C150",150,150,true],"cvmm-medium":["https:\/\/i0.wp.com\/veracruzdemontilla.com\/wp-content\/uploads\/2014\/04\/PAPA-FRANCISCO.jpg?resize=300%2C300",300,300,true],"cvmm-medium-plus":["https:\/\/i0.wp.com\/veracruzdemontilla.com\/wp-content\/uploads\/2014\/04\/PAPA-FRANCISCO.jpg?resize=305%2C207",305,207,true],"cvmm-portrait":["https:\/\/i0.wp.com\/veracruzdemontilla.com\/wp-content\/uploads\/2014\/04\/PAPA-FRANCISCO.jpg?resize=400%2C400",400,400,true],"cvmm-medium-square":["https:\/\/i0.wp.com\/veracruzdemontilla.com\/wp-content\/uploads\/2014\/04\/PAPA-FRANCISCO.jpg?resize=600%2C400",600,400,true],"cvmm-large":["https:\/\/i0.wp.com\/veracruzdemontilla.com\/wp-content\/uploads\/2014\/04\/PAPA-FRANCISCO.jpg?resize=640%2C400",640,400,true],"cvmm-small":["https:\/\/i0.wp.com\/veracruzdemontilla.com\/wp-content\/uploads\/2014\/04\/PAPA-FRANCISCO.jpg?resize=130%2C95",130,95,true],"full":["https:\/\/i0.wp.com\/veracruzdemontilla.com\/wp-content\/uploads\/2014\/04\/PAPA-FRANCISCO.jpg?fit=640%2C400",640,400,false]},"categories_names":{"5":{"name":"Actualidad","link":"http:\/\/veracruzdemontilla.com\/?cat=5"}},"tags_names":[],"comments_number":"0","jetpack_sharing_enabled":true,"jetpack_shortlink":"https:\/\/wp.me\/p9INPk-cx","jetpack_likes_enabled":true,"jetpack-related-posts":[{"id":460,"url":"http:\/\/veracruzdemontilla.com\/?p=460","url_meta":{"origin":777,"position":0},"title":"El Vaticano prorroga hasta 2015 el A\u00f1o jubilar","date":"20 octubre, 2013","format":"video","excerpt":"El pasado 10 de octubre, la\u00a0Santa Sede\u00a0comunic\u00f3 al\u00a0obispo de C\u00f3rdoba, monse\u00f1or\u00a0Demetrio Fern\u00e1ndez, que prolongaba el\u00a0A\u00f1o Jubilar de San Juan de \u00c1vila\u00a0dos a\u00f1os m\u00e1s. \u00abSe trata de un hecho singular y poco habitual\u00bb, seg\u00fan explica en su web la Di\u00f3cesis de C\u00f3rdoba. As\u00ed,\u00a0Montilla\u00a0vivir\u00e1 un\u00a0Trienio Jubilar\u00a0como consecuencia de la declaraci\u00f3n, el pasado\u2026","rel":"","context":"En \u00abActualidad\u00bb","img":{"alt_text":"","src":"https:\/\/i2.wp.com\/veracruzdemontilla.com\/wp-content\/uploads\/2013\/10\/san-juan-avila-644-644x362.jpg?fit=644%2C362&resize=350%2C200","width":350,"height":200},"classes":[]},{"id":1208,"url":"http:\/\/veracruzdemontilla.com\/?p=1208","url_meta":{"origin":777,"position":1},"title":"Lugares donde se podr\u00e1 alcanzar el jubileo de la misericordia","date":"22 noviembre, 2015","format":false,"excerpt":"El Obispo ha dado a conocer los lugares donde los fieles podr\u00e1n lucrar la Indulgencia plenaria en el A\u00f1o de la Misericordia. Un jubileo que se iniciar\u00e1 el pr\u00f3ximo mes de diciembre. El pr\u00f3ximo mes de diciembre, desde el d\u00eda 8 hasta el 20 de noviembre de 2016, viviremos el\u2026","rel":"","context":"En \u00abActualidad\u00bb","img":{"alt_text":"","src":"https:\/\/i0.wp.com\/veracruzdemontilla.com\/wp-content\/uploads\/2015\/11\/basilica.jpg?fit=640%2C400&resize=350%2C200","width":350,"height":200},"classes":[]},{"id":359,"url":"http:\/\/veracruzdemontilla.com\/?p=359","url_meta":{"origin":777,"position":2},"title":"San Juan de \u00c1vila, en su A\u00f1o Jubilar, que est\u00e1 acabando, \u00abha desbordado las previsiones\u00bb","date":"23 septiembre, 2013","format":false,"excerpt":"El obispo de C\u00f3rdoba, Demetrio Fern\u00e1ndez, considera que el A\u00f1o Jubilar dedicado a San Juan de \u00c1vila, santo predicador y maestros del siglo XVI, que concluye en octubre, \"ha demostrado\" que el Doctor de la Iglesia \"es un personaje de primer\u00edsima categor\u00eda, en la Iglesia y en la sociedad\". El\u2026","rel":"","context":"En \u00abActualidad\u00bb","img":{"alt_text":"","src":"https:\/\/i0.wp.com\/veracruzdemontilla.com\/wp-content\/uploads\/2013\/09\/demetrio.jpg?fit=827%2C519&resize=350%2C200","width":350,"height":200},"classes":[]},{"id":83,"url":"http:\/\/veracruzdemontilla.com\/?p=83","url_meta":{"origin":777,"position":3},"title":"Salida Extraordinaria del Santo Cristo de Zacatecas","date":"8 enero, 2010","format":false,"excerpt":"Estaci\u00f3n Jubilar de las cofrad\u00edas montillanas a la Iglesia de San Francisco Solano2010 es un a\u00f1o excepcional para Montilla. El 14 de julio se cumplir\u00e1n cuatrocientos a\u00f1os de que Fray Francisco Solano rindiese su fatigado cuerpo en a tierra para que su alma embarcara en el nav\u00edo de su tr\u00e1nsito\u2026","rel":"","context":"En \u00abSin categor\u00eda\u00bb","img":{"alt_text":"","src":"","width":0,"height":0},"classes":[]},{"id":507,"url":"http:\/\/veracruzdemontilla.com\/?p=507","url_meta":{"origin":777,"position":4},"title":"Clausuramos El A\u00f1o de la fe, con la fiesta de Cristo Rey del Universo","date":"24 noviembre, 2013","format":false,"excerpt":"\"No imagin\u00e1bamos que el A\u00f1o de la Fe diera tanto de s\u00ed. Cuando Dios nos anuncia una gracia nueva, hemos de abrirnos a la misma con toda esperanza, dispuestos a lo imprevisible.\u00a0Y lo imprevisible sucede. El A\u00f1o de la fe que clausuramos con la fiesta de Cristo Rey del Universo\u2026","rel":"","context":"En \u00abActualidad\u00bb","img":{"alt_text":"","src":"https:\/\/i1.wp.com\/veracruzdemontilla.com\/wp-content\/uploads\/2013\/11\/cristorey1.jpg?fit=640%2C427&resize=350%2C200","width":350,"height":200},"classes":[]},{"id":1554,"url":"http:\/\/veracruzdemontilla.com\/?p=1554","url_meta":{"origin":777,"position":5},"title":"Solemnidad de Jesucristo Rey del Universo &#8211; 25 noviembre 2018","date":"22 noviembre, 2018","format":false,"excerpt":"El pr\u00f3ximo domingo 25 de noviembre tendr\u00e1 lugar la solemnidad de Jesucristo Rey del Universo, con la que se cierra el A\u00f1o Lit\u00fargico. Seg\u00fan el portal cat\u00f3lico ACIPRENSA, \"la fiesta de Cristo Rey fue instaurada por el papa P\u00edo XI el 11 de diciembre de 1925. El Papa quiso motivar\u2026","rel":"","context":"En \u00abActualidad\u00bb","img":{"alt_text":"Solemnidad de Cristo Rey","src":"https:\/\/i0.wp.com\/veracruzdemontilla.com\/wp-content\/uploads\/2018\/11\/Cristo-Rey-e1542883959467.jpg?fit=799%2C1200&resize=350%2C200","width":350,"height":200},"classes":[]}],"_links":{"self":[{"href":"http:\/\/veracruzdemontilla.com\/index.php?rest_route=\/wp\/v2\/posts\/777"}],"collection":[{"href":"http:\/\/veracruzdemontilla.com\/index.php?rest_route=\/wp\/v2\/posts"}],"about":[{"href":"http:\/\/veracruzdemontilla.com\/index.php?rest_route=\/wp\/v2\/types\/post"}],"author":[{"embeddable":true,"href":"http:\/\/veracruzdemontilla.com\/index.php?rest_route=\/wp\/v2\/users\/1"}],"replies":[{"embeddable":true,"href":"http:\/\/veracruzdemontilla.com\/index.php?rest_route=%2Fwp%2Fv2%2Fcomments&post=777"}],"version-history":[{"count":1,"href":"http:\/\/veracruzdemontilla.com\/index.php?rest_route=\/wp\/v2\/posts\/777\/revisions"}],"predecessor-version":[{"id":779,"href":"http:\/\/veracruzdemontilla.com\/index.php?rest_route=\/wp\/v2\/posts\/777\/revisions\/779"}],"wp:featuredmedia":[{"embeddable":true,"href":"http:\/\/veracruzdemontilla.com\/index.php?rest_route=\/wp\/v2\/media\/778"}],"wp:attachment":[{"href":"http:\/\/veracruzdemontilla.com\/index.php?rest_route=%2Fwp%2Fv2%2Fmedia&parent=777"}],"wp:term":[{"taxonomy":"category","embeddable":true,"href":"http:\/\/veracruzdemontilla.com\/index.php?rest_route=%2Fwp%2Fv2%2Fcategories&post=777"},{"taxonomy":"post_tag","embeddable":true,"href":"http:\/\/veracruzdemontilla.com\/index.php?rest_route=%2Fwp%2Fv2%2Ftags&post=777"}],"curies":[{"name":"wp","href":"https:\/\/api.w.org\/{rel}","templated":true}]}}