{"id":771,"date":"2014-04-19T16:59:15","date_gmt":"2014-04-19T14:59:15","guid":{"rendered":"http:\/\/veracruzdemontilla.com\/?p=771"},"modified":"2014-04-19T17:01:39","modified_gmt":"2014-04-19T15:01:39","slug":"devolucion-de-tunicas-cubrerrostro-y-fajin","status":"publish","type":"post","link":"http:\/\/veracruzdemontilla.com\/?p=771","title":{"rendered":"Devoluci\u00f3n de t\u00fanicas, cubrerrostro y faj\u00edn"},"content":{"rendered":"<p style=\"text-align: justify;\">Estimados Cofrades,<\/p>\n<p style=\"text-align: justify;\">En primer lugar desde la Junta de Gobierno de la Cofrad\u00eda Penitencial de la Santa Vera Cruz queremos felicitaros y dar las gracias a todos por vuestra participaci\u00f3n y colaboraci\u00f3n en esta Semana Santa, sin ella nada hubiera sido posible, tambi\u00e9n queremos pedir perd\u00f3n por los fallos o errores que hayamos podido cometer, seguiremos trabajando para hacer las cosas lo mejor posible y siempre, como no, con vuestra ayuda.<\/p>\n<p>En segundo lugar recordaros que a partir del pr\u00f3ximo <strong>lunes 21 de abril y hasta el pr\u00f3ximo d\u00eda 25<\/strong>, ten\u00e9is abierta la Casa Parroquial en horario <strong>de 20:00h a 22:00h<\/strong>, para la devoluci\u00f3n de t\u00fanica, cubrerrostro y faj\u00edn.<\/p>\n<p style=\"text-align: justify;\">Se ruega sean devueltas en estas fechas para una mejor conservaci\u00f3n de las t\u00fanicas. Gracias<\/p>\n","protected":false},"excerpt":{"rendered":"<p>Estimados Cofrades, En primer lugar desde la Junta de Gobierno de la Cofrad\u00eda Penitencial de la Santa Vera Cruz queremos felicitaros y dar las gracias a todos por vuestra participaci\u00f3n y colaboraci\u00f3n en esta Semana Santa, sin ella nada hubiera sido posible, tambi\u00e9n queremos pedir perd\u00f3n por los fallos o errores que hayamos podido cometer, [&#038;hellip<\/p>\n","protected":false},"author":1,"featured_media":772,"comment_status":"closed","ping_status":"open","sticky":false,"template":"","format":"standard","meta":{"advanced_seo_description":"","spay_email":"","jetpack_publicize_message":"","jetpack_is_tweetstorm":false},"categories":[5],"tags":[4],"jetpack_featured_media_url":"https:\/\/i2.wp.com\/veracruzdemontilla.com\/wp-content\/uploads\/2014\/04\/IMG_235220045376588.jpeg?fit=640%2C400","jetpack_publicize_connections":[],"wpmagazine_modules_lite_featured_media_urls":{"thumbnail":["https:\/\/i2.wp.com\/veracruzdemontilla.com\/wp-content\/uploads\/2014\/04\/IMG_235220045376588.jpeg?resize=150%2C150",150,150,true],"cvmm-medium":["https:\/\/i2.wp.com\/veracruzdemontilla.com\/wp-content\/uploads\/2014\/04\/IMG_235220045376588.jpeg?resize=300%2C300",300,300,true],"cvmm-medium-plus":["https:\/\/i2.wp.com\/veracruzdemontilla.com\/wp-content\/uploads\/2014\/04\/IMG_235220045376588.jpeg?resize=305%2C207",305,207,true],"cvmm-portrait":["https:\/\/i2.wp.com\/veracruzdemontilla.com\/wp-content\/uploads\/2014\/04\/IMG_235220045376588.jpeg?resize=400%2C400",400,400,true],"cvmm-medium-square":["https:\/\/i2.wp.com\/veracruzdemontilla.com\/wp-content\/uploads\/2014\/04\/IMG_235220045376588.jpeg?resize=600%2C400",600,400,true],"cvmm-large":["https:\/\/i2.wp.com\/veracruzdemontilla.com\/wp-content\/uploads\/2014\/04\/IMG_235220045376588.jpeg?resize=640%2C400",640,400,true],"cvmm-small":["https:\/\/i2.wp.com\/veracruzdemontilla.com\/wp-content\/uploads\/2014\/04\/IMG_235220045376588.jpeg?resize=130%2C95",130,95,true],"full":["https:\/\/i2.wp.com\/veracruzdemontilla.com\/wp-content\/uploads\/2014\/04\/IMG_235220045376588.jpeg?fit=640%2C400",640,400,false]},"categories_names":{"5":{"name":"Actualidad","link":"http:\/\/veracruzdemontilla.com\/?cat=5"}},"tags_names":{"4":{"name":"Favoritos","link":"http:\/\/veracruzdemontilla.com\/?tag=favoritos"}},"comments_number":"0","jetpack_sharing_enabled":true,"jetpack_shortlink":"https:\/\/wp.me\/p9INPk-cr","jetpack_likes_enabled":true,"jetpack-related-posts":[{"id":13,"url":"http:\/\/veracruzdemontilla.com\/?p=13","url_meta":{"origin":771,"position":0},"title":"Alquiler de t\u00fanicas y papeleta de sitio","date":"13 marzo, 2013","format":false,"excerpt":"Estimados hermanos de la Vera Cruz:Como cada a\u00f1o la Cofrad\u00eda ofrece el alquiler del h\u00e1bito nazareno a los hermanos que quieran acompa\u00f1ar a nuestros Sagrados Titulares en su estaci\u00f3n de penitencia del pr\u00f3ximo Martes Santo. El alquiler de t\u00fanicas tendr\u00e1 lugar del 18 al 23 de marzo de 20-22h en\u2026","rel":"","context":"En \u00abSin categor\u00eda\u00bb","img":{"alt_text":"","src":"","width":0,"height":0},"classes":[]},{"id":29,"url":"http:\/\/veracruzdemontilla.com\/?p=29","url_meta":{"origin":771,"position":1},"title":"Recogida de t\u00fanicas","date":"9 abril, 2012","format":false,"excerpt":"Estimados hermanos de la Vera Cruz:Desde la Junta de Gobierno nos gustar\u00eda agradecer a todos los que hab\u00e9is contribuido a que la Estaci\u00f3n de Penitencia del pasado Martes Santo transcurriera con absoluta normalidad, honrando a nuestros Sagrados Titulares con vuestro acompa\u00f1amiento. Gracias a todos los hermanos y devotos, el Se\u00f1or\u2026","rel":"","context":"En \u00abSin categor\u00eda\u00bb","img":{"alt_text":"","src":"","width":0,"height":0},"classes":[]},{"id":1639,"url":"http:\/\/veracruzdemontilla.com\/?p=1639","url_meta":{"origin":771,"position":2},"title":"La Cofrad\u00eda de la Vera Cruz emprende una campa\u00f1a solidaria frente a la covid19","date":"7 mayo, 2020","format":false,"excerpt":"En las \u00faltimas semanas, la Cofrad\u00eda de la Santa Vera Cruz ha emprendido una campa\u00f1a solidaria para la recaudaci\u00f3n de fondos que permitan la compra de material y posterior confecci\u00f3n de productos higi\u00e9nicos de protecci\u00f3n frente al\u00a0 la covid19, cuya elaboraci\u00f3n ha sido encomendada a las religiosas clarisas franciscanas del\u2026","rel":"","context":"En \u00abActualidad\u00bb","img":{"alt_text":"","src":"https:\/\/i0.wp.com\/veracruzdemontilla.com\/wp-content\/uploads\/2020\/05\/Bizum-solidario.jpg?fit=960%2C960&resize=350%2C200","width":350,"height":200},"classes":[]},{"id":60,"url":"http:\/\/veracruzdemontilla.com\/?p=60","url_meta":{"origin":771,"position":3},"title":"Citaci\u00f3n de Cabildo","date":"28 octubre, 2010","format":false,"excerpt":"Por medio de la presente, la Cofrad\u00eda de la Santa Vera Cruz convoca a Cabildo abierto a todos sus hermanos-costaleros, que tendr\u00e1 lugar el pr\u00f3ximo d\u00eda 5 de noviembre, viernes, a las 20:30 horas, en la capilla del Santo Cristo de Zacatecas de la Parroquia de Santiago Ap\u00f3stol, nuestra sede\u2026","rel":"","context":"En \u00abSin categor\u00eda\u00bb","img":{"alt_text":"","src":"","width":0,"height":0},"classes":[]},{"id":50,"url":"http:\/\/veracruzdemontilla.com\/?p=50","url_meta":{"origin":771,"position":4},"title":"Recogida de t\u00fanicas","date":"26 abril, 2011","format":false,"excerpt":"Se recuerda a los hermanos nazarenos y costaleros que alquilaron su t\u00fanica para la Estaci\u00f3n de Penitencia del pasado Martes Santo, que deber\u00e1n entregar el h\u00e1bito a lo largo de esta semana, del 25 al 29 de abril, en horario de 20h a 22h en la Parroquia de Santiago.Gracias por\u2026","rel":"","context":"En \u00abSin categor\u00eda\u00bb","img":{"alt_text":"","src":"","width":0,"height":0},"classes":[]},{"id":627,"url":"http:\/\/veracruzdemontilla.com\/?p=627","url_meta":{"origin":771,"position":5},"title":"Actos Culturales y Religiosos","date":"25 febrero, 2014","format":false,"excerpt":"Querido hermano: Se acerca la Cuaresma, un per\u00edodo de reflexi\u00f3n y preparaci\u00f3n para renovar nuestro compromiso como cristianos y acercarnos as\u00ed al misterio de la Pasi\u00f3n, Muerte y Resurrecci\u00f3n de Nuestro Se\u00f1or Jesucristo. Comienza, por tanto, la cuenta atr\u00e1s que nos conducir\u00e1 hasta el martes 15 de abril, d\u00eda ansiado\u2026","rel":"","context":"En \u00abActualidad\u00bb","img":{"alt_text":"","src":"https:\/\/i2.wp.com\/veracruzdemontilla.com\/wp-content\/uploads\/2014\/02\/actos20141.jpg?fit=640%2C400&resize=350%2C200","width":350,"height":200},"classes":[]}],"_links":{"self":[{"href":"http:\/\/veracruzdemontilla.com\/index.php?rest_route=\/wp\/v2\/posts\/771"}],"collection":[{"href":"http:\/\/veracruzdemontilla.com\/index.php?rest_route=\/wp\/v2\/posts"}],"about":[{"href":"http:\/\/veracruzdemontilla.com\/index.php?rest_route=\/wp\/v2\/types\/post"}],"author":[{"embeddable":true,"href":"http:\/\/veracruzdemontilla.com\/index.php?rest_route=\/wp\/v2\/users\/1"}],"replies":[{"embeddable":true,"href":"http:\/\/veracruzdemontilla.com\/index.php?rest_route=%2Fwp%2Fv2%2Fcomments&post=771"}],"version-history":[{"count":3,"href":"http:\/\/veracruzdemontilla.com\/index.php?rest_route=\/wp\/v2\/posts\/771\/revisions"}],"predecessor-version":[{"id":775,"href":"http:\/\/veracruzdemontilla.com\/index.php?rest_route=\/wp\/v2\/posts\/771\/revisions\/775"}],"wp:featuredmedia":[{"embeddable":true,"href":"http:\/\/veracruzdemontilla.com\/index.php?rest_route=\/wp\/v2\/media\/772"}],"wp:attachment":[{"href":"http:\/\/veracruzdemontilla.com\/index.php?rest_route=%2Fwp%2Fv2%2Fmedia&parent=771"}],"wp:term":[{"taxonomy":"category","embeddable":true,"href":"http:\/\/veracruzdemontilla.com\/index.php?rest_route=%2Fwp%2Fv2%2Fcategories&post=771"},{"taxonomy":"post_tag","embeddable":true,"href":"http:\/\/veracruzdemontilla.com\/index.php?rest_route=%2Fwp%2Fv2%2Ftags&post=771"}],"curies":[{"name":"wp","href":"https:\/\/api.w.org\/{rel}","templated":true}]}}