{"id":737,"date":"2014-04-16T18:41:15","date_gmt":"2014-04-16T16:41:15","guid":{"rendered":"http:\/\/veracruzdemontilla.com\/?p=737"},"modified":"2014-05-02T11:48:30","modified_gmt":"2014-05-02T09:48:30","slug":"agradecimientos-de-nuestro-hermano-mayor","status":"publish","type":"post","link":"http:\/\/veracruzdemontilla.com\/?p=737","title":{"rendered":"Agradecimientos de nuestro Hermano Mayor"},"content":{"rendered":"<p style=\"text-align: justify;\">En primer lugar me gustar\u00eda felicitaros por la estaci\u00f3n de penitencia que hab\u00e9is realizado, porque con vuestro respeto, vuestro amor y vuestra devoci\u00f3n, la hab\u00e9is convertido en lo que debe ser, una aut\u00e9ntica manifestaci\u00f3n de nuestra fe. Espero que esto no sea un punto y final a unos d\u00edas en los que hemos compartido tantas cosas y tantos momentos, que sea un punto y seguido, que sigamos acudiendo a nuestra Parroquia durante todo el a\u00f1o, que sigamos acudiendo a nuestros Titulares, que sigamos haciendo hermandad.<\/p>\n<p style=\"text-align: justify;\">Gracias a todos los que hab\u00e9is participado en la estaci\u00f3n de penitencia. A nuestros Hermanos Mayores Honorarios del Regimiento \u201cC\u00f3rdoba\u201d 10 y a la banda y miembros de la Brigada de Infanter\u00eda, por acompa\u00f1arnos un a\u00f1o m\u00e1s y engrandecer este desfile.Gracias a nuestro alcalde y presidente de la C\u00e1tedra Gran Capit\u00e1n, gracias a Fray Rub\u00e9n por compartir con nosotros este d\u00eda tan importante, gracias a los hermanos de luz, a los hermanos que han portado insignias y enseres, a los hermanos de orden, al cuerpo de ac\u00f3litos, a los costaleros por el enorme esfuerzo que han realizado un a\u00f1o m\u00e1s, y a los capataces por el intenso trabajo de estos \u00faltimo d\u00edas.<\/p>\n<p style=\"text-align: justify;\">Y si me permit\u00eds, me gustar\u00eda agradecer especialmente a los miembros de la Junta de Gobierno por estar siempre a mi lado y por el esfuerzo tan grande que han tenido que hacer este a\u00f1o para ayudarme en todo lo que necesitaba, porque han hecho que, a pesar de las dificultades, de mi inexperiencia y de mis agobios, este primer a\u00f1o como Hermano Mayor haya sido una experiencia enriquecedora en todos los sentidos.<\/p>\n<p style=\"text-align: justify;\">Gracias a D. Carlos Gallardo y a D. Jos\u00e9 Luis Moreno por estar siempre a nuestro lado.<\/p>\n<p style=\"text-align: justify;\">Muchas gracias a nuestro Consiliario, D. Jos\u00e9 Almedina por habernos dado tantas facilidades en estos meses en los que nuestra Parroquia ha estado cerrada al culto, por abrirnos las puertas de la Bas\u00edlica y hacernos sentir como en nuestra casa. Pero sobre todo gracias por su paciencia, por su comprensi\u00f3n y por su ayuda.<\/p>\n<p style=\"text-align: justify;\">Y por supuesto, gracias a nuestros Titulares el Santo Cristo de Zacatecas y Mar\u00edaa Sant\u00edsima del Socorro, porque ellos son los que alimentan nuestra fe y nos hacen vivir momentos como el que hemos vivido esta noche. Muchas gracias.<\/p>\n<p style=\"text-align: justify;\">Miguel Navarro<br \/>\nHermano Mayor<\/p>\n","protected":false},"excerpt":{"rendered":"<p>En primer lugar me gustar\u00eda felicitaros por la estaci\u00f3n de penitencia que hab\u00e9is realizado, porque con vuestro respeto, vuestro amor y vuestra devoci\u00f3n, la hab\u00e9is convertido en lo que debe ser, una aut\u00e9ntica manifestaci\u00f3n de nuestra fe. Espero que esto no sea un punto y final a unos d\u00edas en los que hemos compartido tantas [&#038;hellip<\/p>\n","protected":false},"author":1,"featured_media":739,"comment_status":"closed","ping_status":"open","sticky":false,"template":"","format":"standard","meta":{"advanced_seo_description":"","spay_email":"","jetpack_publicize_message":"","jetpack_is_tweetstorm":false},"categories":[5],"tags":[4],"jetpack_featured_media_url":"https:\/\/i0.wp.com\/veracruzdemontilla.com\/wp-content\/uploads\/2014\/04\/salida2014.jpg?fit=640%2C400","jetpack_publicize_connections":[],"wpmagazine_modules_lite_featured_media_urls":{"thumbnail":["https:\/\/i0.wp.com\/veracruzdemontilla.com\/wp-content\/uploads\/2014\/04\/salida2014.jpg?resize=150%2C150",150,150,true],"cvmm-medium":["https:\/\/i0.wp.com\/veracruzdemontilla.com\/wp-content\/uploads\/2014\/04\/salida2014.jpg?resize=300%2C300",300,300,true],"cvmm-medium-plus":["https:\/\/i0.wp.com\/veracruzdemontilla.com\/wp-content\/uploads\/2014\/04\/salida2014.jpg?resize=305%2C207",305,207,true],"cvmm-portrait":["https:\/\/i0.wp.com\/veracruzdemontilla.com\/wp-content\/uploads\/2014\/04\/salida2014.jpg?resize=400%2C400",400,400,true],"cvmm-medium-square":["https:\/\/i0.wp.com\/veracruzdemontilla.com\/wp-content\/uploads\/2014\/04\/salida2014.jpg?resize=600%2C400",600,400,true],"cvmm-large":["https:\/\/i0.wp.com\/veracruzdemontilla.com\/wp-content\/uploads\/2014\/04\/salida2014.jpg?resize=640%2C400",640,400,true],"cvmm-small":["https:\/\/i0.wp.com\/veracruzdemontilla.com\/wp-content\/uploads\/2014\/04\/salida2014.jpg?resize=130%2C95",130,95,true],"full":["https:\/\/i0.wp.com\/veracruzdemontilla.com\/wp-content\/uploads\/2014\/04\/salida2014.jpg?fit=640%2C400",640,400,false]},"categories_names":{"5":{"name":"Actualidad","link":"http:\/\/veracruzdemontilla.com\/?cat=5"}},"tags_names":{"4":{"name":"Favoritos","link":"http:\/\/veracruzdemontilla.com\/?tag=favoritos"}},"comments_number":"0","jetpack_sharing_enabled":true,"jetpack_shortlink":"https:\/\/wp.me\/p9INPk-bT","jetpack_likes_enabled":true,"jetpack-related-posts":[{"id":29,"url":"http:\/\/veracruzdemontilla.com\/?p=29","url_meta":{"origin":737,"position":0},"title":"Recogida de t\u00fanicas","date":"9 abril, 2012","format":false,"excerpt":"Estimados hermanos de la Vera Cruz:Desde la Junta de Gobierno nos gustar\u00eda agradecer a todos los que hab\u00e9is contribuido a que la Estaci\u00f3n de Penitencia del pasado Martes Santo transcurriera con absoluta normalidad, honrando a nuestros Sagrados Titulares con vuestro acompa\u00f1amiento. Gracias a todos los hermanos y devotos, el Se\u00f1or\u2026","rel":"","context":"En \u00abSin categor\u00eda\u00bb","img":{"alt_text":"","src":"","width":0,"height":0},"classes":[]},{"id":1347,"url":"http:\/\/veracruzdemontilla.com\/?p=1347","url_meta":{"origin":737,"position":1},"title":"V\u00eda Crucis del Sant\u00edsimo Cristo de Zacatecas","date":"4 abril, 2017","format":false,"excerpt":"El pr\u00f3ximo s\u00e1bado, 8\u00a0de abril, \u00a0tendr\u00e1 lugar el V\u00eda Crucis de nuestro Titular, dando comienzo a las 20:30\u00a0de la noche, y realizando su recorrido, a hombros de nuestros costaleros, por diversas calles del popular barrio de La Escuchuela. El cortejo ser\u00e1\u00a0acompa\u00f1ado por nuestros hermanos y todos aquellos devotos y vecinos\u2026","rel":"","context":"En \u00abActualidad\u00bb","img":{"alt_text":"","src":"https:\/\/i2.wp.com\/veracruzdemontilla.com\/wp-content\/uploads\/2017\/04\/17.jpg?fit=640%2C400&resize=350%2C200","width":350,"height":200},"classes":[]},{"id":1367,"url":"http:\/\/veracruzdemontilla.com\/?p=1367","url_meta":{"origin":737,"position":2},"title":"Recogida de h\u00e1bitos","date":"17 abril, 2017","format":false,"excerpt":"Queridos hermanos, Aprovechamos este medio para recordaros que la\u00a0devoluci\u00f3n de h\u00e1bitos, tras la Estaci\u00f3n de Penitencia del Martes Santo, se realizar\u00e1 en nuestra Casa de Hermandad (Casa Parroquial, calle Iglesia) los d\u00edas 17, 18, 19, 20, y 21 de Abril de 20h a 22h. Desde la Cofrad\u00eda Penitencial de la\u2026","rel":"","context":"En \u00abActualidad\u00bb","img":{"alt_text":"","src":"https:\/\/i0.wp.com\/veracruzdemontilla.com\/wp-content\/uploads\/2017\/04\/resurrec.jpg?fit=1200%2C750&resize=350%2C200","width":350,"height":200},"classes":[]},{"id":355,"url":"http:\/\/veracruzdemontilla.com\/?p=355","url_meta":{"origin":737,"position":3},"title":"Costaleros de la Vera Cruz","date":"16 septiembre, 2013","format":false,"excerpt":"El pasado viernes se celebr\u00f3 la primera reuni\u00f3n de costaleros del Santo Cristo de Zacatecas y Santa Mar\u00eda del Socorro, en la cual se dieron cita un gran numero del mismo, vi\u00e9ndose alguna que otra cara nueva, que fue bien recibida a esta gran familia. Javier Gallardo (Pirulo) y Florencio\u2026","rel":"","context":"En \u00abActualidad\u00bb","img":{"alt_text":"","src":"https:\/\/i1.wp.com\/veracruzdemontilla.com\/wp-content\/uploads\/2013\/09\/CAM00113.jpg?fit=640%2C400&resize=350%2C200","width":350,"height":200},"classes":[]},{"id":1066,"url":"http:\/\/veracruzdemontilla.com\/?p=1066","url_meta":{"origin":737,"position":4},"title":"V\u00eda Crucis del Sant\u00edsimo Cristo de Zacatecas","date":"28 marzo, 2015","format":false,"excerpt":"Hoy s\u00e1bado, 28\u00a0de marzo, \u00a0tendr\u00e1 lugar el V\u00eda Crucis de nuestro Titular, dando comienzo a las 20:30\u00a0de la noche, y realizando su recorrido, a hombros de nuestros costaleros, por diversas calles del popular barrio de La Escuchuela. \u00a0 El cortejo ser\u00e1\u00a0acompa\u00f1ado por nuestros hermanos y todos aquellos devotos y vecinos\u2026","rel":"","context":"En \u00abActualidad\u00bb","img":{"alt_text":"","src":"https:\/\/i0.wp.com\/veracruzdemontilla.com\/wp-content\/uploads\/2015\/03\/viacrucis01.jpg?fit=640%2C400&resize=350%2C200","width":350,"height":200},"classes":[]},{"id":827,"url":"http:\/\/veracruzdemontilla.com\/?p=827","url_meta":{"origin":737,"position":5},"title":"Un nuevo miembro de nuestra Iglesia.","date":"26 mayo, 2014","format":false,"excerpt":"La ma\u00f1ana del pasado domingo 25 de mayo, en la Capilla del Baptisterio de la Parroquia de Santiago Ap\u00f3stol, el peque\u00f1o Mart\u00edn recibi\u00f3 el Sacramento del Bautismo convirti\u00e9ndose as\u00ed en un nuevo miembro de la Iglesia. El primer hijo de Juan Antonio y \u00darsula, Vice Hermano\u00a0 Mayor y Vocal de\u2026","rel":"","context":"En \u00abActualidad\u00bb","img":{"alt_text":"","src":"https:\/\/i2.wp.com\/veracruzdemontilla.com\/wp-content\/uploads\/2014\/05\/IMG-20140525-WA0003.jpg?fit=640%2C400&resize=350%2C200","width":350,"height":200},"classes":[]}],"_links":{"self":[{"href":"http:\/\/veracruzdemontilla.com\/index.php?rest_route=\/wp\/v2\/posts\/737"}],"collection":[{"href":"http:\/\/veracruzdemontilla.com\/index.php?rest_route=\/wp\/v2\/posts"}],"about":[{"href":"http:\/\/veracruzdemontilla.com\/index.php?rest_route=\/wp\/v2\/types\/post"}],"author":[{"embeddable":true,"href":"http:\/\/veracruzdemontilla.com\/index.php?rest_route=\/wp\/v2\/users\/1"}],"replies":[{"embeddable":true,"href":"http:\/\/veracruzdemontilla.com\/index.php?rest_route=%2Fwp%2Fv2%2Fcomments&post=737"}],"version-history":[{"count":3,"href":"http:\/\/veracruzdemontilla.com\/index.php?rest_route=\/wp\/v2\/posts\/737\/revisions"}],"predecessor-version":[{"id":784,"href":"http:\/\/veracruzdemontilla.com\/index.php?rest_route=\/wp\/v2\/posts\/737\/revisions\/784"}],"wp:featuredmedia":[{"embeddable":true,"href":"http:\/\/veracruzdemontilla.com\/index.php?rest_route=\/wp\/v2\/media\/739"}],"wp:attachment":[{"href":"http:\/\/veracruzdemontilla.com\/index.php?rest_route=%2Fwp%2Fv2%2Fmedia&parent=737"}],"wp:term":[{"taxonomy":"category","embeddable":true,"href":"http:\/\/veracruzdemontilla.com\/index.php?rest_route=%2Fwp%2Fv2%2Fcategories&post=737"},{"taxonomy":"post_tag","embeddable":true,"href":"http:\/\/veracruzdemontilla.com\/index.php?rest_route=%2Fwp%2Fv2%2Ftags&post=737"}],"curies":[{"name":"wp","href":"https:\/\/api.w.org\/{rel}","templated":true}]}}