{"id":732,"date":"2014-04-15T17:35:34","date_gmt":"2014-04-15T15:35:34","guid":{"rendered":"http:\/\/veracruzdemontilla.com\/?p=732"},"modified":"2014-04-15T17:35:34","modified_gmt":"2014-04-15T15:35:34","slug":"el-cristo-de-zacatecas-y-el-rimz-cordoba-10-2","status":"publish","type":"post","link":"http:\/\/veracruzdemontilla.com\/?p=732","title":{"rendered":"El Cristo de Zacatecas y el RIMZ C\u00f3rdoba 10"},"content":{"rendered":"<p style=\"text-align: justify;\">Las puertas de la reci\u00e9n inaugurada parroquia de Santiago se abrir\u00e1n esta tarde a las 20:00, para dar salida al cortejo de la Cofrad\u00eda Penitencial de la Santa Vera Cruz. \u00a0El cortejo, que retornar\u00e1 al templo mayor de Montilla en torno a la medianoche, se abrir\u00e1 con la cruz de gu\u00eda de la hermandad, una pieza realizada en madera policromada y que alberga la pintura de un crucificado.<\/p>\n<p style=\"text-align: justify;\">Abriendo el tramo de nazarenos, la Hermandad llevar\u00e1 su bandera corporativa, realizada en terciopelo verde y que presenta en su parte central una impresionante pintura de la artista montillana Mar\u00eda Jos\u00e9 Ruiz, ganadora del\u00a0<i>Premio Nacional de Pintura Jos\u00e9 Garnelo<\/i>.<\/p>\n<p style=\"text-align: justify;\"><a href=\"https:\/\/i0.wp.com\/veracruzdemontilla.com\/wp-content\/uploads\/2014\/04\/banda.jpg\"><img data-attachment-id=\"734\" data-permalink=\"http:\/\/veracruzdemontilla.com\/?attachment_id=734\" data-orig-file=\"https:\/\/i0.wp.com\/veracruzdemontilla.com\/wp-content\/uploads\/2014\/04\/banda.jpg?fit=960%2C640\" data-orig-size=\"960,640\" data-comments-opened=\"0\" data-image-meta=\"{&quot;aperture&quot;:&quot;0&quot;,&quot;credit&quot;:&quot;&quot;,&quot;camera&quot;:&quot;&quot;,&quot;caption&quot;:&quot;&quot;,&quot;created_timestamp&quot;:&quot;0&quot;,&quot;copyright&quot;:&quot;&quot;,&quot;focal_length&quot;:&quot;0&quot;,&quot;iso&quot;:&quot;0&quot;,&quot;shutter_speed&quot;:&quot;0&quot;,&quot;title&quot;:&quot;&quot;}\" data-image-title=\"banda\" data-image-description=\"\" data-image-caption=\"\" data-medium-file=\"https:\/\/i0.wp.com\/veracruzdemontilla.com\/wp-content\/uploads\/2014\/04\/banda.jpg?fit=300%2C200\" data-large-file=\"https:\/\/i0.wp.com\/veracruzdemontilla.com\/wp-content\/uploads\/2014\/04\/banda.jpg?fit=960%2C640\" loading=\"lazy\" class=\"alignnone size-full wp-image-734\" alt=\"banda\" src=\"https:\/\/i0.wp.com\/veracruzdemontilla.com\/wp-content\/uploads\/2014\/04\/banda.jpg?resize=600%2C400\" width=\"600\" height=\"400\" srcset=\"https:\/\/i0.wp.com\/veracruzdemontilla.com\/wp-content\/uploads\/2014\/04\/banda.jpg?w=960 960w, https:\/\/i0.wp.com\/veracruzdemontilla.com\/wp-content\/uploads\/2014\/04\/banda.jpg?resize=300%2C200 300w, https:\/\/i0.wp.com\/veracruzdemontilla.com\/wp-content\/uploads\/2014\/04\/banda.jpg?resize=600%2C400 600w, https:\/\/i0.wp.com\/veracruzdemontilla.com\/wp-content\/uploads\/2014\/04\/banda.jpg?resize=900%2C600 900w\" sizes=\"(max-width: 600px) 100vw, 600px\" data-recalc-dims=\"1\" \/><\/a><\/p>\n<p style=\"text-align: justify;\">Sobre el paso, todav\u00eda en fase de ejecuci\u00f3n, la impresionante imagen del Santo Cristo de Zacatecas \u2013uno de los mejores exponentes del patrimonio colonial que llevaron los espa\u00f1oles a las Indias- y Nuestra Se\u00f1ora del Socorro.\u00a0El cortejo se completar\u00e1 con las varas que distinguir\u00e1n a los mandos de la cofrad\u00eda, as\u00ed como a las autoridades religiosas y militares que presidir\u00e1n la estaci\u00f3n de penitencia y que fueron realizadas en plata y madera de caoba por el artista cordob\u00e9s Emilio Le\u00f3n en el a\u00f1o 2006.<\/p>\n<p style=\"text-align: justify;\">Un a\u00f1o m\u00e1s, la Cofrad\u00eda de la Vera Cruz estar\u00e1 acompa\u00f1ada por la Banda de Cornetas y Tambores de la Brigada de Infanter\u00eda Mecanizada \u00abGuzm\u00e1n el Bueno\u00bb X, que completar\u00e1 el recorrido junto a la tradicional escuadra de gastadores y banderines.<\/p>\n","protected":false},"excerpt":{"rendered":"<p>Las puertas de la reci\u00e9n inaugurada parroquia de Santiago se abrir\u00e1n esta tarde a las 20:00, para dar salida al cortejo de la Cofrad\u00eda Penitencial de la Santa Vera Cruz. \u00a0El cortejo, que retornar\u00e1 al templo mayor de Montilla en torno a la medianoche, se abrir\u00e1 con la cruz de gu\u00eda de la hermandad, una [&#038;hellip<\/p>\n","protected":false},"author":1,"featured_media":735,"comment_status":"closed","ping_status":"open","sticky":false,"template":"","format":"standard","meta":{"advanced_seo_description":"","spay_email":"","jetpack_publicize_message":"","jetpack_is_tweetstorm":false},"categories":[5],"tags":[4],"jetpack_featured_media_url":"https:\/\/i2.wp.com\/veracruzdemontilla.com\/wp-content\/uploads\/2014\/04\/corredera2.jpg?fit=640%2C400","jetpack_publicize_connections":[],"wpmagazine_modules_lite_featured_media_urls":{"thumbnail":["https:\/\/i2.wp.com\/veracruzdemontilla.com\/wp-content\/uploads\/2014\/04\/corredera2.jpg?resize=150%2C150",150,150,true],"cvmm-medium":["https:\/\/i2.wp.com\/veracruzdemontilla.com\/wp-content\/uploads\/2014\/04\/corredera2.jpg?resize=300%2C300",300,300,true],"cvmm-medium-plus":["https:\/\/i2.wp.com\/veracruzdemontilla.com\/wp-content\/uploads\/2014\/04\/corredera2.jpg?resize=305%2C207",305,207,true],"cvmm-portrait":["https:\/\/i2.wp.com\/veracruzdemontilla.com\/wp-content\/uploads\/2014\/04\/corredera2.jpg?resize=400%2C400",400,400,true],"cvmm-medium-square":["https:\/\/i2.wp.com\/veracruzdemontilla.com\/wp-content\/uploads\/2014\/04\/corredera2.jpg?resize=600%2C400",600,400,true],"cvmm-large":["https:\/\/i2.wp.com\/veracruzdemontilla.com\/wp-content\/uploads\/2014\/04\/corredera2.jpg?resize=640%2C400",640,400,true],"cvmm-small":["https:\/\/i2.wp.com\/veracruzdemontilla.com\/wp-content\/uploads\/2014\/04\/corredera2.jpg?resize=130%2C95",130,95,true],"full":["https:\/\/i2.wp.com\/veracruzdemontilla.com\/wp-content\/uploads\/2014\/04\/corredera2.jpg?fit=640%2C400",640,400,false]},"categories_names":{"5":{"name":"Actualidad","link":"http:\/\/veracruzdemontilla.com\/?cat=5"}},"tags_names":{"4":{"name":"Favoritos","link":"http:\/\/veracruzdemontilla.com\/?tag=favoritos"}},"comments_number":"0","jetpack_sharing_enabled":true,"jetpack_shortlink":"https:\/\/wp.me\/p9INPk-bO","jetpack_likes_enabled":true,"jetpack-related-posts":[{"id":588,"url":"http:\/\/veracruzdemontilla.com\/?p=588","url_meta":{"origin":732,"position":0},"title":"El Cristo de Zacatecas y el RIMZ C\u00f3rdoba 10","date":"22 marzo, 2014","format":false,"excerpt":"Las puertas de la parroquia de Santiago se abrir\u00e1n a las 20.00h del martes santo, para dar salida al cortejo de la Cofrad\u00eda Penitencial de la Santa Vera Cruz. El cortejo, que retornar\u00e1 al templo mayor de Montilla en torno a la medianoche, se abrir\u00e1 con la cruz de gu\u00eda\u2026","rel":"","context":"En \u00abActualidad\u00bb","img":{"alt_text":"","src":"https:\/\/i0.wp.com\/veracruzdemontilla.com\/wp-content\/uploads\/2014\/03\/ssanta4.jpg?fit=640%2C400&resize=350%2C200","width":350,"height":200},"classes":[]},{"id":98,"url":"http:\/\/veracruzdemontilla.com\/?p=98","url_meta":{"origin":732,"position":1},"title":"Patrimonio","date":"25 octubre, 2009","format":false,"excerpt":"El cortejo de la Cofrad\u00eda Penitencial de la Santa Vera Cruz se abre con la Cruz de Gu\u00eda, una pieza an\u00f3nima del siglo XVII, realizada en madera policromada y que alberga la pintura de un crucificado.Asimismo, abriendo el tramo de nazarenos, la Hermandad lleva su estandarte corporativo, realizado en terciopelo\u2026","rel":"","context":"En \u00abSin categor\u00eda\u00bb","img":{"alt_text":"","src":"","width":0,"height":0},"classes":[]},{"id":94,"url":"http:\/\/veracruzdemontilla.com\/?p=94","url_meta":{"origin":732,"position":2},"title":"Estaci\u00f3n de Penitencia","date":"25 octubre, 2009","format":false,"excerpt":"Cincuenta y dos a\u00f1os despu\u00e9s, el Santo Cristo de Zacatecas y Santa Mar\u00eda del Socorro, Madre de Dios y Se\u00f1ora Nuestra retornaron a las calles de Montilla en la tarde noche del Martes Santo de 2006. De esta forma, la Cofrad\u00eda Penitencial de la Santa Vera Cruz recuperaba parte del\u2026","rel":"","context":"En \u00abSin categor\u00eda\u00bb","img":{"alt_text":"","src":"","width":0,"height":0},"classes":[]},{"id":930,"url":"http:\/\/veracruzdemontilla.com\/?p=930","url_meta":{"origin":732,"position":3},"title":"Salida extraordinaria de Nuestra Se\u00f1ora de la Merced de La Rambla","date":"25 septiembre, 2014","format":false,"excerpt":"En torno a las 9 de la noche\u00a0de ayer mi\u00e9rcoles 24 de septiembre, en el marco del XXV aniversario de la Fundaci\u00f3n de la Hermandad de la Caridad, Remedios y Merced de La Rambla, Nuestra Se\u00f1ora de la Merced procesion\u00f3 por las calles de La Rambla. Esta salida extraordinaria tuvo\u00a0lugar\u2026","rel":"","context":"En \u00abActualidad\u00bb","img":{"alt_text":"","src":"https:\/\/i1.wp.com\/veracruzdemontilla.com\/wp-content\/uploads\/2014\/09\/rambla01.jpg?fit=640%2C400&resize=350%2C200","width":350,"height":200},"classes":[]},{"id":92,"url":"http:\/\/veracruzdemontilla.com\/?p=92","url_meta":{"origin":732,"position":4},"title":"Exaltaci\u00f3n de las Siete Palabras","date":"9 diciembre, 2009","format":false,"excerpt":"La Hermandad de la Santa Vera Cruz recuper\u00f3 para Montilla una tradici\u00f3n centenaria que desapareci\u00f3 hace muchos a\u00f1os: la solemne celebraci\u00f3n de la Exaltaci\u00f3n de las Siete Palabras, un acto que conmemora los siete testamentos p\u00fablicos que Cristo manifest\u00f3 pendiente de la cruz. De esta manera, la cofrad\u00eda m\u00e1s antigua\u2026","rel":"","context":"En \u00abSin categor\u00eda\u00bb","img":{"alt_text":"","src":"","width":0,"height":0},"classes":[]},{"id":95,"url":"http:\/\/veracruzdemontilla.com\/?p=95","url_meta":{"origin":732,"position":5},"title":"Historia","date":"25 octubre, 2009","format":false,"excerpt":"El mes de abril de 2005 trajo para los hermanos de la Santa Vera Cruz una magn\u00edfica noticia: el obispo de C\u00f3rdoba, Juan Jos\u00e9 Asenjo, confirmaba la erecci\u00f3n can\u00f3nica de la Hermandad m\u00e1s antigua de la localidad, cuyas primeras referencias hist\u00f3ricas datan de la primera mitad del siglo XVI.Desde el\u2026","rel":"","context":"En \u00abSin categor\u00eda\u00bb","img":{"alt_text":"","src":"","width":0,"height":0},"classes":[]}],"_links":{"self":[{"href":"http:\/\/veracruzdemontilla.com\/index.php?rest_route=\/wp\/v2\/posts\/732"}],"collection":[{"href":"http:\/\/veracruzdemontilla.com\/index.php?rest_route=\/wp\/v2\/posts"}],"about":[{"href":"http:\/\/veracruzdemontilla.com\/index.php?rest_route=\/wp\/v2\/types\/post"}],"author":[{"embeddable":true,"href":"http:\/\/veracruzdemontilla.com\/index.php?rest_route=\/wp\/v2\/users\/1"}],"replies":[{"embeddable":true,"href":"http:\/\/veracruzdemontilla.com\/index.php?rest_route=%2Fwp%2Fv2%2Fcomments&post=732"}],"version-history":[{"count":1,"href":"http:\/\/veracruzdemontilla.com\/index.php?rest_route=\/wp\/v2\/posts\/732\/revisions"}],"predecessor-version":[{"id":736,"href":"http:\/\/veracruzdemontilla.com\/index.php?rest_route=\/wp\/v2\/posts\/732\/revisions\/736"}],"wp:featuredmedia":[{"embeddable":true,"href":"http:\/\/veracruzdemontilla.com\/index.php?rest_route=\/wp\/v2\/media\/735"}],"wp:attachment":[{"href":"http:\/\/veracruzdemontilla.com\/index.php?rest_route=%2Fwp%2Fv2%2Fmedia&parent=732"}],"wp:term":[{"taxonomy":"category","embeddable":true,"href":"http:\/\/veracruzdemontilla.com\/index.php?rest_route=%2Fwp%2Fv2%2Fcategories&post=732"},{"taxonomy":"post_tag","embeddable":true,"href":"http:\/\/veracruzdemontilla.com\/index.php?rest_route=%2Fwp%2Fv2%2Ftags&post=732"}],"curies":[{"name":"wp","href":"https:\/\/api.w.org\/{rel}","templated":true}]}}