{"id":728,"date":"2014-04-13T20:30:53","date_gmt":"2014-04-13T18:30:53","guid":{"rendered":"http:\/\/veracruzdemontilla.com\/?p=728"},"modified":"2014-04-13T20:30:53","modified_gmt":"2014-04-13T18:30:53","slug":"via-crucis-del-santisimo-cristo-de-zacatecas","status":"publish","type":"post","link":"http:\/\/veracruzdemontilla.com\/?p=728","title":{"rendered":"V\u00eda Crucis del Sant\u00edsimo Cristo de Zacatecas"},"content":{"rendered":"<p style=\"text-align: justify;\">Ayer, 12 de abril, \u00a0S\u00e1bado de Pasi\u00f3n, tuvo lugar el V\u00eda Crucis de nuestro Titular, dando comienzo a las 21.00 de la noche, y realizando su recorrido, a hombros de nuestros costaleros, por diversas calles del popular barrio de La Escuchuela. \u00a0 El cortejo lo abr\u00eda nuestra cruz de gu\u00eda, arropada por dos faroles y acompa\u00f1ados por nuestros hermanos y vecinos del barrio, que se acercaron a nuestro titular para rememorar el sufrimiento de Jes\u00fas hasta el Calvario rezando las estaciones de penitencia.<\/p>\n<p style=\"text-align: justify;\"><span style=\"line-height: 1.5em;\">Una vez realizado, a la llegada al templo,\u00a0el Santo Cristo de Zacatecas qued\u00f3\u00a0entronizado para la Estaci\u00f3n de Penitencia del pr\u00f3ximo Martes Santo.<\/span><\/p>\n<p style=\"text-align: justify;\">Ser\u00e1 este d\u00eda 15, el d\u00eda grande de esta hermandad, cuando, a partir de las 20.00 de la tarde, se abran las puertas de la Parroquia de Santiago y realicemos estaci\u00f3n de penitencia por las calles de Montilla con nuestro Santo Cristo de Zacatecas y Santa Mar\u00eda del Socorro, acompa\u00f1ados musicalmente por la Banda de Cornetas y Tambores de la Brigada de Infanter\u00eda Mecanizada \u00abGuzm\u00e1n el Bueno X\u00bb.<\/p>\n","protected":false},"excerpt":{"rendered":"<p>Ayer, 12 de abril, \u00a0S\u00e1bado de Pasi\u00f3n, tuvo lugar el V\u00eda Crucis de nuestro Titular, dando comienzo a las 21.00 de la noche, y realizando su recorrido, a hombros de nuestros costaleros, por diversas calles del popular barrio de La Escuchuela. \u00a0 El cortejo lo abr\u00eda nuestra cruz de gu\u00eda, arropada por dos faroles y [&#038;hellip<\/p>\n","protected":false},"author":1,"featured_media":729,"comment_status":"closed","ping_status":"open","sticky":false,"template":"","format":"standard","meta":{"advanced_seo_description":"","spay_email":"","jetpack_publicize_message":"","jetpack_is_tweetstorm":false},"categories":[5],"tags":[4],"jetpack_featured_media_url":"https:\/\/i0.wp.com\/veracruzdemontilla.com\/wp-content\/uploads\/2014\/04\/traslado.jpg?fit=640%2C400","jetpack_publicize_connections":[],"wpmagazine_modules_lite_featured_media_urls":{"thumbnail":["https:\/\/i0.wp.com\/veracruzdemontilla.com\/wp-content\/uploads\/2014\/04\/traslado.jpg?resize=150%2C150",150,150,true],"cvmm-medium":["https:\/\/i0.wp.com\/veracruzdemontilla.com\/wp-content\/uploads\/2014\/04\/traslado.jpg?resize=300%2C300",300,300,true],"cvmm-medium-plus":["https:\/\/i0.wp.com\/veracruzdemontilla.com\/wp-content\/uploads\/2014\/04\/traslado.jpg?resize=305%2C207",305,207,true],"cvmm-portrait":["https:\/\/i0.wp.com\/veracruzdemontilla.com\/wp-content\/uploads\/2014\/04\/traslado.jpg?resize=400%2C400",400,400,true],"cvmm-medium-square":["https:\/\/i0.wp.com\/veracruzdemontilla.com\/wp-content\/uploads\/2014\/04\/traslado.jpg?resize=600%2C400",600,400,true],"cvmm-large":["https:\/\/i0.wp.com\/veracruzdemontilla.com\/wp-content\/uploads\/2014\/04\/traslado.jpg?resize=640%2C400",640,400,true],"cvmm-small":["https:\/\/i0.wp.com\/veracruzdemontilla.com\/wp-content\/uploads\/2014\/04\/traslado.jpg?resize=130%2C95",130,95,true],"full":["https:\/\/i0.wp.com\/veracruzdemontilla.com\/wp-content\/uploads\/2014\/04\/traslado.jpg?fit=640%2C400",640,400,false]},"categories_names":{"5":{"name":"Actualidad","link":"http:\/\/veracruzdemontilla.com\/?cat=5"}},"tags_names":{"4":{"name":"Favoritos","link":"http:\/\/veracruzdemontilla.com\/?tag=favoritos"}},"comments_number":"0","jetpack_sharing_enabled":true,"jetpack_shortlink":"https:\/\/wp.me\/p9INPk-bK","jetpack_likes_enabled":true,"jetpack-related-posts":[{"id":1066,"url":"http:\/\/veracruzdemontilla.com\/?p=1066","url_meta":{"origin":728,"position":0},"title":"V\u00eda Crucis del Sant\u00edsimo Cristo de Zacatecas","date":"28 marzo, 2015","format":false,"excerpt":"Hoy s\u00e1bado, 28\u00a0de marzo, \u00a0tendr\u00e1 lugar el V\u00eda Crucis de nuestro Titular, dando comienzo a las 20:30\u00a0de la noche, y realizando su recorrido, a hombros de nuestros costaleros, por diversas calles del popular barrio de La Escuchuela. \u00a0 El cortejo ser\u00e1\u00a0acompa\u00f1ado por nuestros hermanos y todos aquellos devotos y vecinos\u2026","rel":"","context":"En \u00abActualidad\u00bb","img":{"alt_text":"","src":"https:\/\/i0.wp.com\/veracruzdemontilla.com\/wp-content\/uploads\/2015\/03\/viacrucis01.jpg?fit=640%2C400&resize=350%2C200","width":350,"height":200},"classes":[]},{"id":1347,"url":"http:\/\/veracruzdemontilla.com\/?p=1347","url_meta":{"origin":728,"position":1},"title":"V\u00eda Crucis del Sant\u00edsimo Cristo de Zacatecas","date":"4 abril, 2017","format":false,"excerpt":"El pr\u00f3ximo s\u00e1bado, 8\u00a0de abril, \u00a0tendr\u00e1 lugar el V\u00eda Crucis de nuestro Titular, dando comienzo a las 20:30\u00a0de la noche, y realizando su recorrido, a hombros de nuestros costaleros, por diversas calles del popular barrio de La Escuchuela. El cortejo ser\u00e1\u00a0acompa\u00f1ado por nuestros hermanos y todos aquellos devotos y vecinos\u2026","rel":"","context":"En \u00abActualidad\u00bb","img":{"alt_text":"","src":"https:\/\/i2.wp.com\/veracruzdemontilla.com\/wp-content\/uploads\/2017\/04\/17.jpg?fit=640%2C400&resize=350%2C200","width":350,"height":200},"classes":[]},{"id":1600,"url":"http:\/\/veracruzdemontilla.com\/?p=1600","url_meta":{"origin":728,"position":2},"title":"Solemne Viacrucis de Entronizaci\u00f3n del Santo Cristo de Zacatecas","date":"11 abril, 2019","format":false,"excerpt":"En la antesala de la Semana Santa montillana, el pr\u00f3ximo S\u00e1bado de Pasi\u00f3n 13 de abril, el Cristo de Zacatecas ser\u00e1 trasladado a su paso en el que quedar\u00e1 entronizado de cara a la Estaci\u00f3n de Penitencia del Martes Santo. La entronizaci\u00f3n se producir\u00e1 en la \u00faltima estaci\u00f3n del rezo\u2026","rel":"","context":"En \u00abActualidad\u00bb","img":{"alt_text":"","src":"https:\/\/i0.wp.com\/veracruzdemontilla.com\/wp-content\/uploads\/2019\/04\/Viacrucis-2019-bn.jpg?fit=1182%2C1182&resize=350%2C200","width":350,"height":200},"classes":[]},{"id":627,"url":"http:\/\/veracruzdemontilla.com\/?p=627","url_meta":{"origin":728,"position":3},"title":"Actos Culturales y Religiosos","date":"25 febrero, 2014","format":false,"excerpt":"Querido hermano: Se acerca la Cuaresma, un per\u00edodo de reflexi\u00f3n y preparaci\u00f3n para renovar nuestro compromiso como cristianos y acercarnos as\u00ed al misterio de la Pasi\u00f3n, Muerte y Resurrecci\u00f3n de Nuestro Se\u00f1or Jesucristo. Comienza, por tanto, la cuenta atr\u00e1s que nos conducir\u00e1 hasta el martes 15 de abril, d\u00eda ansiado\u2026","rel":"","context":"En \u00abActualidad\u00bb","img":{"alt_text":"","src":"https:\/\/i2.wp.com\/veracruzdemontilla.com\/wp-content\/uploads\/2014\/02\/actos20141.jpg?fit=640%2C400&resize=350%2C200","width":350,"height":200},"classes":[]},{"id":1022,"url":"http:\/\/veracruzdemontilla.com\/?p=1022","url_meta":{"origin":728,"position":4},"title":"Actos y Cultos Cuaresma 2015 &#8211; Solemne Quinario","date":"10 febrero, 2015","format":false,"excerpt":"Pr\u00f3xima est\u00e1 ya la Cuaresma, ese tiempo lit\u00fargico que la Iglesia nos marca para prepararnos a la gran fiesta de la Pascua. Por ello, me dirijo a vosotros a trav\u00e9s de estas l\u00edneas un a\u00f1o m\u00e1s, para de esta forma, invitaros y haceros part\u00edcipes de todos los actos que nuestra\u2026","rel":"","context":"En \u00abActualidad\u00bb","img":{"alt_text":"","src":"https:\/\/i0.wp.com\/veracruzdemontilla.com\/wp-content\/uploads\/2015\/02\/IMG_235220045376588-600x375.jpeg?fit=640%2C400&resize=350%2C200","width":350,"height":200},"classes":[]},{"id":1572,"url":"http:\/\/veracruzdemontilla.com\/?p=1572","url_meta":{"origin":728,"position":5},"title":"El Quinario del Cristo de Zacatecas da comienzo a la cuaresma montillana","date":"25 febrero, 2019","format":false,"excerpt":"El pr\u00f3ximo d\u00eda 6 de marzo, Mi\u00e9rcoles de Ceniza, dar\u00e1n comienzo los cultos cuaresmales de la Cofrad\u00eda de la Santa Vera Cruz en honor de sus Sagrados Titulares, el Santo Cristo crucificado de Zacatecas y Santa Mar\u00eda del Socorro, Madre de Dios y Se\u00f1ora Nuestra. Con el Solemne Quinario da\u2026","rel":"","context":"En \u00abActualidad\u00bb","img":{"alt_text":"","src":"https:\/\/i1.wp.com\/veracruzdemontilla.com\/wp-content\/uploads\/2019\/02\/cartel-QUINARIO-copia-2019.jpg?fit=827%2C1200&resize=350%2C200","width":350,"height":200},"classes":[]}],"_links":{"self":[{"href":"http:\/\/veracruzdemontilla.com\/index.php?rest_route=\/wp\/v2\/posts\/728"}],"collection":[{"href":"http:\/\/veracruzdemontilla.com\/index.php?rest_route=\/wp\/v2\/posts"}],"about":[{"href":"http:\/\/veracruzdemontilla.com\/index.php?rest_route=\/wp\/v2\/types\/post"}],"author":[{"embeddable":true,"href":"http:\/\/veracruzdemontilla.com\/index.php?rest_route=\/wp\/v2\/users\/1"}],"replies":[{"embeddable":true,"href":"http:\/\/veracruzdemontilla.com\/index.php?rest_route=%2Fwp%2Fv2%2Fcomments&post=728"}],"version-history":[{"count":1,"href":"http:\/\/veracruzdemontilla.com\/index.php?rest_route=\/wp\/v2\/posts\/728\/revisions"}],"predecessor-version":[{"id":730,"href":"http:\/\/veracruzdemontilla.com\/index.php?rest_route=\/wp\/v2\/posts\/728\/revisions\/730"}],"wp:featuredmedia":[{"embeddable":true,"href":"http:\/\/veracruzdemontilla.com\/index.php?rest_route=\/wp\/v2\/media\/729"}],"wp:attachment":[{"href":"http:\/\/veracruzdemontilla.com\/index.php?rest_route=%2Fwp%2Fv2%2Fmedia&parent=728"}],"wp:term":[{"taxonomy":"category","embeddable":true,"href":"http:\/\/veracruzdemontilla.com\/index.php?rest_route=%2Fwp%2Fv2%2Fcategories&post=728"},{"taxonomy":"post_tag","embeddable":true,"href":"http:\/\/veracruzdemontilla.com\/index.php?rest_route=%2Fwp%2Fv2%2Ftags&post=728"}],"curies":[{"name":"wp","href":"https:\/\/api.w.org\/{rel}","templated":true}]}}