{"id":724,"date":"2014-04-11T10:52:29","date_gmt":"2014-04-11T08:52:29","guid":{"rendered":"http:\/\/veracruzdemontilla.com\/?p=724"},"modified":"2014-04-11T10:52:29","modified_gmt":"2014-04-11T08:52:29","slug":"solemne-besapies-y-besamanos-y-traslado-de-entronizacion-2","status":"publish","type":"post","link":"http:\/\/veracruzdemontilla.com\/?p=724","title":{"rendered":"Solemne Besapi\u00e9s y Besamanos y Traslado de Entronizaci\u00f3n"},"content":{"rendered":"<p style=\"text-align: justify;\">Otra de las citas ineludibles con nuestros Titulares es <strong>hoy, d\u00eda 11 de abril, Viernes de Dolores<\/strong>. \u00a0Desde las 20:00h, el Santo Cristo de Zacatecas y Mar\u00eda Sant\u00edsima del Socorro estar\u00e1n expuestos en Solemne Besapi\u00e9s y Besamanos para que todo aquel hermano y devoto que as\u00ed lo desee pueda acercarse a venerarlos.<\/p>\n<p style=\"text-align: justify;\">Tambi\u00e9n me gustar\u00eda hacerte part\u00edcipe del V\u00eda Crucis del Santo Cristo, que un a\u00f1o m\u00e1s realizaremos para trasladarlo a su trono. Este tendr\u00e1 lugar <strong>ma\u00f1ana d\u00eda 12 de abril, S\u00e1bado de Pasi\u00f3n<\/strong>, por las calles del Barrio de la Escuchuela a partir de las 21:00 h.<\/p>\n<p style=\"text-align: justify;\">Deseando contar con tu participaci\u00f3n en los cultos y \u00a0dem\u00e1s actividades previstas para estos d\u00edas de nuestra Cofrad\u00eda, para que nuestro v\u00ednculo y compromiso como hermanos y cristianos se vea fortalecido en estos intensos d\u00edas de Cuaresma, recibe un cordial saludo y un abrazo en Xto.<\/p>\n<p style=\"text-align: justify;\">Miguel Navarro M\u00e1rquez<br \/>\nHermano Mayor<\/p>\n","protected":false},"excerpt":{"rendered":"<p>Otra de las citas ineludibles con nuestros Titulares es hoy, d\u00eda 11 de abril, Viernes de Dolores. \u00a0Desde las 20:00h, el Santo Cristo de Zacatecas y Mar\u00eda Sant\u00edsima del Socorro estar\u00e1n expuestos en Solemne Besapi\u00e9s y Besamanos para que todo aquel hermano y devoto que as\u00ed lo desee pueda acercarse a venerarlos. Tambi\u00e9n me gustar\u00eda [&#038;hellip<\/p>\n","protected":false},"author":1,"featured_media":726,"comment_status":"closed","ping_status":"open","sticky":false,"template":"","format":"standard","meta":{"advanced_seo_description":"","spay_email":"","jetpack_publicize_message":"","jetpack_is_tweetstorm":false},"categories":[5],"tags":[4],"jetpack_featured_media_url":"https:\/\/i0.wp.com\/veracruzdemontilla.com\/wp-content\/uploads\/2014\/04\/besapies.jpg?fit=640%2C400","jetpack_publicize_connections":[],"wpmagazine_modules_lite_featured_media_urls":{"thumbnail":["https:\/\/i0.wp.com\/veracruzdemontilla.com\/wp-content\/uploads\/2014\/04\/besapies.jpg?resize=150%2C150",150,150,true],"cvmm-medium":["https:\/\/i0.wp.com\/veracruzdemontilla.com\/wp-content\/uploads\/2014\/04\/besapies.jpg?resize=300%2C300",300,300,true],"cvmm-medium-plus":["https:\/\/i0.wp.com\/veracruzdemontilla.com\/wp-content\/uploads\/2014\/04\/besapies.jpg?resize=305%2C207",305,207,true],"cvmm-portrait":["https:\/\/i0.wp.com\/veracruzdemontilla.com\/wp-content\/uploads\/2014\/04\/besapies.jpg?resize=400%2C400",400,400,true],"cvmm-medium-square":["https:\/\/i0.wp.com\/veracruzdemontilla.com\/wp-content\/uploads\/2014\/04\/besapies.jpg?resize=600%2C400",600,400,true],"cvmm-large":["https:\/\/i0.wp.com\/veracruzdemontilla.com\/wp-content\/uploads\/2014\/04\/besapies.jpg?resize=640%2C400",640,400,true],"cvmm-small":["https:\/\/i0.wp.com\/veracruzdemontilla.com\/wp-content\/uploads\/2014\/04\/besapies.jpg?resize=130%2C95",130,95,true],"full":["https:\/\/i0.wp.com\/veracruzdemontilla.com\/wp-content\/uploads\/2014\/04\/besapies.jpg?fit=640%2C400",640,400,false]},"categories_names":{"5":{"name":"Actualidad","link":"http:\/\/veracruzdemontilla.com\/?cat=5"}},"tags_names":{"4":{"name":"Favoritos","link":"http:\/\/veracruzdemontilla.com\/?tag=favoritos"}},"comments_number":"0","jetpack_sharing_enabled":true,"jetpack_shortlink":"https:\/\/wp.me\/p9INPk-bG","jetpack_likes_enabled":true,"jetpack-related-posts":[{"id":1061,"url":"http:\/\/veracruzdemontilla.com\/?p=1061","url_meta":{"origin":724,"position":0},"title":"Solemne Besapi\u00e9s y Besamanos y Traslado de Entronizaci\u00f3n","date":"25 marzo, 2015","format":false,"excerpt":"Otra de las citas ineludibles con nuestros Titulares es este viernes, d\u00eda 27\u00a0de marzo, Viernes de Dolores. \u00a0Desde las 20:00h, el Santo Cristo de Zacatecas y Mar\u00eda Sant\u00edsima del Socorro estar\u00e1n expuestos en Solemne Besapi\u00e9s y Besamanos para que todo aquel hermano y devoto que as\u00ed lo desee pueda acercarse\u2026","rel":"","context":"En \u00abActualidad\u00bb","img":{"alt_text":"","src":"https:\/\/i1.wp.com\/veracruzdemontilla.com\/wp-content\/uploads\/2015\/03\/IMG-20150326-WA0015.jpg?fit=640%2C400&resize=350%2C200","width":350,"height":200},"classes":[]},{"id":1603,"url":"http:\/\/veracruzdemontilla.com\/?p=1603","url_meta":{"origin":724,"position":1},"title":"Solemne besapi\u00e9s y besamanos a nuestros Sagrados Titulares","date":"11 abril, 2019","format":false,"excerpt":"El Viernes de Dolores es el d\u00eda que, sin duda, inaugura la semana m\u00e1s importante para un cristiano. Igualmente significativo es para los cofrades de la Santa Vera Cruz y los devotos de la Santo Cristo de Zacatecas y Santa Mar\u00eda del Socorro, titulares de nuestra Cofrad\u00eda, que estar\u00e1n expuestos\u2026","rel":"","context":"En \u00abActualidad\u00bb","img":{"alt_text":"","src":"https:\/\/i0.wp.com\/veracruzdemontilla.com\/wp-content\/uploads\/2019\/04\/DSC_0252.jpg?fit=848%2C564&resize=350%2C200","width":350,"height":200},"classes":[]},{"id":2161,"url":"http:\/\/veracruzdemontilla.com\/?p=2161","url_meta":{"origin":724,"position":2},"title":"Solemne besapi\u00e9s y besamanos del Viernes de Dolores","date":"11 abril, 2025","format":false,"excerpt":"Cada Viernes de Dolores la Parroquia de Santiago se convierte en un hervidero de devotos del Crucificado de Zacatecas y de Santa Mar\u00eda del Socorro. Durante la tarde noche de la jornada que inaugura las v\u00edsperas de la Semana Santa, nuestros titulares permanecen expuestos en devoto besapi\u00e9s y besamanos para\u2026","rel":"","context":"En \u00abActualidad\u00bb","img":{"alt_text":"","src":"https:\/\/i2.wp.com\/veracruzdemontilla.com\/wp-content\/uploads\/2025\/04\/WhatsApp-Image-2025-04-10-at-14.36.30.jpeg?fit=1057%2C793&resize=350%2C200","width":350,"height":200},"classes":[]},{"id":627,"url":"http:\/\/veracruzdemontilla.com\/?p=627","url_meta":{"origin":724,"position":3},"title":"Actos Culturales y Religiosos","date":"25 febrero, 2014","format":false,"excerpt":"Querido hermano: Se acerca la Cuaresma, un per\u00edodo de reflexi\u00f3n y preparaci\u00f3n para renovar nuestro compromiso como cristianos y acercarnos as\u00ed al misterio de la Pasi\u00f3n, Muerte y Resurrecci\u00f3n de Nuestro Se\u00f1or Jesucristo. Comienza, por tanto, la cuenta atr\u00e1s que nos conducir\u00e1 hasta el martes 15 de abril, d\u00eda ansiado\u2026","rel":"","context":"En \u00abActualidad\u00bb","img":{"alt_text":"","src":"https:\/\/i2.wp.com\/veracruzdemontilla.com\/wp-content\/uploads\/2014\/02\/actos20141.jpg?fit=640%2C400&resize=350%2C200","width":350,"height":200},"classes":[]},{"id":1022,"url":"http:\/\/veracruzdemontilla.com\/?p=1022","url_meta":{"origin":724,"position":4},"title":"Actos y Cultos Cuaresma 2015 &#8211; Solemne Quinario","date":"10 febrero, 2015","format":false,"excerpt":"Pr\u00f3xima est\u00e1 ya la Cuaresma, ese tiempo lit\u00fargico que la Iglesia nos marca para prepararnos a la gran fiesta de la Pascua. Por ello, me dirijo a vosotros a trav\u00e9s de estas l\u00edneas un a\u00f1o m\u00e1s, para de esta forma, invitaros y haceros part\u00edcipes de todos los actos que nuestra\u2026","rel":"","context":"En \u00abActualidad\u00bb","img":{"alt_text":"","src":"https:\/\/i0.wp.com\/veracruzdemontilla.com\/wp-content\/uploads\/2015\/02\/IMG_235220045376588-600x375.jpeg?fit=640%2C400&resize=350%2C200","width":350,"height":200},"classes":[]},{"id":1266,"url":"http:\/\/veracruzdemontilla.com\/?p=1266","url_meta":{"origin":724,"position":5},"title":"Carta de nuestro Hermano Mayor","date":"29 enero, 2016","format":false,"excerpt":"Estimado\/a hermano\/a, Como cada a\u00f1o, pr\u00f3ximo al inicio de la Cuaresma, me dirijo a ti para informarte de todas las actividades que nuestra Cofrad\u00eda llevar\u00e1 a cabo durante este tiempo lit\u00fargico que estamos a punto de comenzar. Sin lugar a dudas, estas actividades, de las que queremos hacerte part\u00edcipe, nos\u2026","rel":"","context":"En \u00abActualidad\u00bb","img":{"alt_text":"","src":"https:\/\/i1.wp.com\/veracruzdemontilla.com\/wp-content\/uploads\/2016\/01\/cuaresma2016.jpg?fit=640%2C400&resize=350%2C200","width":350,"height":200},"classes":[]}],"_links":{"self":[{"href":"http:\/\/veracruzdemontilla.com\/index.php?rest_route=\/wp\/v2\/posts\/724"}],"collection":[{"href":"http:\/\/veracruzdemontilla.com\/index.php?rest_route=\/wp\/v2\/posts"}],"about":[{"href":"http:\/\/veracruzdemontilla.com\/index.php?rest_route=\/wp\/v2\/types\/post"}],"author":[{"embeddable":true,"href":"http:\/\/veracruzdemontilla.com\/index.php?rest_route=\/wp\/v2\/users\/1"}],"replies":[{"embeddable":true,"href":"http:\/\/veracruzdemontilla.com\/index.php?rest_route=%2Fwp%2Fv2%2Fcomments&post=724"}],"version-history":[{"count":1,"href":"http:\/\/veracruzdemontilla.com\/index.php?rest_route=\/wp\/v2\/posts\/724\/revisions"}],"predecessor-version":[{"id":727,"href":"http:\/\/veracruzdemontilla.com\/index.php?rest_route=\/wp\/v2\/posts\/724\/revisions\/727"}],"wp:featuredmedia":[{"embeddable":true,"href":"http:\/\/veracruzdemontilla.com\/index.php?rest_route=\/wp\/v2\/media\/726"}],"wp:attachment":[{"href":"http:\/\/veracruzdemontilla.com\/index.php?rest_route=%2Fwp%2Fv2%2Fmedia&parent=724"}],"wp:term":[{"taxonomy":"category","embeddable":true,"href":"http:\/\/veracruzdemontilla.com\/index.php?rest_route=%2Fwp%2Fv2%2Fcategories&post=724"},{"taxonomy":"post_tag","embeddable":true,"href":"http:\/\/veracruzdemontilla.com\/index.php?rest_route=%2Fwp%2Fv2%2Ftags&post=724"}],"curies":[{"name":"wp","href":"https:\/\/api.w.org\/{rel}","templated":true}]}}