{"id":715,"date":"2014-04-10T17:03:06","date_gmt":"2014-04-10T15:03:06","guid":{"rendered":"http:\/\/veracruzdemontilla.com\/?p=715"},"modified":"2014-04-10T19:28:32","modified_gmt":"2014-04-10T17:28:32","slug":"nuestra-titular-ocupa-una-de-las-capillas-recuperadas","status":"publish","type":"post","link":"http:\/\/veracruzdemontilla.com\/?p=715","title":{"rendered":"Nuestra Titular ocupa una de las capillas recuperadas"},"content":{"rendered":"<p style=\"text-align: justify;\">Desde el pasado 9 de abril, tras la misa de reapertura al culto de la Parroquia de Santiago oficiada por el Obispo de C\u00f3rdoba, Monse\u00f1or Demetrio Fern\u00e1ndez, nuestra Titular Mar\u00eda Sant\u00edsima del Socorro ocupa una de las capillas recuperadas tras los trabajos de reparaci\u00f3n y restauraci\u00f3n llevados a cabo en dicho templo. En concreto se trata de la capilla que presid\u00eda la primitivaVirgen del Socorro, situada en la nave lateral derecha, pr\u00f3xima al Sant\u00edsimo Cristo de Zacatecas.<\/p>\n<p><a href=\"https:\/\/i0.wp.com\/veracruzdemontilla.com\/wp-content\/uploads\/2014\/04\/IMG-20140410-WA0004.jpg\"><img data-attachment-id=\"716\" data-permalink=\"http:\/\/veracruzdemontilla.com\/?attachment_id=716\" data-orig-file=\"https:\/\/i0.wp.com\/veracruzdemontilla.com\/wp-content\/uploads\/2014\/04\/IMG-20140410-WA0004.jpg?fit=450%2C800\" data-orig-size=\"450,800\" data-comments-opened=\"0\" data-image-meta=\"{&quot;aperture&quot;:&quot;0&quot;,&quot;credit&quot;:&quot;&quot;,&quot;camera&quot;:&quot;&quot;,&quot;caption&quot;:&quot;&quot;,&quot;created_timestamp&quot;:&quot;0&quot;,&quot;copyright&quot;:&quot;&quot;,&quot;focal_length&quot;:&quot;0&quot;,&quot;iso&quot;:&quot;0&quot;,&quot;shutter_speed&quot;:&quot;0&quot;,&quot;title&quot;:&quot;&quot;}\" data-image-title=\"IMG-20140410-WA0004\" data-image-description=\"\" data-image-caption=\"\" data-medium-file=\"https:\/\/i0.wp.com\/veracruzdemontilla.com\/wp-content\/uploads\/2014\/04\/IMG-20140410-WA0004.jpg?fit=168%2C300\" data-large-file=\"https:\/\/i0.wp.com\/veracruzdemontilla.com\/wp-content\/uploads\/2014\/04\/IMG-20140410-WA0004.jpg?fit=450%2C800\" loading=\"lazy\" class=\"size-full wp-image-716 aligncenter\" alt=\"IMG-20140410-WA0004\" src=\"https:\/\/i0.wp.com\/veracruzdemontilla.com\/wp-content\/uploads\/2014\/04\/IMG-20140410-WA0004.jpg?resize=450%2C800\" width=\"450\" height=\"800\" srcset=\"https:\/\/i0.wp.com\/veracruzdemontilla.com\/wp-content\/uploads\/2014\/04\/IMG-20140410-WA0004.jpg?w=450 450w, https:\/\/i0.wp.com\/veracruzdemontilla.com\/wp-content\/uploads\/2014\/04\/IMG-20140410-WA0004.jpg?resize=168%2C300 168w\" sizes=\"(max-width: 450px) 100vw, 450px\" data-recalc-dims=\"1\" \/><\/a><\/p>\n","protected":false},"excerpt":{"rendered":"<p>Desde el pasado 9 de abril, tras la misa de reapertura al culto de la Parroquia de Santiago oficiada por el Obispo de C\u00f3rdoba, Monse\u00f1or Demetrio Fern\u00e1ndez, nuestra Titular Mar\u00eda Sant\u00edsima del Socorro ocupa una de las capillas recuperadas tras los trabajos de reparaci\u00f3n y restauraci\u00f3n llevados a cabo en dicho templo. En concreto se [&#038;hellip<\/p>\n","protected":false},"author":1,"featured_media":718,"comment_status":"closed","ping_status":"open","sticky":false,"template":"","format":"standard","meta":{"advanced_seo_description":"","spay_email":"","jetpack_publicize_message":"","jetpack_is_tweetstorm":false},"categories":[5],"tags":[4],"jetpack_featured_media_url":"https:\/\/i0.wp.com\/veracruzdemontilla.com\/wp-content\/uploads\/2014\/04\/nuevacapilla.jpg?fit=640%2C400","jetpack_publicize_connections":[],"wpmagazine_modules_lite_featured_media_urls":{"thumbnail":["https:\/\/i0.wp.com\/veracruzdemontilla.com\/wp-content\/uploads\/2014\/04\/nuevacapilla.jpg?resize=150%2C150",150,150,true],"cvmm-medium":["https:\/\/i0.wp.com\/veracruzdemontilla.com\/wp-content\/uploads\/2014\/04\/nuevacapilla.jpg?resize=300%2C300",300,300,true],"cvmm-medium-plus":["https:\/\/i0.wp.com\/veracruzdemontilla.com\/wp-content\/uploads\/2014\/04\/nuevacapilla.jpg?resize=305%2C207",305,207,true],"cvmm-portrait":["https:\/\/i0.wp.com\/veracruzdemontilla.com\/wp-content\/uploads\/2014\/04\/nuevacapilla.jpg?resize=400%2C400",400,400,true],"cvmm-medium-square":["https:\/\/i0.wp.com\/veracruzdemontilla.com\/wp-content\/uploads\/2014\/04\/nuevacapilla.jpg?resize=600%2C400",600,400,true],"cvmm-large":["https:\/\/i0.wp.com\/veracruzdemontilla.com\/wp-content\/uploads\/2014\/04\/nuevacapilla.jpg?resize=640%2C400",640,400,true],"cvmm-small":["https:\/\/i0.wp.com\/veracruzdemontilla.com\/wp-content\/uploads\/2014\/04\/nuevacapilla.jpg?resize=130%2C95",130,95,true],"full":["https:\/\/i0.wp.com\/veracruzdemontilla.com\/wp-content\/uploads\/2014\/04\/nuevacapilla.jpg?fit=640%2C400",640,400,false]},"categories_names":{"5":{"name":"Actualidad","link":"http:\/\/veracruzdemontilla.com\/?cat=5"}},"tags_names":{"4":{"name":"Favoritos","link":"http:\/\/veracruzdemontilla.com\/?tag=favoritos"}},"comments_number":"0","jetpack_sharing_enabled":true,"jetpack_shortlink":"https:\/\/wp.me\/p9INPk-bx","jetpack_likes_enabled":true,"jetpack-related-posts":[{"id":711,"url":"http:\/\/veracruzdemontilla.com\/?p=711","url_meta":{"origin":715,"position":0},"title":"Reapertura de la parroquia de Santiago de Montilla","date":"9 abril, 2014","format":false,"excerpt":"El Obispo de C\u00f3rdoba, don Demetrio Fern\u00e1ndez, presidir\u00e1 hoy mi\u00e9rcoles 9 de abril, a las 20:00 horas\u00a0la misa de acci\u00f3n de gracias que tendr\u00e1 lugar en la parroquia de Santiago de nuestra ciudad, la cual ha permanecido en obras desde el pasado a\u00f1o. Unas obras con las que se ha\u2026","rel":"","context":"En \u00abActualidad\u00bb","img":{"alt_text":"","src":"https:\/\/i2.wp.com\/veracruzdemontilla.com\/wp-content\/uploads\/2014\/04\/galeria013.jpg?fit=640%2C400&resize=350%2C200","width":350,"height":200},"classes":[]},{"id":294,"url":"http:\/\/veracruzdemontilla.com\/?p=294","url_meta":{"origin":715,"position":1},"title":"Las obras de Santiago han comenzado con el arreglo del tejado","date":"20 agosto, 2013","format":false,"excerpt":"Los operarios encargados del arreglo de los tejados de nuestra parroquia -proyecto redactado por la arquitecta montillana Mara Portero- ya han comenzado. Record\u00e1mos, que este proyecto contempla la reparaci\u00f3n del tejado de la nave de la Ep\u00edstola, que lleva a\u00f1os con problemas de humedad de consideraci\u00f3n, obligando al p\u00e1rroco Jos\u00e9\u2026","rel":"","context":"En \u00abActualidad\u00bb","img":{"alt_text":"","src":"https:\/\/i1.wp.com\/veracruzdemontilla.com\/wp-content\/uploads\/2013\/08\/tejados.jpg?fit=640%2C468&resize=350%2C200","width":350,"height":200},"classes":[]},{"id":272,"url":"http:\/\/veracruzdemontilla.com\/?p=272","url_meta":{"origin":715,"position":2},"title":"Por motivo de las obras, nuestros sagrados titulares han sido trasladados","date":"8 agosto, 2013","format":false,"excerpt":"Como ya se ven\u00eda anticipando, las lluvias del pasado invierno, han agravado los problemas de humedad que sufre el templo, afectando fundamentalmente a la nave de la Ep\u00edstola. Para evitar que los da\u00f1os vayan a mayores, tal y como ha sucedido en la Iglesia de San Agust\u00edn,\u00a0se va a proceder\u2026","rel":"","context":"En \u00abActualidad\u00bb","img":{"alt_text":"","src":"https:\/\/i1.wp.com\/veracruzdemontilla.com\/wp-content\/uploads\/2013\/08\/CAM00083.jpg?fit=1200%2C900&resize=350%2C200","width":350,"height":200},"classes":[]},{"id":2161,"url":"http:\/\/veracruzdemontilla.com\/?p=2161","url_meta":{"origin":715,"position":3},"title":"Solemne besapi\u00e9s y besamanos del Viernes de Dolores","date":"11 abril, 2025","format":false,"excerpt":"Cada Viernes de Dolores la Parroquia de Santiago se convierte en un hervidero de devotos del Crucificado de Zacatecas y de Santa Mar\u00eda del Socorro. Durante la tarde noche de la jornada que inaugura las v\u00edsperas de la Semana Santa, nuestros titulares permanecen expuestos en devoto besapi\u00e9s y besamanos para\u2026","rel":"","context":"En \u00abActualidad\u00bb","img":{"alt_text":"","src":"https:\/\/i2.wp.com\/veracruzdemontilla.com\/wp-content\/uploads\/2025\/04\/WhatsApp-Image-2025-04-10-at-14.36.30.jpeg?fit=1057%2C793&resize=350%2C200","width":350,"height":200},"classes":[]},{"id":554,"url":"http:\/\/veracruzdemontilla.com\/?p=554","url_meta":{"origin":715,"position":4},"title":"Dos celebraciones de singular relevancia","date":"10 diciembre, 2013","format":false,"excerpt":"El pasado fin de semana nuestra Cofrad\u00eda vivi\u00f3 dos celebraciones de singular relevancia. Con motivo del Besamanos Solidario que un a\u00f1o m\u00e1s organiz\u00f3 la Agrupaci\u00f3n de Cofrad\u00edas, nuestra Titular Mar\u00eda Sant\u00edsima del Socorro, sali\u00f3 a las calles de nuestro pueblo desde la Parroquia de Santiago Ap\u00f3stol hasta la Bas\u00edlica Pontificia\u2026","rel":"","context":"En \u00abActualidad\u00bb","img":{"alt_text":"","src":"https:\/\/i1.wp.com\/veracruzdemontilla.com\/wp-content\/uploads\/2013\/12\/traslado01.jpg?fit=640%2C400&resize=350%2C200","width":350,"height":200},"classes":[]},{"id":823,"url":"http:\/\/veracruzdemontilla.com\/?p=823","url_meta":{"origin":715,"position":5},"title":"Celebrado el Cabildo General Ordinario de nuestra Cofrad\u00eda","date":"24 mayo, 2014","format":false,"excerpt":"En la tarde-noche del pasado viernes 23 de mayo, tras la convocatoria previa a todos los hermanos, tuvo lugar el Cabildo General Ordinario de nuestra Cofrad\u00eda en la capilla del Santo Cristo de Zacatecas. Tras las preces iniciales de nuestro Consiliario, D. Jos\u00e9 Almedina, fue le\u00edda el acta del Cabildo\u2026","rel":"","context":"En \u00abActualidad\u00bb","img":{"alt_text":"","src":"https:\/\/i1.wp.com\/veracruzdemontilla.com\/wp-content\/uploads\/2014\/05\/cabildo1.jpg?fit=640%2C400&resize=350%2C200","width":350,"height":200},"classes":[]}],"_links":{"self":[{"href":"http:\/\/veracruzdemontilla.com\/index.php?rest_route=\/wp\/v2\/posts\/715"}],"collection":[{"href":"http:\/\/veracruzdemontilla.com\/index.php?rest_route=\/wp\/v2\/posts"}],"about":[{"href":"http:\/\/veracruzdemontilla.com\/index.php?rest_route=\/wp\/v2\/types\/post"}],"author":[{"embeddable":true,"href":"http:\/\/veracruzdemontilla.com\/index.php?rest_route=\/wp\/v2\/users\/1"}],"replies":[{"embeddable":true,"href":"http:\/\/veracruzdemontilla.com\/index.php?rest_route=%2Fwp%2Fv2%2Fcomments&post=715"}],"version-history":[{"count":2,"href":"http:\/\/veracruzdemontilla.com\/index.php?rest_route=\/wp\/v2\/posts\/715\/revisions"}],"predecessor-version":[{"id":721,"href":"http:\/\/veracruzdemontilla.com\/index.php?rest_route=\/wp\/v2\/posts\/715\/revisions\/721"}],"wp:featuredmedia":[{"embeddable":true,"href":"http:\/\/veracruzdemontilla.com\/index.php?rest_route=\/wp\/v2\/media\/718"}],"wp:attachment":[{"href":"http:\/\/veracruzdemontilla.com\/index.php?rest_route=%2Fwp%2Fv2%2Fmedia&parent=715"}],"wp:term":[{"taxonomy":"category","embeddable":true,"href":"http:\/\/veracruzdemontilla.com\/index.php?rest_route=%2Fwp%2Fv2%2Fcategories&post=715"},{"taxonomy":"post_tag","embeddable":true,"href":"http:\/\/veracruzdemontilla.com\/index.php?rest_route=%2Fwp%2Fv2%2Ftags&post=715"}],"curies":[{"name":"wp","href":"https:\/\/api.w.org\/{rel}","templated":true}]}}