{"id":711,"date":"2014-04-09T16:39:12","date_gmt":"2014-04-09T14:39:12","guid":{"rendered":"http:\/\/veracruzdemontilla.com\/?p=711"},"modified":"2014-04-09T16:39:12","modified_gmt":"2014-04-09T14:39:12","slug":"reapertura-de-la-parroquia-de-santiago-de-montilla","status":"publish","type":"post","link":"http:\/\/veracruzdemontilla.com\/?p=711","title":{"rendered":"Reapertura de la parroquia de Santiago de Montilla"},"content":{"rendered":"<p style=\"text-align: justify;\">El Obispo de C\u00f3rdoba, don Demetrio Fern\u00e1ndez, presidir\u00e1 <strong>hoy mi\u00e9rcoles 9 de abril, a las 20:00<\/strong> horas\u00a0la misa de acci\u00f3n de gracias que tendr\u00e1 lugar en la parroquia de Santiago de nuestra ciudad, la cual ha permanecido en obras desde el pasado a\u00f1o. Unas obras con las que se ha realizado una nueva instalaci\u00f3n el\u00e9ctrica y se han restaurado las cubiertas de la misma, adem\u00e1s de algunas capillas.<\/p>\n<p style=\"text-align: justify;\"><em><strong>Un poco de historia<\/strong><\/em><\/p>\n<p style=\"text-align: justify;\">La Iglesia parroquial de Santiago, levantada sobre lo que se cree pudo ser una mezquita a mediados del siglo XIII, fue consagrada al culto cristiano tras la conquista de la ciudad en el a\u00f1o 1240. En el siglo XVI se transforma con un estilo g\u00f3tico-mud\u00e9jar edific\u00e1ndose las actuales capillas us\u00e1ndose para ello piedra procedente del antiguo Castillo, derribado en 1508. En los siglos XVII y XVIII fue de nuevo transformada adquiriendo un estilo barroco cl\u00e1sico andaluz.<\/p>\n<p style=\"text-align: justify;\">Declarada Bien de Inter\u00e9s Cultural el 30 de abril de 2001, consta de una superficie delimitada a la planta completa de la iglesia con la torre, la sacrist\u00eda y el acceso al coro, adem\u00e1s de un entorno de protecci\u00f3n integrado por las parcelas de la manzana en la que se halla el templo y todos los espacios p\u00fablicos y parcelas que lo bordean.<\/p>\n","protected":false},"excerpt":{"rendered":"<p>El Obispo de C\u00f3rdoba, don Demetrio Fern\u00e1ndez, presidir\u00e1 hoy mi\u00e9rcoles 9 de abril, a las 20:00 horas\u00a0la misa de acci\u00f3n de gracias que tendr\u00e1 lugar en la parroquia de Santiago de nuestra ciudad, la cual ha permanecido en obras desde el pasado a\u00f1o. Unas obras con las que se ha realizado una nueva instalaci\u00f3n el\u00e9ctrica [&#038;hellip<\/p>\n","protected":false},"author":1,"featured_media":712,"comment_status":"closed","ping_status":"open","sticky":false,"template":"","format":"standard","meta":{"advanced_seo_description":"","spay_email":"","jetpack_publicize_message":"","jetpack_is_tweetstorm":false},"categories":[5],"tags":[4],"jetpack_featured_media_url":"https:\/\/i2.wp.com\/veracruzdemontilla.com\/wp-content\/uploads\/2014\/04\/galeria013.jpg?fit=640%2C400","jetpack_publicize_connections":[],"wpmagazine_modules_lite_featured_media_urls":{"thumbnail":["https:\/\/i2.wp.com\/veracruzdemontilla.com\/wp-content\/uploads\/2014\/04\/galeria013.jpg?resize=150%2C150",150,150,true],"cvmm-medium":["https:\/\/i2.wp.com\/veracruzdemontilla.com\/wp-content\/uploads\/2014\/04\/galeria013.jpg?resize=300%2C300",300,300,true],"cvmm-medium-plus":["https:\/\/i2.wp.com\/veracruzdemontilla.com\/wp-content\/uploads\/2014\/04\/galeria013.jpg?resize=305%2C207",305,207,true],"cvmm-portrait":["https:\/\/i2.wp.com\/veracruzdemontilla.com\/wp-content\/uploads\/2014\/04\/galeria013.jpg?resize=400%2C400",400,400,true],"cvmm-medium-square":["https:\/\/i2.wp.com\/veracruzdemontilla.com\/wp-content\/uploads\/2014\/04\/galeria013.jpg?resize=600%2C400",600,400,true],"cvmm-large":["https:\/\/i2.wp.com\/veracruzdemontilla.com\/wp-content\/uploads\/2014\/04\/galeria013.jpg?resize=640%2C400",640,400,true],"cvmm-small":["https:\/\/i2.wp.com\/veracruzdemontilla.com\/wp-content\/uploads\/2014\/04\/galeria013.jpg?resize=130%2C95",130,95,true],"full":["https:\/\/i2.wp.com\/veracruzdemontilla.com\/wp-content\/uploads\/2014\/04\/galeria013.jpg?fit=640%2C400",640,400,false]},"categories_names":{"5":{"name":"Actualidad","link":"http:\/\/veracruzdemontilla.com\/?cat=5"}},"tags_names":{"4":{"name":"Favoritos","link":"http:\/\/veracruzdemontilla.com\/?tag=favoritos"}},"comments_number":"0","jetpack_sharing_enabled":true,"jetpack_shortlink":"https:\/\/wp.me\/p9INPk-bt","jetpack_likes_enabled":true,"jetpack-related-posts":[{"id":294,"url":"http:\/\/veracruzdemontilla.com\/?p=294","url_meta":{"origin":711,"position":0},"title":"Las obras de Santiago han comenzado con el arreglo del tejado","date":"20 agosto, 2013","format":false,"excerpt":"Los operarios encargados del arreglo de los tejados de nuestra parroquia -proyecto redactado por la arquitecta montillana Mara Portero- ya han comenzado. Record\u00e1mos, que este proyecto contempla la reparaci\u00f3n del tejado de la nave de la Ep\u00edstola, que lleva a\u00f1os con problemas de humedad de consideraci\u00f3n, obligando al p\u00e1rroco Jos\u00e9\u2026","rel":"","context":"En \u00abActualidad\u00bb","img":{"alt_text":"","src":"https:\/\/i1.wp.com\/veracruzdemontilla.com\/wp-content\/uploads\/2013\/08\/tejados.jpg?fit=640%2C468&resize=350%2C200","width":350,"height":200},"classes":[]},{"id":1295,"url":"http:\/\/veracruzdemontilla.com\/?p=1295","url_meta":{"origin":711,"position":1},"title":"Cuatro siglos de historia","date":"22 marzo, 2016","format":false,"excerpt":"Hablar del origen de\u00a0la Semana Santa de\u00a0Montilla es hacerlo, inevitablemente, de la g\u00e9nesis de\u00a0su hermandad primigenia: la Cofrad\u00eda Penitencial de la Santa Ve\u00adra Cruz, cuyas primeras referencias hist\u00f3ricas datan de la primera mitad del siglo XVI. De esta forma, sus hermanos llevan bien a\u00a0gala la importancia hist\u00f3rica del\u00a0patrimonio art\u00edstico y\u2026","rel":"","context":"En \u00abActualidad\u00bb","img":{"alt_text":"","src":"https:\/\/i1.wp.com\/veracruzdemontilla.com\/wp-content\/uploads\/2016\/03\/Sin-t\u00edtulo-1.jpg?fit=640%2C400&resize=350%2C200","width":350,"height":200},"classes":[]},{"id":715,"url":"http:\/\/veracruzdemontilla.com\/?p=715","url_meta":{"origin":711,"position":2},"title":"Nuestra Titular ocupa una de las capillas recuperadas","date":"10 abril, 2014","format":false,"excerpt":"Desde el pasado 9 de abril, tras la misa de reapertura al culto de la Parroquia de Santiago oficiada por el Obispo de C\u00f3rdoba, Monse\u00f1or Demetrio Fern\u00e1ndez, nuestra Titular Mar\u00eda Sant\u00edsima del Socorro ocupa una de las capillas recuperadas tras los trabajos de reparaci\u00f3n y restauraci\u00f3n llevados a cabo en\u2026","rel":"","context":"En \u00abActualidad\u00bb","img":{"alt_text":"","src":"https:\/\/i0.wp.com\/veracruzdemontilla.com\/wp-content\/uploads\/2014\/04\/nuevacapilla.jpg?fit=640%2C400&resize=350%2C200","width":350,"height":200},"classes":[]},{"id":606,"url":"http:\/\/veracruzdemontilla.com\/?p=606","url_meta":{"origin":711,"position":3},"title":"La parroquia de Santiago inicia la segunda fase de su reforma","date":"24 enero, 2014","format":false,"excerpt":"La parroquia de Santiago Ap\u00f3stol de Montilla acaba de iniciar su segunda fase de restauraci\u00f3n, con la que se pretende solventar los graves problemas de humedad que padece el templo desde hace a\u00f1os. Tras el arreglo de la nave de la Ep\u00edstola, iniciado por el Obispado el pasado verano, los\u2026","rel":"","context":"En \u00abActualidad\u00bb","img":{"alt_text":"","src":"https:\/\/i2.wp.com\/veracruzdemontilla.com\/wp-content\/uploads\/2014\/01\/obras_parroquia.jpg?fit=640%2C400&resize=350%2C200","width":350,"height":200},"classes":[]},{"id":571,"url":"http:\/\/veracruzdemontilla.com\/?p=571","url_meta":{"origin":711,"position":4},"title":"A la venta un calendario ben\u00e9fico que recopila el apostolado de Jos\u00e9 Garnelo","date":"13 diciembre, 2013","format":false,"excerpt":"Con motivo de las obras de remodelaci\u00f3n de la Parroquia de Santiago el Apostolado, obra de Jos\u00e9 Garnelo, ha sido recientemente restaurado y se exhibe temporalmente al p\u00fablico en el patio de la Casa de las Aguas, dentro de la pinacoteca dedicada al genial artista montillano. \u00a0 \u00a0(Ver Entrada) Las\u2026","rel":"","context":"En \u00abActualidad\u00bb","img":{"alt_text":"","src":"https:\/\/i2.wp.com\/veracruzdemontilla.com\/wp-content\/uploads\/2013\/12\/calendario_apostolado.jpg?fit=640%2C480&resize=350%2C200","width":350,"height":200},"classes":[]},{"id":886,"url":"http:\/\/veracruzdemontilla.com\/?p=886","url_meta":{"origin":711,"position":5},"title":"Visitas Nocturnas a la parroquia de Santiago","date":"21 julio, 2014","format":"video","excerpt":"La Cofrad\u00eda Penitencial de la Santa Vera Cruz, colabora con una barra solidaria. El pr\u00f3ximo fin de semana, 25 y 26\u00a0de Julio, la Parroquia de Santiago realizar\u00e1\u00a0una series de visitas nocturnas para recaudar fondos con el fin de costear las obras a las que fue sometida\u00a0la techumbre del templo. \u00a0La\u2026","rel":"","context":"En \u00abActualidad\u00bb","img":{"alt_text":"","src":"https:\/\/i1.wp.com\/veracruzdemontilla.com\/wp-content\/uploads\/2014\/07\/parroquia.jpg?fit=640%2C400&resize=350%2C200","width":350,"height":200},"classes":[]}],"_links":{"self":[{"href":"http:\/\/veracruzdemontilla.com\/index.php?rest_route=\/wp\/v2\/posts\/711"}],"collection":[{"href":"http:\/\/veracruzdemontilla.com\/index.php?rest_route=\/wp\/v2\/posts"}],"about":[{"href":"http:\/\/veracruzdemontilla.com\/index.php?rest_route=\/wp\/v2\/types\/post"}],"author":[{"embeddable":true,"href":"http:\/\/veracruzdemontilla.com\/index.php?rest_route=\/wp\/v2\/users\/1"}],"replies":[{"embeddable":true,"href":"http:\/\/veracruzdemontilla.com\/index.php?rest_route=%2Fwp%2Fv2%2Fcomments&post=711"}],"version-history":[{"count":1,"href":"http:\/\/veracruzdemontilla.com\/index.php?rest_route=\/wp\/v2\/posts\/711\/revisions"}],"predecessor-version":[{"id":713,"href":"http:\/\/veracruzdemontilla.com\/index.php?rest_route=\/wp\/v2\/posts\/711\/revisions\/713"}],"wp:featuredmedia":[{"embeddable":true,"href":"http:\/\/veracruzdemontilla.com\/index.php?rest_route=\/wp\/v2\/media\/712"}],"wp:attachment":[{"href":"http:\/\/veracruzdemontilla.com\/index.php?rest_route=%2Fwp%2Fv2%2Fmedia&parent=711"}],"wp:term":[{"taxonomy":"category","embeddable":true,"href":"http:\/\/veracruzdemontilla.com\/index.php?rest_route=%2Fwp%2Fv2%2Fcategories&post=711"},{"taxonomy":"post_tag","embeddable":true,"href":"http:\/\/veracruzdemontilla.com\/index.php?rest_route=%2Fwp%2Fv2%2Ftags&post=711"}],"curies":[{"name":"wp","href":"https:\/\/api.w.org\/{rel}","templated":true}]}}