{"id":702,"date":"2014-04-08T13:05:18","date_gmt":"2014-04-08T11:05:18","guid":{"rendered":"http:\/\/veracruzdemontilla.com\/?p=702"},"modified":"2014-04-08T13:10:13","modified_gmt":"2014-04-08T11:10:13","slug":"presentado-el-libro-los-pregones-de-la-semana-santa-de-montilla","status":"publish","type":"post","link":"http:\/\/veracruzdemontilla.com\/?p=702","title":{"rendered":"Presentado el libro \u00abLos Pregones de la Semana Santa de Montilla\u00bb"},"content":{"rendered":"<p style=\"text-align: justify;\"><em>\u00abTras el extraordinario traslado que nos llev\u00f3 en la ma\u00f1ana de ayer junto a nuestros\u00a0 Titulares de nuevo a casa, la Parroquia de Santiago, hoy volvemos a vivir un d\u00eda especial en el seno de nuestra Cofrad\u00eda. Vemos materializado un proyecto muy deseado por nosotros y que rondaba en nuestras cabezas hace ya alg\u00fan tiempo.<\/em><\/p>\n<p style=\"text-align: justify;\"><em>Este proyecto no era otro que el de recuperar \u00a0los primeros pregones que comenzaron a proclamar y ensalzar nuestra Semana Santa. No s\u00f3lo \u00e9ramos conscientes de la importancia hist\u00f3rica de estos textos, de los que se editaron en su momento escasos ejemplares, sino tambi\u00e9n del incalculable valor sentimental que entra\u00f1an.<\/em><\/p>\n<p style=\"text-align: justify;\"><em>Por este motivo, desde un principio, entendimos que este libro deb\u00eda convertirse en un merecido y sincero homenaje a estos cinco primeros pregoneros y a todas aquellas personas que all\u00e1 por los a\u00f1os setenta decidieron unirse para construir los cimientos de la Agrupaci\u00f3n de Cofrad\u00edas, pero sobretodo, para situar a nuestra Semana Santa en el lugar que merec\u00eda.<\/em><\/p>\n<p style=\"text-align: justify;\"><em>Muchas han sido las horas dedicadas por los miembros de esta Junta de Gobierno, y no pocas han sido las dificultades que hemos ido encontrando por el camino, pero nuestro empe\u00f1o por poner en valor estos pregones y nuestro compromiso de colaborar con la restauraci\u00f3nde nuestra sede can\u00f3nica, a donde ir\u00e1n destinados los beneficios de la venta de este libro, han sido motivos m\u00e1s que suficientes para no caer en el des\u00e1nimo.<\/em><\/p>\n<p><a href=\"https:\/\/i1.wp.com\/veracruzdemontilla.com\/wp-content\/uploads\/2014\/04\/presentacion.jpg\"><img data-attachment-id=\"676\" data-permalink=\"http:\/\/veracruzdemontilla.com\/?attachment_id=676\" data-orig-file=\"https:\/\/i1.wp.com\/veracruzdemontilla.com\/wp-content\/uploads\/2014\/04\/presentacion.jpg?fit=640%2C400\" data-orig-size=\"640,400\" data-comments-opened=\"0\" data-image-meta=\"{&quot;aperture&quot;:&quot;0&quot;,&quot;credit&quot;:&quot;&quot;,&quot;camera&quot;:&quot;&quot;,&quot;caption&quot;:&quot;&quot;,&quot;created_timestamp&quot;:&quot;0&quot;,&quot;copyright&quot;:&quot;&quot;,&quot;focal_length&quot;:&quot;0&quot;,&quot;iso&quot;:&quot;0&quot;,&quot;shutter_speed&quot;:&quot;0&quot;,&quot;title&quot;:&quot;&quot;}\" data-image-title=\"presentacion\" data-image-description=\"\" data-image-caption=\"\" data-medium-file=\"https:\/\/i1.wp.com\/veracruzdemontilla.com\/wp-content\/uploads\/2014\/04\/presentacion.jpg?fit=300%2C187\" data-large-file=\"https:\/\/i1.wp.com\/veracruzdemontilla.com\/wp-content\/uploads\/2014\/04\/presentacion.jpg?fit=640%2C400\" loading=\"lazy\" class=\"size-full wp-image-676 aligncenter\" alt=\"presentacion\" src=\"https:\/\/i1.wp.com\/veracruzdemontilla.com\/wp-content\/uploads\/2014\/04\/presentacion.jpg?resize=600%2C375\" width=\"600\" height=\"375\" srcset=\"https:\/\/i1.wp.com\/veracruzdemontilla.com\/wp-content\/uploads\/2014\/04\/presentacion.jpg?w=640 640w, https:\/\/i1.wp.com\/veracruzdemontilla.com\/wp-content\/uploads\/2014\/04\/presentacion.jpg?resize=300%2C187 300w, https:\/\/i1.wp.com\/veracruzdemontilla.com\/wp-content\/uploads\/2014\/04\/presentacion.jpg?resize=600%2C375 600w\" sizes=\"(max-width: 600px) 100vw, 600px\" data-recalc-dims=\"1\" \/><\/a><\/p>\n<p style=\"text-align: justify;\"><em>Pero solos no hubi\u00e9semos podido afrontarlo, ha sido necesaria la colaboraci\u00f3n de muchas personas y entidades a quienes les estamos profundamente agradecidos. En primer lugar me gustar\u00eda agradecer a las familias de D. Juli\u00e1n Ram\u00edrez Pino, D. Manuel Luque Velasco, D. Enrique Garramiola Prieto, D. Jos\u00e9 Navarro Urbano y D. Alejandro Mu\u00f1oz Priego,\u00a0 que desde un principio se volcaron con este proyectoy pusieron a nuestra disposici\u00f3n todo cuanto necesitamos. Gracias\u00a0 ala Agrupaci\u00f3n de Cofrad\u00edas por su apoyo una vez m\u00e1s, y por seguir demostrando su compromiso con las actividades culturales que surgen en torno a nuestra Semana Santa. <\/em><\/p>\n<p style=\"text-align: justify;\"><em>Gracias a la Excma.Diputaci\u00f3n de C\u00f3rdoba por su colaboraci\u00f3n en la edici\u00f3n de este libro, gracias al Excmo. Ayuntamiento de Montilla y a nuestro alcalde por la implicaci\u00f3n y compromiso mostrados hacia nuestra Cofrad\u00eda. Gracias a nuestro consiliario D. Jos\u00e9 Almedina, por todas las facilidades que nos ha ofrecido y por mostrarse siempre tan cercano a los hermanos de la Vera Cruz.<\/em><\/p>\n<p style=\"text-align: justify;\"><em>Gracias a D. Antonio Luis Jim\u00e9nez Barranco por haber guardado con tantocelo las ediciones originales de estos pregones, permitiendo as\u00ed su recuperaci\u00f3n. Y por supuesto gracias a los miembros de la Junta de Gobierno que con su dedicaci\u00f3n y esfuerzo han conseguido que aquel proyecto sea hoy una realidad a disposici\u00f3n de todas aquellas personas que al igual que nosotros aman nuestra Semana\u00a0 Santa.<\/em><\/p>\n<p style=\"text-align: justify;\"><em>Muchas Gracias.\u00bb<\/em><\/p>\n<p style=\"text-align: justify;\">Miguel Navarro &#8211;\u00a0Hermano Mayor<\/p>\n","protected":false},"excerpt":{"rendered":"<p>\u00abTras el extraordinario traslado que nos llev\u00f3 en la ma\u00f1ana de ayer junto a nuestros\u00a0 Titulares de nuevo a casa, la Parroquia de Santiago, hoy volvemos a vivir un d\u00eda especial en el seno de nuestra Cofrad\u00eda. Vemos materializado un proyecto muy deseado por nosotros y que rondaba en nuestras cabezas hace ya alg\u00fan tiempo. [&#038;hellip<\/p>\n","protected":false},"author":1,"featured_media":703,"comment_status":"closed","ping_status":"open","sticky":false,"template":"","format":"standard","meta":{"advanced_seo_description":"","spay_email":"","jetpack_publicize_message":"","jetpack_is_tweetstorm":false},"categories":[5],"tags":[4],"jetpack_featured_media_url":"https:\/\/i2.wp.com\/veracruzdemontilla.com\/wp-content\/uploads\/2014\/04\/IMG-20140407-WA0007.jpg?fit=800%2C600","jetpack_publicize_connections":[],"wpmagazine_modules_lite_featured_media_urls":{"thumbnail":["https:\/\/i2.wp.com\/veracruzdemontilla.com\/wp-content\/uploads\/2014\/04\/IMG-20140407-WA0007.jpg?resize=150%2C150",150,150,true],"cvmm-medium":["https:\/\/i2.wp.com\/veracruzdemontilla.com\/wp-content\/uploads\/2014\/04\/IMG-20140407-WA0007.jpg?resize=300%2C300",300,300,true],"cvmm-medium-plus":["https:\/\/i2.wp.com\/veracruzdemontilla.com\/wp-content\/uploads\/2014\/04\/IMG-20140407-WA0007.jpg?resize=305%2C207",305,207,true],"cvmm-portrait":["https:\/\/i2.wp.com\/veracruzdemontilla.com\/wp-content\/uploads\/2014\/04\/IMG-20140407-WA0007.jpg?resize=400%2C600",400,600,true],"cvmm-medium-square":["https:\/\/i2.wp.com\/veracruzdemontilla.com\/wp-content\/uploads\/2014\/04\/IMG-20140407-WA0007.jpg?resize=600%2C600",600,600,true],"cvmm-large":["https:\/\/i2.wp.com\/veracruzdemontilla.com\/wp-content\/uploads\/2014\/04\/IMG-20140407-WA0007.jpg?resize=800%2C600",800,600,true],"cvmm-small":["https:\/\/i2.wp.com\/veracruzdemontilla.com\/wp-content\/uploads\/2014\/04\/IMG-20140407-WA0007.jpg?resize=130%2C95",130,95,true],"full":["https:\/\/i2.wp.com\/veracruzdemontilla.com\/wp-content\/uploads\/2014\/04\/IMG-20140407-WA0007.jpg?fit=800%2C600",800,600,false]},"categories_names":{"5":{"name":"Actualidad","link":"http:\/\/veracruzdemontilla.com\/?cat=5"}},"tags_names":{"4":{"name":"Favoritos","link":"http:\/\/veracruzdemontilla.com\/?tag=favoritos"}},"comments_number":"0","jetpack_sharing_enabled":true,"jetpack_shortlink":"https:\/\/wp.me\/p9INPk-bk","jetpack_likes_enabled":true,"jetpack-related-posts":[{"id":675,"url":"http:\/\/veracruzdemontilla.com\/?p=675","url_meta":{"origin":702,"position":0},"title":"Nuestra Cofrad\u00eda presenta el libro \u00abEl Preg\u00f3n de la Semana Santa de Montilla\u00bb","date":"3 abril, 2014","format":false,"excerpt":"El pr\u00f3ximo lunes 7\u00a0de abril, a las\u00a021:00 horas\u00a0en el la Bas\u00edlica de San Juan de \u00c1vila, tendr\u00e1 lugar la presentaci\u00f3n del libro \"El Preg\u00f3n de la Semana Santa de Montilla\", editado por nuestra Cofrad\u00eda. Durante esta semana, se suceder\u00e1n nuevas actividades incluidas en la programaci\u00f3n de\u00a0 Cuaresma que desde la\u2026","rel":"","context":"En \u00abActualidad\u00bb","img":{"alt_text":"","src":"https:\/\/i1.wp.com\/veracruzdemontilla.com\/wp-content\/uploads\/2014\/04\/presentacion.jpg?fit=640%2C400&resize=350%2C200","width":350,"height":200},"classes":[]},{"id":1041,"url":"http:\/\/veracruzdemontilla.com\/?p=1041","url_meta":{"origin":702,"position":1},"title":"Nuestra Cofrad\u00eda vuelve a sacar a la venta el libro \u00abEl preg\u00f3n de la Semana Santa de Montilla\u00bb","date":"11 marzo, 2015","format":false,"excerpt":"La pasada Cuaresma (a\u00f1o 2014), en\u00a0la Bas\u00edlica de San Juan de \u00c1vila, tuvo\u00a0lugar la presentaci\u00f3n del libro \u201cEl Preg\u00f3n de la Semana Santa de Montilla\u201c, editado por nuestra Cofrad\u00eda. El acto del Preg\u00f3n, es el anuncio general que a\u00f1o tras a\u00f1o nos hace saber que las tradicionales procesiones de Semana\u2026","rel":"","context":"En \u00abActualidad\u00bb","img":{"alt_text":"","src":"https:\/\/i1.wp.com\/veracruzdemontilla.com\/wp-content\/uploads\/2015\/03\/pregon2015.jpg?fit=640%2C400&resize=350%2C200","width":350,"height":200},"classes":[]},{"id":110,"url":"http:\/\/veracruzdemontilla.com\/?p=110","url_meta":{"origin":702,"position":2},"title":"Memoria de la Semana Santa","date":"7 enero, 2009","format":false,"excerpt":"Desde la Cuaresma de 2006, los amantes de la Semana Santa cuentan con un interesante estudio que recoge, en im\u00e1genes, la historia viva de las hermandades y cofrad\u00edas de la localidad, entre 1900 y 1965. La Cofrad\u00eda Penitencial de la Santa Vera Cruz consigui\u00f3 reunir al historiador local Miguel Aguilar\u2026","rel":"","context":"En \u00abSin categor\u00eda\u00bb","img":{"alt_text":"","src":"","width":0,"height":0},"classes":[]},{"id":511,"url":"http:\/\/veracruzdemontilla.com\/?p=511","url_meta":{"origin":702,"position":3},"title":"Carta Informativa de nuestro Hermano Mayor","date":"26 noviembre, 2013","format":false,"excerpt":"Montilla, 21 de noviembre de 2013 Estimado\/a hermano\/a de la Cofrad\u00eda de la Santa Vera Cruz: Me dirijo a ti por primera vez desde que se celebraran el pasado 5 de julio del presente a\u00f1o las elecciones a Hermano Mayor, para agradecer en nombre de la nueva Junta de Gobierno\u2026","rel":"","context":"En \u00abActualidad\u00bb","img":{"alt_text":"","src":"https:\/\/i0.wp.com\/veracruzdemontilla.com\/wp-content\/uploads\/2013\/11\/cartahm.jpg?fit=640%2C400&resize=350%2C200","width":350,"height":200},"classes":[]},{"id":1103,"url":"http:\/\/veracruzdemontilla.com\/?p=1103","url_meta":{"origin":702,"position":4},"title":"Celebrado el Cabildo General Ordinario de este a\u00f1o 2015","date":"18 mayo, 2015","format":false,"excerpt":"En la tarde-noche del pasado viernes 15\u00a0de mayo, tras la convocatoria previa a todos los hermanos, tuvo lugar el Cabildo General Ordinario de nuestra Cofrad\u00eda en la Casa Parroquial (c\/ Iglesia). Tras las preces iniciales de nuestro Consiliario, D. Jos\u00e9 Luis Moreno, fue le\u00edda el acta del Cabildo anterior siendo\u2026","rel":"","context":"En \u00abActualidad\u00bb","img":{"alt_text":"","src":"https:\/\/i0.wp.com\/veracruzdemontilla.com\/wp-content\/uploads\/2015\/05\/cabildo2015.jpg?fit=640%2C400&resize=350%2C200","width":350,"height":200},"classes":[]},{"id":79,"url":"http:\/\/veracruzdemontilla.com\/?p=79","url_meta":{"origin":702,"position":5},"title":"M\u00fasica militar para el Martes Santo","date":"12 febrero, 2010","format":false,"excerpt":"Si hacemos un poco de historia, vemos c\u00f3 mo entre los \u00faltimos a\u00f1os del siglo XIX y primeros del XX la m\u00fasica procesional sufrir\u00eda un cambio evolutivo que sent\u00f3 las bases del actual acompa\u00f1amiento musical que cada Semana Santa escuchamos tras los pasos y palios de nuestras cofrad\u00edas. Aquella transformaci\u00f3n\u2026","rel":"","context":"En \u00abSin categor\u00eda\u00bb","img":{"alt_text":"","src":"","width":0,"height":0},"classes":[]}],"_links":{"self":[{"href":"http:\/\/veracruzdemontilla.com\/index.php?rest_route=\/wp\/v2\/posts\/702"}],"collection":[{"href":"http:\/\/veracruzdemontilla.com\/index.php?rest_route=\/wp\/v2\/posts"}],"about":[{"href":"http:\/\/veracruzdemontilla.com\/index.php?rest_route=\/wp\/v2\/types\/post"}],"author":[{"embeddable":true,"href":"http:\/\/veracruzdemontilla.com\/index.php?rest_route=\/wp\/v2\/users\/1"}],"replies":[{"embeddable":true,"href":"http:\/\/veracruzdemontilla.com\/index.php?rest_route=%2Fwp%2Fv2%2Fcomments&post=702"}],"version-history":[{"count":7,"href":"http:\/\/veracruzdemontilla.com\/index.php?rest_route=\/wp\/v2\/posts\/702\/revisions"}],"predecessor-version":[{"id":710,"href":"http:\/\/veracruzdemontilla.com\/index.php?rest_route=\/wp\/v2\/posts\/702\/revisions\/710"}],"wp:featuredmedia":[{"embeddable":true,"href":"http:\/\/veracruzdemontilla.com\/index.php?rest_route=\/wp\/v2\/media\/703"}],"wp:attachment":[{"href":"http:\/\/veracruzdemontilla.com\/index.php?rest_route=%2Fwp%2Fv2%2Fmedia&parent=702"}],"wp:term":[{"taxonomy":"category","embeddable":true,"href":"http:\/\/veracruzdemontilla.com\/index.php?rest_route=%2Fwp%2Fv2%2Fcategories&post=702"},{"taxonomy":"post_tag","embeddable":true,"href":"http:\/\/veracruzdemontilla.com\/index.php?rest_route=%2Fwp%2Fv2%2Ftags&post=702"}],"curies":[{"name":"wp","href":"https:\/\/api.w.org\/{rel}","templated":true}]}}