{"id":694,"date":"2014-04-06T21:06:01","date_gmt":"2014-04-06T19:06:01","guid":{"rendered":"http:\/\/veracruzdemontilla.com\/?p=694"},"modified":"2014-04-06T21:09:30","modified_gmt":"2014-04-06T19:09:30","slug":"traslado-de-vuelta-de-nuestros-sagrados-titulares","status":"publish","type":"post","link":"http:\/\/veracruzdemontilla.com\/?p=694","title":{"rendered":"Traslado de vuelta de Nuestros Sagrados Titulares"},"content":{"rendered":"<p style=\"text-align: justify;\">La parroquia de Santiago, que como todos sabemos se encuentra cerrada por obras que afectan principalmente a la cubierta, reabrir\u00e1 al culto antes de Semana Santa, de forma que nuestra hermandad podr\u00e1 realizar su salida procesional con normalidad. \u00a0Exactamente, la iglesia quedar\u00e1 oficialmente abierta el pr\u00f3ximo mi\u00e9rcoles 9 de abril, con una misa que presidir\u00e1 el obispo de C\u00f3rdoba, Demetrio Fern\u00e1ndez, a las 20:00.<\/p>\n<p>No obstante, la parroquia ha abierto sus puertas esta ma\u00f1ana, de manera excepcional con motivo del traslado solemne de nuestros sagrados titulares y dem\u00e1s hermandades, desde la bas\u00edlica de San Juan de \u00c1vila, en una comitiva que era cerrada por el Sacramento bajo palio.<\/p>\n<p style=\"text-align: justify;\">En la plaza de la Rosa, se un\u00eda a este traslado el Cristo de la Juventud y la Virgen de Nazaret, que se encontraban en la iglesia de Mar\u00eda Auxiliadora.<\/p>\n<p style=\"text-align: center;\"><a href=\"https:\/\/i0.wp.com\/veracruzdemontilla.com\/wp-content\/uploads\/2014\/04\/trasladovuelta02.jpg\"><img data-attachment-id=\"696\" data-permalink=\"http:\/\/veracruzdemontilla.com\/?attachment_id=696\" data-orig-file=\"https:\/\/i0.wp.com\/veracruzdemontilla.com\/wp-content\/uploads\/2014\/04\/trasladovuelta02.jpg?fit=640%2C400\" data-orig-size=\"640,400\" data-comments-opened=\"0\" data-image-meta=\"{&quot;aperture&quot;:&quot;0&quot;,&quot;credit&quot;:&quot;&quot;,&quot;camera&quot;:&quot;&quot;,&quot;caption&quot;:&quot;&quot;,&quot;created_timestamp&quot;:&quot;0&quot;,&quot;copyright&quot;:&quot;&quot;,&quot;focal_length&quot;:&quot;0&quot;,&quot;iso&quot;:&quot;0&quot;,&quot;shutter_speed&quot;:&quot;0&quot;,&quot;title&quot;:&quot;&quot;}\" data-image-title=\"trasladovuelta02\" data-image-description=\"\" data-image-caption=\"\" data-medium-file=\"https:\/\/i0.wp.com\/veracruzdemontilla.com\/wp-content\/uploads\/2014\/04\/trasladovuelta02.jpg?fit=300%2C187\" data-large-file=\"https:\/\/i0.wp.com\/veracruzdemontilla.com\/wp-content\/uploads\/2014\/04\/trasladovuelta02.jpg?fit=640%2C400\" loading=\"lazy\" class=\"alignnone size-full wp-image-696\" alt=\"trasladovuelta02\" src=\"https:\/\/i0.wp.com\/veracruzdemontilla.com\/wp-content\/uploads\/2014\/04\/trasladovuelta02.jpg?resize=600%2C375\" width=\"600\" height=\"375\" srcset=\"https:\/\/i0.wp.com\/veracruzdemontilla.com\/wp-content\/uploads\/2014\/04\/trasladovuelta02.jpg?w=640 640w, https:\/\/i0.wp.com\/veracruzdemontilla.com\/wp-content\/uploads\/2014\/04\/trasladovuelta02.jpg?resize=300%2C187 300w, https:\/\/i0.wp.com\/veracruzdemontilla.com\/wp-content\/uploads\/2014\/04\/trasladovuelta02.jpg?resize=600%2C375 600w\" sizes=\"(max-width: 600px) 100vw, 600px\" data-recalc-dims=\"1\" \/><\/a><\/p>\n","protected":false},"excerpt":{"rendered":"<p>La parroquia de Santiago, que como todos sabemos se encuentra cerrada por obras que afectan principalmente a la cubierta, reabrir\u00e1 al culto antes de Semana Santa, de forma que nuestra hermandad podr\u00e1 realizar su salida procesional con normalidad. \u00a0Exactamente, la iglesia quedar\u00e1 oficialmente abierta el pr\u00f3ximo mi\u00e9rcoles 9 de abril, con una misa que presidir\u00e1 [&#038;hellip<\/p>\n","protected":false},"author":1,"featured_media":695,"comment_status":"closed","ping_status":"open","sticky":false,"template":"","format":"standard","meta":{"advanced_seo_description":"","spay_email":"","jetpack_publicize_message":"","jetpack_is_tweetstorm":false},"categories":[5],"tags":[4],"jetpack_featured_media_url":"https:\/\/i0.wp.com\/veracruzdemontilla.com\/wp-content\/uploads\/2014\/04\/trasladovuelta.jpg?fit=640%2C400","jetpack_publicize_connections":[],"wpmagazine_modules_lite_featured_media_urls":{"thumbnail":["https:\/\/i0.wp.com\/veracruzdemontilla.com\/wp-content\/uploads\/2014\/04\/trasladovuelta.jpg?resize=150%2C150",150,150,true],"cvmm-medium":["https:\/\/i0.wp.com\/veracruzdemontilla.com\/wp-content\/uploads\/2014\/04\/trasladovuelta.jpg?resize=300%2C300",300,300,true],"cvmm-medium-plus":["https:\/\/i0.wp.com\/veracruzdemontilla.com\/wp-content\/uploads\/2014\/04\/trasladovuelta.jpg?resize=305%2C207",305,207,true],"cvmm-portrait":["https:\/\/i0.wp.com\/veracruzdemontilla.com\/wp-content\/uploads\/2014\/04\/trasladovuelta.jpg?resize=400%2C400",400,400,true],"cvmm-medium-square":["https:\/\/i0.wp.com\/veracruzdemontilla.com\/wp-content\/uploads\/2014\/04\/trasladovuelta.jpg?resize=600%2C400",600,400,true],"cvmm-large":["https:\/\/i0.wp.com\/veracruzdemontilla.com\/wp-content\/uploads\/2014\/04\/trasladovuelta.jpg?resize=640%2C400",640,400,true],"cvmm-small":["https:\/\/i0.wp.com\/veracruzdemontilla.com\/wp-content\/uploads\/2014\/04\/trasladovuelta.jpg?resize=130%2C95",130,95,true],"full":["https:\/\/i0.wp.com\/veracruzdemontilla.com\/wp-content\/uploads\/2014\/04\/trasladovuelta.jpg?fit=640%2C400",640,400,false]},"categories_names":{"5":{"name":"Actualidad","link":"http:\/\/veracruzdemontilla.com\/?cat=5"}},"tags_names":{"4":{"name":"Favoritos","link":"http:\/\/veracruzdemontilla.com\/?tag=favoritos"}},"comments_number":"0","jetpack_sharing_enabled":true,"jetpack_shortlink":"https:\/\/wp.me\/p9INPk-bc","jetpack_likes_enabled":true,"jetpack-related-posts":[{"id":2100,"url":"http:\/\/veracruzdemontilla.com\/?p=2100","url_meta":{"origin":694,"position":0},"title":"Solemne besapi\u00e9s  y besamanos a nuestros Sagrados Titulares y v\u00eda crucis de entronizaci\u00f3n","date":"4 abril, 2025","format":false,"excerpt":"Las v\u00edsperas de nuestra ansiada Semana Santa est\u00e1n se\u00f1aladas en rojo en el calendario cofrade de los hermanos de la Vera Cruz. Como cada a\u00f1o, el Viernes de Dolores el Santo Cristo de Zacatecas y Santa Mar\u00eda del Socorro estar\u00e1n expuestos en solemne besapi\u00e9s y besamanos aguardando la visita de\u2026","rel":"","context":"En \u00abActualidad\u00bb","img":{"alt_text":"","src":"https:\/\/i2.wp.com\/veracruzdemontilla.com\/wp-content\/uploads\/2025\/04\/Viacrucis-2025.png?fit=1080%2C1080&resize=350%2C200","width":350,"height":200},"classes":[]},{"id":1890,"url":"http:\/\/veracruzdemontilla.com\/?p=1890","url_meta":{"origin":694,"position":1},"title":"La Vera Cruz en el Magno V\u00eda Crucis de C\u00f3rdoba","date":"10 marzo, 2025","format":false,"excerpt":"Los Sagrados Titulares de la Cofrad\u00eda Penitencial de la Santa Vera Cruz procesionar\u00e1n el pr\u00f3ximo mes de octubre por la capital cordobesa, una vez aceptada la amable invitaci\u00f3n cursada por la Agrupaci\u00f3n de Hermandades y Cofrad\u00edas de C\u00f3rdoba. Como adelantaba nuestra cofrad\u00eda en un comunicado fechado el viernes 7 de\u2026","rel":"","context":"En \u00abMagno V\u00eda Crucis\u00bb","img":{"alt_text":"","src":"https:\/\/i2.wp.com\/veracruzdemontilla.com\/wp-content\/uploads\/2025\/03\/Via-Crucis-Magno_Zacatecas.jpg?fit=960%2C1200&resize=350%2C200","width":350,"height":200},"classes":[]},{"id":2555,"url":"http:\/\/veracruzdemontilla.com\/?p=2555","url_meta":{"origin":694,"position":2},"title":"La Cofrad\u00eda engrandece su patrimonio con una serie pict\u00f3rica inspirada en el Apostolado de Jos\u00e9 Garnelo","date":"24 febrero, 2026","format":false,"excerpt":"[Fotos: Chema G. M\u00e1rmol] La Cofrad\u00eda de la Vera Cruz de Montilla ha culminado un proyecto art\u00edstico destacado: la realizaci\u00f3n de doce cartelas que reproducen los ap\u00f3stoles pintados por Jos\u00e9 Garnelo para la Parroquia de Santiago. El trabajo ha sido ejecutado por la artista Inmaculada Navarro Polonio, quien recibi\u00f3 el\u2026","rel":"","context":"En \u00abActualidad\u00bb","img":{"alt_text":"","src":"https:\/\/i0.wp.com\/veracruzdemontilla.com\/wp-content\/uploads\/2026\/02\/20260222-FiestaDe-Regla-12.jpg?fit=1200%2C800&resize=350%2C200","width":350,"height":200},"classes":[]},{"id":827,"url":"http:\/\/veracruzdemontilla.com\/?p=827","url_meta":{"origin":694,"position":3},"title":"Un nuevo miembro de nuestra Iglesia.","date":"26 mayo, 2014","format":false,"excerpt":"La ma\u00f1ana del pasado domingo 25 de mayo, en la Capilla del Baptisterio de la Parroquia de Santiago Ap\u00f3stol, el peque\u00f1o Mart\u00edn recibi\u00f3 el Sacramento del Bautismo convirti\u00e9ndose as\u00ed en un nuevo miembro de la Iglesia. El primer hijo de Juan Antonio y \u00darsula, Vice Hermano\u00a0 Mayor y Vocal de\u2026","rel":"","context":"En \u00abActualidad\u00bb","img":{"alt_text":"","src":"https:\/\/i2.wp.com\/veracruzdemontilla.com\/wp-content\/uploads\/2014\/05\/IMG-20140525-WA0003.jpg?fit=640%2C400&resize=350%2C200","width":350,"height":200},"classes":[]},{"id":1900,"url":"http:\/\/veracruzdemontilla.com\/?p=1900","url_meta":{"origin":694,"position":4},"title":"Holy Cards incluye al Cristo de Zacatecas en su colecci\u00f3n de C\u00f3rdoba","date":"20 marzo, 2025","format":false,"excerpt":"El coleccionable de cromos de Semana Santa Holy Cards que se ha popularizado en los \u00faltimos a\u00f1os ha incorporado una instant\u00e1nea de de nuestros Sagrados Titulares en su colecci\u00f3n de C\u00f3rdoba 2025, capturada por el fot\u00f3grafo montillano Chema G. M\u00e1rmol. El cromo que ocupa el n\u00famero 392 de la colecci\u00f3n\u2026","rel":"","context":"En \u00abActualidad\u00bb","img":{"alt_text":"","src":"https:\/\/i2.wp.com\/veracruzdemontilla.com\/wp-content\/uploads\/2025\/03\/MONTILLA_ZACATECAS.jpg?fit=850%2C1200&resize=350%2C200","width":350,"height":200},"classes":[]},{"id":2368,"url":"http:\/\/veracruzdemontilla.com\/?p=2368","url_meta":{"origin":694,"position":5},"title":"Juan Antonio Prieto elegido nuevo hermano mayor de la Vera Cruz","date":"24 junio, 2025","format":false,"excerpt":"Montilla, 24 de junio de 2025 \u2013 En la noche de ayer 23 de junio Juan Antonio Prieto Velasco result\u00f3 elegido nuevo hermano mayor, marcando el inicio de una nueva etapa en la dilatada historia de nuestra cofrad\u00eda. Juan Antonio Prieto es profesor titular de la Universidad Pablo de Olavide\u2026","rel":"","context":"En \u00abActualidad\u00bb","img":{"alt_text":"","src":"https:\/\/i2.wp.com\/veracruzdemontilla.com\/wp-content\/uploads\/2025\/06\/ChatGPT-Image-24-jun-2025-09_10_01.png?fit=1024%2C1024&resize=350%2C200","width":350,"height":200},"classes":[]}],"_links":{"self":[{"href":"http:\/\/veracruzdemontilla.com\/index.php?rest_route=\/wp\/v2\/posts\/694"}],"collection":[{"href":"http:\/\/veracruzdemontilla.com\/index.php?rest_route=\/wp\/v2\/posts"}],"about":[{"href":"http:\/\/veracruzdemontilla.com\/index.php?rest_route=\/wp\/v2\/types\/post"}],"author":[{"embeddable":true,"href":"http:\/\/veracruzdemontilla.com\/index.php?rest_route=\/wp\/v2\/users\/1"}],"replies":[{"embeddable":true,"href":"http:\/\/veracruzdemontilla.com\/index.php?rest_route=%2Fwp%2Fv2%2Fcomments&post=694"}],"version-history":[{"count":5,"href":"http:\/\/veracruzdemontilla.com\/index.php?rest_route=\/wp\/v2\/posts\/694\/revisions"}],"predecessor-version":[{"id":701,"href":"http:\/\/veracruzdemontilla.com\/index.php?rest_route=\/wp\/v2\/posts\/694\/revisions\/701"}],"wp:featuredmedia":[{"embeddable":true,"href":"http:\/\/veracruzdemontilla.com\/index.php?rest_route=\/wp\/v2\/media\/695"}],"wp:attachment":[{"href":"http:\/\/veracruzdemontilla.com\/index.php?rest_route=%2Fwp%2Fv2%2Fmedia&parent=694"}],"wp:term":[{"taxonomy":"category","embeddable":true,"href":"http:\/\/veracruzdemontilla.com\/index.php?rest_route=%2Fwp%2Fv2%2Fcategories&post=694"},{"taxonomy":"post_tag","embeddable":true,"href":"http:\/\/veracruzdemontilla.com\/index.php?rest_route=%2Fwp%2Fv2%2Ftags&post=694"}],"curies":[{"name":"wp","href":"https:\/\/api.w.org\/{rel}","templated":true}]}}