{"id":691,"date":"2014-04-04T13:23:43","date_gmt":"2014-04-04T11:23:43","guid":{"rendered":"http:\/\/veracruzdemontilla.com\/?p=691"},"modified":"2014-04-04T13:23:43","modified_gmt":"2014-04-04T11:23:43","slug":"nuevo-ensayo-de-costaleros","status":"publish","type":"post","link":"http:\/\/veracruzdemontilla.com\/?p=691","title":{"rendered":"Nuevo ensayo de costaleros"},"content":{"rendered":"<p style=\"text-align: justify;\">Recordamos a todos los costaleros del Santo Cristo de Zacatecas y Santa Mar\u00eda del Socorro, que el pasado viernes, qued\u00f3 programado el cuarto\u00a0ensayo para<strong> hoy viernes 4 de abril<\/strong>. \u00a0Recordamos a todos la importancia que tiene vuestra asistencia, ya que portaremos nuestro paso por las calles aleda\u00f1as, teniendo as\u00ed una nueva toma de contacto, como ya hicimos en los ensayos anteriores.<\/p>\n<p style=\"text-align: justify;\">Como viene siendo habitual, el ensayo tendr\u00e1 lugar a las 21:30 horas, en el Centro de Atenci\u00f3n al Peregrino (CAP), situado en el Llano de Palacio.<\/p>\n<p style=\"text-align: justify;\">La Cofrad\u00eda anima, a todos aquellos que as\u00ed lo deseen, a salir de costaleros, y acompa\u00f1ar a nuestros Sagrados Titulares.<\/p>\n","protected":false},"excerpt":{"rendered":"<p>Recordamos a todos los costaleros del Santo Cristo de Zacatecas y Santa Mar\u00eda del Socorro, que el pasado viernes, qued\u00f3 programado el cuarto\u00a0ensayo para hoy viernes 4 de abril. \u00a0Recordamos a todos la importancia que tiene vuestra asistencia, ya que portaremos nuestro paso por las calles aleda\u00f1as, teniendo as\u00ed una nueva toma de contacto, como [&#038;hellip<\/p>\n","protected":false},"author":1,"featured_media":692,"comment_status":"closed","ping_status":"open","sticky":false,"template":"","format":"standard","meta":{"advanced_seo_description":"","spay_email":"","jetpack_publicize_message":"","jetpack_is_tweetstorm":false},"categories":[5],"tags":[4],"jetpack_featured_media_url":"https:\/\/i2.wp.com\/veracruzdemontilla.com\/wp-content\/uploads\/2014\/04\/ensayo.jpg?fit=640%2C400","jetpack_publicize_connections":[],"wpmagazine_modules_lite_featured_media_urls":{"thumbnail":["https:\/\/i2.wp.com\/veracruzdemontilla.com\/wp-content\/uploads\/2014\/04\/ensayo.jpg?resize=150%2C150",150,150,true],"cvmm-medium":["https:\/\/i2.wp.com\/veracruzdemontilla.com\/wp-content\/uploads\/2014\/04\/ensayo.jpg?resize=300%2C300",300,300,true],"cvmm-medium-plus":["https:\/\/i2.wp.com\/veracruzdemontilla.com\/wp-content\/uploads\/2014\/04\/ensayo.jpg?resize=305%2C207",305,207,true],"cvmm-portrait":["https:\/\/i2.wp.com\/veracruzdemontilla.com\/wp-content\/uploads\/2014\/04\/ensayo.jpg?resize=400%2C400",400,400,true],"cvmm-medium-square":["https:\/\/i2.wp.com\/veracruzdemontilla.com\/wp-content\/uploads\/2014\/04\/ensayo.jpg?resize=600%2C400",600,400,true],"cvmm-large":["https:\/\/i2.wp.com\/veracruzdemontilla.com\/wp-content\/uploads\/2014\/04\/ensayo.jpg?resize=640%2C400",640,400,true],"cvmm-small":["https:\/\/i2.wp.com\/veracruzdemontilla.com\/wp-content\/uploads\/2014\/04\/ensayo.jpg?resize=130%2C95",130,95,true],"full":["https:\/\/i2.wp.com\/veracruzdemontilla.com\/wp-content\/uploads\/2014\/04\/ensayo.jpg?fit=640%2C400",640,400,false]},"categories_names":{"5":{"name":"Actualidad","link":"http:\/\/veracruzdemontilla.com\/?cat=5"}},"tags_names":{"4":{"name":"Favoritos","link":"http:\/\/veracruzdemontilla.com\/?tag=favoritos"}},"comments_number":"0","jetpack_sharing_enabled":true,"jetpack_shortlink":"https:\/\/wp.me\/p9INPk-b9","jetpack_likes_enabled":true,"jetpack-related-posts":[{"id":655,"url":"http:\/\/veracruzdemontilla.com\/?p=655","url_meta":{"origin":691,"position":0},"title":"Pr\u00f3ximo ensayo de costaleros","date":"17 marzo, 2014","format":false,"excerpt":"Una vez realizada el martes d\u00eda 11 la reuni\u00f3n de costaleros, qued\u00f3 programada toda la actividad que hemos de llevar a cabo de cara a la pr\u00f3xima Semana Santa. Por ello la Cofrad\u00eda cita a sus hermanos costaleros, que portaran a nuestro Crucificado Cristo de Zacatecas y a nuestra Madre\u2026","rel":"","context":"En \u00abActualidad\u00bb","img":{"alt_text":"","src":"https:\/\/i0.wp.com\/veracruzdemontilla.com\/wp-content\/uploads\/2014\/03\/costaleros.jpg?fit=640%2C400&resize=350%2C200","width":350,"height":200},"classes":[]},{"id":355,"url":"http:\/\/veracruzdemontilla.com\/?p=355","url_meta":{"origin":691,"position":1},"title":"Costaleros de la Vera Cruz","date":"16 septiembre, 2013","format":false,"excerpt":"El pasado viernes se celebr\u00f3 la primera reuni\u00f3n de costaleros del Santo Cristo de Zacatecas y Santa Mar\u00eda del Socorro, en la cual se dieron cita un gran numero del mismo, vi\u00e9ndose alguna que otra cara nueva, que fue bien recibida a esta gran familia. Javier Gallardo (Pirulo) y Florencio\u2026","rel":"","context":"En \u00abActualidad\u00bb","img":{"alt_text":"","src":"https:\/\/i1.wp.com\/veracruzdemontilla.com\/wp-content\/uploads\/2013\/09\/CAM00113.jpg?fit=640%2C400&resize=350%2C200","width":350,"height":200},"classes":[]},{"id":304,"url":"http:\/\/veracruzdemontilla.com\/?p=304","url_meta":{"origin":691,"position":2},"title":"Pr\u00f3xima Reuni\u00f3n de Costaleros","date":"6 septiembre, 2013","format":false,"excerpt":"El jueves d\u00eda 12 de septiembre, la Cofrad\u00eda de la Santa Vera Cruz, va a realizar una primera toma de contacto entre costaleros y la nueva Junta de Gobierno, con el objetivo de ir preparando las pr\u00f3ximas actividades de nuestra Cofrad\u00eda. Motivo por lo que recuerdan la gran importancia de\u2026","rel":"","context":"En \u00abActualidad\u00bb","img":{"alt_text":"","src":"https:\/\/i0.wp.com\/veracruzdemontilla.com\/wp-content\/uploads\/2013\/09\/reunion.jpg?fit=640%2C400&resize=350%2C200","width":350,"height":200},"classes":[]},{"id":1347,"url":"http:\/\/veracruzdemontilla.com\/?p=1347","url_meta":{"origin":691,"position":3},"title":"V\u00eda Crucis del Sant\u00edsimo Cristo de Zacatecas","date":"4 abril, 2017","format":false,"excerpt":"El pr\u00f3ximo s\u00e1bado, 8\u00a0de abril, \u00a0tendr\u00e1 lugar el V\u00eda Crucis de nuestro Titular, dando comienzo a las 20:30\u00a0de la noche, y realizando su recorrido, a hombros de nuestros costaleros, por diversas calles del popular barrio de La Escuchuela. El cortejo ser\u00e1\u00a0acompa\u00f1ado por nuestros hermanos y todos aquellos devotos y vecinos\u2026","rel":"","context":"En \u00abActualidad\u00bb","img":{"alt_text":"","src":"https:\/\/i2.wp.com\/veracruzdemontilla.com\/wp-content\/uploads\/2017\/04\/17.jpg?fit=640%2C400&resize=350%2C200","width":350,"height":200},"classes":[]},{"id":102,"url":"http:\/\/veracruzdemontilla.com\/?p=102","url_meta":{"origin":691,"position":4},"title":"Ensayos de costaleros","date":"22 enero, 2009","format":false,"excerpt":"Lugar: Nave de ensayos. Pol\u00edgono Industrial \"Llanos de Jarata\".Hora: 9 de la nocheUna vez concluido el ensayo, nos dirigiremos al Cuartelillo de Cuaresma para reponer fuerzas.","rel":"","context":"En \u00abSin categor\u00eda\u00bb","img":{"alt_text":"","src":"","width":0,"height":0},"classes":[]},{"id":60,"url":"http:\/\/veracruzdemontilla.com\/?p=60","url_meta":{"origin":691,"position":5},"title":"Citaci\u00f3n de Cabildo","date":"28 octubre, 2010","format":false,"excerpt":"Por medio de la presente, la Cofrad\u00eda de la Santa Vera Cruz convoca a Cabildo abierto a todos sus hermanos-costaleros, que tendr\u00e1 lugar el pr\u00f3ximo d\u00eda 5 de noviembre, viernes, a las 20:30 horas, en la capilla del Santo Cristo de Zacatecas de la Parroquia de Santiago Ap\u00f3stol, nuestra sede\u2026","rel":"","context":"En \u00abSin categor\u00eda\u00bb","img":{"alt_text":"","src":"","width":0,"height":0},"classes":[]}],"_links":{"self":[{"href":"http:\/\/veracruzdemontilla.com\/index.php?rest_route=\/wp\/v2\/posts\/691"}],"collection":[{"href":"http:\/\/veracruzdemontilla.com\/index.php?rest_route=\/wp\/v2\/posts"}],"about":[{"href":"http:\/\/veracruzdemontilla.com\/index.php?rest_route=\/wp\/v2\/types\/post"}],"author":[{"embeddable":true,"href":"http:\/\/veracruzdemontilla.com\/index.php?rest_route=\/wp\/v2\/users\/1"}],"replies":[{"embeddable":true,"href":"http:\/\/veracruzdemontilla.com\/index.php?rest_route=%2Fwp%2Fv2%2Fcomments&post=691"}],"version-history":[{"count":1,"href":"http:\/\/veracruzdemontilla.com\/index.php?rest_route=\/wp\/v2\/posts\/691\/revisions"}],"predecessor-version":[{"id":693,"href":"http:\/\/veracruzdemontilla.com\/index.php?rest_route=\/wp\/v2\/posts\/691\/revisions\/693"}],"wp:featuredmedia":[{"embeddable":true,"href":"http:\/\/veracruzdemontilla.com\/index.php?rest_route=\/wp\/v2\/media\/692"}],"wp:attachment":[{"href":"http:\/\/veracruzdemontilla.com\/index.php?rest_route=%2Fwp%2Fv2%2Fmedia&parent=691"}],"wp:term":[{"taxonomy":"category","embeddable":true,"href":"http:\/\/veracruzdemontilla.com\/index.php?rest_route=%2Fwp%2Fv2%2Fcategories&post=691"},{"taxonomy":"post_tag","embeddable":true,"href":"http:\/\/veracruzdemontilla.com\/index.php?rest_route=%2Fwp%2Fv2%2Ftags&post=691"}],"curies":[{"name":"wp","href":"https:\/\/api.w.org\/{rel}","templated":true}]}}