{"id":675,"date":"2014-04-03T17:40:06","date_gmt":"2014-04-03T15:40:06","guid":{"rendered":"http:\/\/veracruzdemontilla.com\/?p=675"},"modified":"2014-04-03T17:43:07","modified_gmt":"2014-04-03T15:43:07","slug":"nuestra-cofradia-presenta-el-libro-el-pregon-de-la-semana-santa-de-montilla","status":"publish","type":"post","link":"http:\/\/veracruzdemontilla.com\/?p=675","title":{"rendered":"Nuestra Cofrad\u00eda presenta el libro \u00abEl Preg\u00f3n de la Semana Santa de Montilla\u00bb"},"content":{"rendered":"<p style=\"text-align: justify;\"><em>El pr\u00f3ximo <strong>lunes 7<\/strong><b>\u00a0de abril<\/b>, a las\u00a0<b>21:00 horas<\/b>\u00a0en el la Bas\u00edlica de San Juan de \u00c1vila, tendr\u00e1 lugar la presentaci\u00f3n del libro <strong>\u00abEl Preg\u00f3n de la Semana Santa de Montilla<\/strong><b>\u00ab<\/b>, editado por nuestra Cofrad\u00eda.<\/em><\/p>\n<p style=\"text-align: justify;\">Durante esta semana, se suceder\u00e1n nuevas actividades incluidas en la programaci\u00f3n de\u00a0 Cuaresma que desde la Junta de Gobierno de la Cofrad\u00eda de la Santa Vera Cruz, hemos elaborado para estos d\u00edas previos a la Semana Santa.\u00a0Tras varias citas durante estas \u00faltimas semanas, llega el lunes la presentaci\u00f3n de la primera edici\u00f3n del libro \u00abEl Preg\u00f3n de la Semana Santa de Montilla\u00bb, que recoge los pregones editados por la Agrupaci\u00f3n de Cofrad\u00edas desde los a\u00f1os 1973 a 1977, \u00a0y que protagonizaron Juli\u00e1n Ram\u00edrez Pino (1973), \u00a0Manuel Luque Velasco (1974), Enrique Garramiola Prieto (1975), Jos\u00e9 Navarro Urbano (1976) y Alejandro Mu\u00f1oz Priego (1977).<\/p>\n<p style=\"text-align: justify;\">Con esta primera edici\u00f3n, nuestra Cofrad\u00eda presenta su apuesta por recopilar esta expresi\u00f3n cultural y tradicional de Montilla, reconociendo la labor de los hombres y mujeres que ensalzan la Semana Mayor de nuestra localidad \u00a0como una muestra del fervor y la devoci\u00f3n de muchos montillanos a los titulares de las distintas hermandades.<\/p>\n<p style=\"text-align: justify;\">El acto, cuya presentaci\u00f3n correr\u00e1 a cargo de nuestro consiliario y p\u00e1rroco de Santiago Ap\u00f3stol, D. Jos\u00e9 Almedina Polonio, est\u00e1\u00a0abierto a todos los ciudadanos que deseen asistir y tendr\u00e1 lugar este <strong>lunes 7 de abril<\/strong> a partir de las <strong>nueve de la tarde<\/strong> en la<strong> Bas\u00edlica de San Juan de \u00c1vila<\/strong>.<\/p>\n","protected":false},"excerpt":{"rendered":"<p>El pr\u00f3ximo lunes 7\u00a0de abril, a las\u00a021:00 horas\u00a0en el la Bas\u00edlica de San Juan de \u00c1vila, tendr\u00e1 lugar la presentaci\u00f3n del libro \u00abEl Preg\u00f3n de la Semana Santa de Montilla\u00ab, editado por nuestra Cofrad\u00eda. Durante esta semana, se suceder\u00e1n nuevas actividades incluidas en la programaci\u00f3n de\u00a0 Cuaresma que desde la Junta de Gobierno de la [&#038;hellip<\/p>\n","protected":false},"author":1,"featured_media":676,"comment_status":"closed","ping_status":"open","sticky":false,"template":"","format":"standard","meta":{"advanced_seo_description":"","spay_email":"","jetpack_publicize_message":"","jetpack_is_tweetstorm":false},"categories":[5],"tags":[4],"jetpack_featured_media_url":"https:\/\/i1.wp.com\/veracruzdemontilla.com\/wp-content\/uploads\/2014\/04\/presentacion.jpg?fit=640%2C400","jetpack_publicize_connections":[],"wpmagazine_modules_lite_featured_media_urls":{"thumbnail":["https:\/\/i1.wp.com\/veracruzdemontilla.com\/wp-content\/uploads\/2014\/04\/presentacion.jpg?resize=150%2C150",150,150,true],"cvmm-medium":["https:\/\/i1.wp.com\/veracruzdemontilla.com\/wp-content\/uploads\/2014\/04\/presentacion.jpg?resize=300%2C300",300,300,true],"cvmm-medium-plus":["https:\/\/i1.wp.com\/veracruzdemontilla.com\/wp-content\/uploads\/2014\/04\/presentacion.jpg?resize=305%2C207",305,207,true],"cvmm-portrait":["https:\/\/i1.wp.com\/veracruzdemontilla.com\/wp-content\/uploads\/2014\/04\/presentacion.jpg?resize=400%2C400",400,400,true],"cvmm-medium-square":["https:\/\/i1.wp.com\/veracruzdemontilla.com\/wp-content\/uploads\/2014\/04\/presentacion.jpg?resize=600%2C400",600,400,true],"cvmm-large":["https:\/\/i1.wp.com\/veracruzdemontilla.com\/wp-content\/uploads\/2014\/04\/presentacion.jpg?resize=640%2C400",640,400,true],"cvmm-small":["https:\/\/i1.wp.com\/veracruzdemontilla.com\/wp-content\/uploads\/2014\/04\/presentacion.jpg?resize=130%2C95",130,95,true],"full":["https:\/\/i1.wp.com\/veracruzdemontilla.com\/wp-content\/uploads\/2014\/04\/presentacion.jpg?fit=640%2C400",640,400,false]},"categories_names":{"5":{"name":"Actualidad","link":"http:\/\/veracruzdemontilla.com\/?cat=5"}},"tags_names":{"4":{"name":"Favoritos","link":"http:\/\/veracruzdemontilla.com\/?tag=favoritos"}},"comments_number":"0","jetpack_sharing_enabled":true,"jetpack_shortlink":"https:\/\/wp.me\/p9INPk-aT","jetpack_likes_enabled":true,"jetpack-related-posts":[{"id":1041,"url":"http:\/\/veracruzdemontilla.com\/?p=1041","url_meta":{"origin":675,"position":0},"title":"Nuestra Cofrad\u00eda vuelve a sacar a la venta el libro \u00abEl preg\u00f3n de la Semana Santa de Montilla\u00bb","date":"11 marzo, 2015","format":false,"excerpt":"La pasada Cuaresma (a\u00f1o 2014), en\u00a0la Bas\u00edlica de San Juan de \u00c1vila, tuvo\u00a0lugar la presentaci\u00f3n del libro \u201cEl Preg\u00f3n de la Semana Santa de Montilla\u201c, editado por nuestra Cofrad\u00eda. El acto del Preg\u00f3n, es el anuncio general que a\u00f1o tras a\u00f1o nos hace saber que las tradicionales procesiones de Semana\u2026","rel":"","context":"En \u00abActualidad\u00bb","img":{"alt_text":"","src":"https:\/\/i1.wp.com\/veracruzdemontilla.com\/wp-content\/uploads\/2015\/03\/pregon2015.jpg?fit=640%2C400&resize=350%2C200","width":350,"height":200},"classes":[]},{"id":1395,"url":"http:\/\/veracruzdemontilla.com\/?p=1395","url_meta":{"origin":675,"position":1},"title":"Presentaci\u00f3n de la edici\u00f3n del Preg\u00f3n de Semana Santa 2017","date":"29 noviembre, 2017","format":false,"excerpt":"El pr\u00f3ximo\u00a0domingo 3 de diciembre, la Agrupaci\u00f3n de Cofrad\u00edas de Montilla presentar\u00e1 la edici\u00f3n del Preg\u00f3n de Semana Santa de 2017, que corri\u00f3 a cargo del Rvdo. D. Jes\u00fas Joaqu\u00edn Corredor Caballero, anterior p\u00e1rroco de la Iglesia de San Francisco Solano de nuestra localidad y que actualmente ejerce su ministerio\u2026","rel":"","context":"En \u00abActualidad\u00bb","img":{"alt_text":"Presentaci\u00f3n de la edici\u00f3n del Preg\u00f3n de Semana Santa 2017","src":"https:\/\/i1.wp.com\/veracruzdemontilla.com\/wp-content\/uploads\/2017\/11\/img_2464.jpg?fit=825%2C1200&resize=350%2C200","width":350,"height":200},"classes":[]},{"id":702,"url":"http:\/\/veracruzdemontilla.com\/?p=702","url_meta":{"origin":675,"position":2},"title":"Presentado el libro \u00abLos Pregones de la Semana Santa de Montilla\u00bb","date":"8 abril, 2014","format":false,"excerpt":"\"Tras el extraordinario traslado que nos llev\u00f3 en la ma\u00f1ana de ayer junto a nuestros\u00a0 Titulares de nuevo a casa, la Parroquia de Santiago, hoy volvemos a vivir un d\u00eda especial en el seno de nuestra Cofrad\u00eda. Vemos materializado un proyecto muy deseado por nosotros y que rondaba en nuestras\u2026","rel":"","context":"En \u00abActualidad\u00bb","img":{"alt_text":"","src":"https:\/\/i2.wp.com\/veracruzdemontilla.com\/wp-content\/uploads\/2014\/04\/IMG-20140407-WA0007.jpg?fit=800%2C600&resize=350%2C200","width":350,"height":200},"classes":[]},{"id":110,"url":"http:\/\/veracruzdemontilla.com\/?p=110","url_meta":{"origin":675,"position":3},"title":"Memoria de la Semana Santa","date":"7 enero, 2009","format":false,"excerpt":"Desde la Cuaresma de 2006, los amantes de la Semana Santa cuentan con un interesante estudio que recoge, en im\u00e1genes, la historia viva de las hermandades y cofrad\u00edas de la localidad, entre 1900 y 1965. La Cofrad\u00eda Penitencial de la Santa Vera Cruz consigui\u00f3 reunir al historiador local Miguel Aguilar\u2026","rel":"","context":"En \u00abSin categor\u00eda\u00bb","img":{"alt_text":"","src":"","width":0,"height":0},"classes":[]},{"id":1577,"url":"http:\/\/veracruzdemontilla.com\/?p=1577","url_meta":{"origin":675,"position":4},"title":"Nota de prensa: Endulza la Cuaresma con Santa Clara","date":"7 marzo, 2019","format":"video","excerpt":"Montilla, 7 de marzo de 2019 Por medio de la presente, la Cofrad\u00eda Penitencial de la Santa Vera Cruz y Devota Hermandad del Santo Cristo de Zacatecas y Santa Mar\u00eda del Socorro, Madre de Dios y Se\u00f1ora Nuestra COMUNICA que en cumplimiento del T\u00edtulo II del Estatuto marco para hermandades\u2026","rel":"","context":"En \u00abActualidad\u00bb","img":{"alt_text":"","src":"","width":0,"height":0},"classes":[]},{"id":1306,"url":"http:\/\/veracruzdemontilla.com\/?p=1306","url_meta":{"origin":675,"position":5},"title":"Martes Santo, d\u00eda grande en Montilla","date":"24 marzo, 2016","format":"video","excerpt":"Montilla vivi\u00f3 ayer uno de sus d\u00edas grandes de la Semana Santa, gracias a las tres cofrad\u00edas que se echaron a la calle. La primera en celebrar su estaci\u00f3n de penitencia, desde la parroquia de Santiago Ap\u00f3stol, fue la Cofrad\u00eda Penitencial de la Santa Vera Cruz, cuyas im\u00e1genes titulares, el\u2026","rel":"","context":"En \u00abActualidad\u00bb","img":{"alt_text":"","src":"https:\/\/i2.wp.com\/veracruzdemontilla.com\/wp-content\/uploads\/2016\/03\/paseo_cervantes.jpg?fit=640%2C400&resize=350%2C200","width":350,"height":200},"classes":[]}],"_links":{"self":[{"href":"http:\/\/veracruzdemontilla.com\/index.php?rest_route=\/wp\/v2\/posts\/675"}],"collection":[{"href":"http:\/\/veracruzdemontilla.com\/index.php?rest_route=\/wp\/v2\/posts"}],"about":[{"href":"http:\/\/veracruzdemontilla.com\/index.php?rest_route=\/wp\/v2\/types\/post"}],"author":[{"embeddable":true,"href":"http:\/\/veracruzdemontilla.com\/index.php?rest_route=\/wp\/v2\/users\/1"}],"replies":[{"embeddable":true,"href":"http:\/\/veracruzdemontilla.com\/index.php?rest_route=%2Fwp%2Fv2%2Fcomments&post=675"}],"version-history":[{"count":3,"href":"http:\/\/veracruzdemontilla.com\/index.php?rest_route=\/wp\/v2\/posts\/675\/revisions"}],"predecessor-version":[{"id":679,"href":"http:\/\/veracruzdemontilla.com\/index.php?rest_route=\/wp\/v2\/posts\/675\/revisions\/679"}],"wp:featuredmedia":[{"embeddable":true,"href":"http:\/\/veracruzdemontilla.com\/index.php?rest_route=\/wp\/v2\/media\/676"}],"wp:attachment":[{"href":"http:\/\/veracruzdemontilla.com\/index.php?rest_route=%2Fwp%2Fv2%2Fmedia&parent=675"}],"wp:term":[{"taxonomy":"category","embeddable":true,"href":"http:\/\/veracruzdemontilla.com\/index.php?rest_route=%2Fwp%2Fv2%2Fcategories&post=675"},{"taxonomy":"post_tag","embeddable":true,"href":"http:\/\/veracruzdemontilla.com\/index.php?rest_route=%2Fwp%2Fv2%2Ftags&post=675"}],"curies":[{"name":"wp","href":"https:\/\/api.w.org\/{rel}","templated":true}]}}