{"id":669,"date":"2014-03-29T18:24:38","date_gmt":"2014-03-29T16:24:38","guid":{"rendered":"http:\/\/veracruzdemontilla.com\/?p=669"},"modified":"2014-03-29T18:24:38","modified_gmt":"2014-03-29T16:24:38","slug":"el-capellan-de-la-brimz-x-pregonara-esta-tarde-las-siete-palabras","status":"publish","type":"post","link":"http:\/\/veracruzdemontilla.com\/?p=669","title":{"rendered":"El capell\u00e1n de la Brimz X pregonar\u00e1 esta tarde las Siete Palabras"},"content":{"rendered":"<p style=\"text-align: justify;\">El capell\u00e1n castrense de la Brigada de Infanter\u00eda Mecanizada \u00abGuzm\u00e1n El Bueno\u00bb X, con base en Cerro Muriano, fray Rub\u00e9n Moreno Camu\u00f1as, pronunciar\u00e1 esta tarde la Exaltaci\u00f3n de las Siete Palabras en la Bas\u00edlica Pontificia de San Juan de \u00c1vila a las 20:30 horas. Tras varias d\u00e9cadas sin celebrarse, fue en 2003 cuando se recuper\u00f3 para el culto cuaresmal por nuestra Cofrad\u00eda Penitencial de la Santa Vera Cruz. El capell\u00e1n castrense ser\u00e1 presentado por el coronel jefe del Regimiento C\u00f3rdoba X, Jos\u00e9 Luis del Corral Gonzalo.<\/p>\n","protected":false},"excerpt":{"rendered":"<p>El capell\u00e1n castrense de la Brigada de Infanter\u00eda Mecanizada \u00abGuzm\u00e1n El Bueno\u00bb X, con base en Cerro Muriano, fray Rub\u00e9n Moreno Camu\u00f1as, pronunciar\u00e1 esta tarde la Exaltaci\u00f3n de las Siete Palabras en la Bas\u00edlica Pontificia de San Juan de \u00c1vila a las 20:30 horas. Tras varias d\u00e9cadas sin celebrarse, fue en 2003 cuando se recuper\u00f3 [&#038;hellip<\/p>\n","protected":false},"author":1,"featured_media":670,"comment_status":"closed","ping_status":"open","sticky":false,"template":"","format":"standard","meta":{"advanced_seo_description":"","spay_email":"","jetpack_publicize_message":"","jetpack_is_tweetstorm":false},"categories":[5],"tags":[4],"jetpack_featured_media_url":"https:\/\/i1.wp.com\/veracruzdemontilla.com\/wp-content\/uploads\/2014\/03\/IMG_4823.jpg?fit=640%2C400","jetpack_publicize_connections":[],"wpmagazine_modules_lite_featured_media_urls":{"thumbnail":["https:\/\/i1.wp.com\/veracruzdemontilla.com\/wp-content\/uploads\/2014\/03\/IMG_4823.jpg?resize=150%2C150",150,150,true],"cvmm-medium":["https:\/\/i1.wp.com\/veracruzdemontilla.com\/wp-content\/uploads\/2014\/03\/IMG_4823.jpg?resize=300%2C300",300,300,true],"cvmm-medium-plus":["https:\/\/i1.wp.com\/veracruzdemontilla.com\/wp-content\/uploads\/2014\/03\/IMG_4823.jpg?resize=305%2C207",305,207,true],"cvmm-portrait":["https:\/\/i1.wp.com\/veracruzdemontilla.com\/wp-content\/uploads\/2014\/03\/IMG_4823.jpg?resize=400%2C400",400,400,true],"cvmm-medium-square":["https:\/\/i1.wp.com\/veracruzdemontilla.com\/wp-content\/uploads\/2014\/03\/IMG_4823.jpg?resize=600%2C400",600,400,true],"cvmm-large":["https:\/\/i1.wp.com\/veracruzdemontilla.com\/wp-content\/uploads\/2014\/03\/IMG_4823.jpg?resize=640%2C400",640,400,true],"cvmm-small":["https:\/\/i1.wp.com\/veracruzdemontilla.com\/wp-content\/uploads\/2014\/03\/IMG_4823.jpg?resize=130%2C95",130,95,true],"full":["https:\/\/i1.wp.com\/veracruzdemontilla.com\/wp-content\/uploads\/2014\/03\/IMG_4823.jpg?fit=640%2C400",640,400,false]},"categories_names":{"5":{"name":"Actualidad","link":"http:\/\/veracruzdemontilla.com\/?cat=5"}},"tags_names":{"4":{"name":"Favoritos","link":"http:\/\/veracruzdemontilla.com\/?tag=favoritos"}},"comments_number":"0","jetpack_sharing_enabled":true,"jetpack_shortlink":"https:\/\/wp.me\/p9INPk-aN","jetpack_likes_enabled":true,"jetpack-related-posts":[{"id":660,"url":"http:\/\/veracruzdemontilla.com\/?p=660","url_meta":{"origin":669,"position":0},"title":"Exaltaci\u00f3n de las siete palabras 2014","date":"19 marzo, 2014","format":false,"excerpt":"Como todos sabemos, nuestra Cofrad\u00eda de la Santa Vera Cruz ha llevado a cabo durante estos \u00faltimos a\u00f1os la decidida apuesta de\u00a0reanudar aquellos cultos y actos que anta\u00f1o fueron dedicados a nuestros Sagrados Titulares y que quedaron como se\u00f1a de identidad entre las tradiciones religioso-populares de Montilla. Un antiguo serm\u00f3n\u2026","rel":"","context":"En \u00abActualidad\u00bb","img":{"alt_text":"","src":"https:\/\/i2.wp.com\/veracruzdemontilla.com\/wp-content\/uploads\/2014\/03\/exaltacion2013.jpg?fit=640%2C400&resize=350%2C200","width":350,"height":200},"classes":[]},{"id":911,"url":"http:\/\/veracruzdemontilla.com\/?p=911","url_meta":{"origin":669,"position":1},"title":"La Iglesia celebra la festividad de la Exaltaci\u00f3n de la Santa Cruz","date":"2 septiembre, 2014","format":false,"excerpt":"Foto: Fray Rub\u00e9n Moreno Camu\u00f1as, Exaltaci\u00f3n de las Siete Palabras de la cofrad\u00eda de la Vera Cruz (2014). El mes de septiembre la Iglesia celebra la festividad de la Exaltaci\u00f3n de la Santa Cruz. De arraigada tradici\u00f3n en Montilla, son los cultos celebrados en el Convento de Santa Clara en\u2026","rel":"","context":"En \u00abActualidad\u00bb","img":{"alt_text":"","src":"https:\/\/i0.wp.com\/veracruzdemontilla.com\/wp-content\/uploads\/2014\/09\/frayruben.jpg?fit=640%2C400&resize=350%2C200","width":350,"height":200},"classes":[]},{"id":627,"url":"http:\/\/veracruzdemontilla.com\/?p=627","url_meta":{"origin":669,"position":2},"title":"Actos Culturales y Religiosos","date":"25 febrero, 2014","format":false,"excerpt":"Querido hermano: Se acerca la Cuaresma, un per\u00edodo de reflexi\u00f3n y preparaci\u00f3n para renovar nuestro compromiso como cristianos y acercarnos as\u00ed al misterio de la Pasi\u00f3n, Muerte y Resurrecci\u00f3n de Nuestro Se\u00f1or Jesucristo. Comienza, por tanto, la cuenta atr\u00e1s que nos conducir\u00e1 hasta el martes 15 de abril, d\u00eda ansiado\u2026","rel":"","context":"En \u00abActualidad\u00bb","img":{"alt_text":"","src":"https:\/\/i2.wp.com\/veracruzdemontilla.com\/wp-content\/uploads\/2014\/02\/actos20141.jpg?fit=640%2C400&resize=350%2C200","width":350,"height":200},"classes":[]},{"id":1893,"url":"http:\/\/veracruzdemontilla.com\/?p=1893","url_meta":{"origin":669,"position":3},"title":"Gonzalo de Alvear pronunciar\u00e1 la Exaltaci\u00f3n de las Siete Palabras","date":"20 marzo, 2025","format":false,"excerpt":"El pr\u00f3ximo viernes 28 de marzo, la Parroquia de Santiago acoger\u00e1 (D. m.) a partir de las 20:45 h, la Exaltaci\u00f3n de las Siete Palabras, que este a\u00f1o correr\u00e1 a cargo de D. Gonzalo de Alvear y \u00c1lvarez de Toledo, director de marketing del diario digital de informaci\u00f3n religiosa Religi\u00f3n\u2026","rel":"","context":"En \u00abActualidad\u00bb","img":{"alt_text":"Cartel de la Exaltaci\u00f3n de las Siete Palabras 2025","src":"https:\/\/i1.wp.com\/veracruzdemontilla.com\/wp-content\/uploads\/2025\/03\/E7P-VERACUZ-2025-scaled.jpg?fit=857%2C1200&resize=350%2C200","width":350,"height":200},"classes":[]},{"id":1237,"url":"http:\/\/veracruzdemontilla.com\/?p=1237","url_meta":{"origin":669,"position":4},"title":"La Brimz vive su fiesta \u00abdisponible para responder\u00bb a m\u00e1s misiones","date":"11 diciembre, 2015","format":"video","excerpt":"Fuente y Foto: Diario C\u00f3rdoba V\u00eddeo: Cofrad\u00eda Vera Cruz Montilla La Brigada Mecanizada (Brimz) Guzm\u00e1n el Bueno X celebr\u00f3 el pasado martes\u00a0la festividad de la patrona del cuerpo de Infanter\u00eda, la Inmaculada Concepci\u00f3n, con un acto castrense en el que el general jefe, Antonio Ruiz Olmos, reivindic\u00f3 la \"fortaleza moral\"\u2026","rel":"","context":"En \u00abActualidad\u00bb","img":{"alt_text":"","src":"https:\/\/i1.wp.com\/veracruzdemontilla.com\/wp-content\/uploads\/2015\/12\/brimz_fiesta.jpg?fit=640%2C400&resize=350%2C200","width":350,"height":200},"classes":[]},{"id":1052,"url":"http:\/\/veracruzdemontilla.com\/?p=1052","url_meta":{"origin":669,"position":5},"title":"Don Manuel Pel\u00e1ez del Rosal pronunciar\u00e1 la Exaltaci\u00f3n de las Siete Palabras","date":"17 marzo, 2015","format":false,"excerpt":"Este viernes\u00a0d\u00eda 20 de marzo, y de nuevo\u00a0en la Capilla del Santo Cristo de Zacatecas, tras el par\u00e9ntesis del pasado a\u00f1o, tendr\u00e1 lugar la\u00a0Exaltaci\u00f3n de las Siete Palabras. En esta ocasi\u00f3n ser\u00e1 el catedr\u00e1tico de derecho procesal y reconocido historiador don Manuel Pel\u00e1ez del Rosal el encargado de reflexionar en\u2026","rel":"","context":"En \u00abActualidad\u00bb","img":{"alt_text":"","src":"https:\/\/i0.wp.com\/veracruzdemontilla.com\/wp-content\/uploads\/2015\/03\/manuelpelaez.jpg?fit=640%2C400&resize=350%2C200","width":350,"height":200},"classes":[]}],"_links":{"self":[{"href":"http:\/\/veracruzdemontilla.com\/index.php?rest_route=\/wp\/v2\/posts\/669"}],"collection":[{"href":"http:\/\/veracruzdemontilla.com\/index.php?rest_route=\/wp\/v2\/posts"}],"about":[{"href":"http:\/\/veracruzdemontilla.com\/index.php?rest_route=\/wp\/v2\/types\/post"}],"author":[{"embeddable":true,"href":"http:\/\/veracruzdemontilla.com\/index.php?rest_route=\/wp\/v2\/users\/1"}],"replies":[{"embeddable":true,"href":"http:\/\/veracruzdemontilla.com\/index.php?rest_route=%2Fwp%2Fv2%2Fcomments&post=669"}],"version-history":[{"count":1,"href":"http:\/\/veracruzdemontilla.com\/index.php?rest_route=\/wp\/v2\/posts\/669\/revisions"}],"predecessor-version":[{"id":671,"href":"http:\/\/veracruzdemontilla.com\/index.php?rest_route=\/wp\/v2\/posts\/669\/revisions\/671"}],"wp:featuredmedia":[{"embeddable":true,"href":"http:\/\/veracruzdemontilla.com\/index.php?rest_route=\/wp\/v2\/media\/670"}],"wp:attachment":[{"href":"http:\/\/veracruzdemontilla.com\/index.php?rest_route=%2Fwp%2Fv2%2Fmedia&parent=669"}],"wp:term":[{"taxonomy":"category","embeddable":true,"href":"http:\/\/veracruzdemontilla.com\/index.php?rest_route=%2Fwp%2Fv2%2Fcategories&post=669"},{"taxonomy":"post_tag","embeddable":true,"href":"http:\/\/veracruzdemontilla.com\/index.php?rest_route=%2Fwp%2Fv2%2Ftags&post=669"}],"curies":[{"name":"wp","href":"https:\/\/api.w.org\/{rel}","templated":true}]}}