{"id":660,"date":"2014-03-19T20:08:04","date_gmt":"2014-03-19T19:08:04","guid":{"rendered":"http:\/\/veracruzdemontilla.com\/?p=660"},"modified":"2014-03-19T20:08:04","modified_gmt":"2014-03-19T19:08:04","slug":"exaltacion-de-las-siete-palabras-2014","status":"publish","type":"post","link":"http:\/\/veracruzdemontilla.com\/?p=660","title":{"rendered":"Exaltaci\u00f3n de las siete palabras 2014"},"content":{"rendered":"<p style=\"text-align: justify;\">Como todos sabemos, nuestra Cofrad\u00eda de la Santa Vera Cruz ha llevado a cabo durante estos \u00faltimos a\u00f1os la decidida apuesta de\u00a0reanudar aquellos cultos y actos que anta\u00f1o fueron dedicados a nuestros Sagrados Titulares y que quedaron como se\u00f1a de identidad entre las tradiciones religioso-populares de Montilla. Un antiguo serm\u00f3n que era exhortado por un predicador cada Viernes Santo en el p\u00falpito de la Parroquia de Santiago ante la conmovedora presencia del Santo Cristo de Zacatecas, que durante toda la cuaresma presid\u00eda el templo mayor montillano.<\/p>\n<p style=\"text-align: justify;\">El pr\u00f3ximo<strong> s\u00e1bado 29 de marzo<\/strong>, fray Rub\u00e9n Moreno Camu\u00f1as, de la Orden de Frailes Menores y \u00c7apell\u00e1n Castrense de la Brigada de Infanter\u00eda Mecanizada \u00abGuzm\u00e1n el Bueno\u00bb, ser\u00e1 el encargado de pronunciar la Exaltaci\u00f3n de las Siete Palabras de este a\u00f1o, que tendr\u00e1 lugar en la Bas\u00edlica Santuario San Juan de \u00c1vila, a las 20:30 horas.<\/p>\n<p style=\"text-align: justify;\">\n","protected":false},"excerpt":{"rendered":"<p>Como todos sabemos, nuestra Cofrad\u00eda de la Santa Vera Cruz ha llevado a cabo durante estos \u00faltimos a\u00f1os la decidida apuesta de\u00a0reanudar aquellos cultos y actos que anta\u00f1o fueron dedicados a nuestros Sagrados Titulares y que quedaron como se\u00f1a de identidad entre las tradiciones religioso-populares de Montilla. Un antiguo serm\u00f3n que era exhortado por un [&#038;hellip<\/p>\n","protected":false},"author":1,"featured_media":663,"comment_status":"closed","ping_status":"open","sticky":false,"template":"","format":"standard","meta":{"advanced_seo_description":"","spay_email":"","jetpack_publicize_message":"","jetpack_is_tweetstorm":false},"categories":[5],"tags":[4],"jetpack_featured_media_url":"https:\/\/i2.wp.com\/veracruzdemontilla.com\/wp-content\/uploads\/2014\/03\/exaltacion2013.jpg?fit=640%2C400","jetpack_publicize_connections":[],"wpmagazine_modules_lite_featured_media_urls":{"thumbnail":["https:\/\/i2.wp.com\/veracruzdemontilla.com\/wp-content\/uploads\/2014\/03\/exaltacion2013.jpg?resize=150%2C150",150,150,true],"cvmm-medium":["https:\/\/i2.wp.com\/veracruzdemontilla.com\/wp-content\/uploads\/2014\/03\/exaltacion2013.jpg?resize=300%2C300",300,300,true],"cvmm-medium-plus":["https:\/\/i2.wp.com\/veracruzdemontilla.com\/wp-content\/uploads\/2014\/03\/exaltacion2013.jpg?resize=305%2C207",305,207,true],"cvmm-portrait":["https:\/\/i2.wp.com\/veracruzdemontilla.com\/wp-content\/uploads\/2014\/03\/exaltacion2013.jpg?resize=400%2C400",400,400,true],"cvmm-medium-square":["https:\/\/i2.wp.com\/veracruzdemontilla.com\/wp-content\/uploads\/2014\/03\/exaltacion2013.jpg?resize=600%2C400",600,400,true],"cvmm-large":["https:\/\/i2.wp.com\/veracruzdemontilla.com\/wp-content\/uploads\/2014\/03\/exaltacion2013.jpg?resize=640%2C400",640,400,true],"cvmm-small":["https:\/\/i2.wp.com\/veracruzdemontilla.com\/wp-content\/uploads\/2014\/03\/exaltacion2013.jpg?resize=130%2C95",130,95,true],"full":["https:\/\/i2.wp.com\/veracruzdemontilla.com\/wp-content\/uploads\/2014\/03\/exaltacion2013.jpg?fit=640%2C400",640,400,false]},"categories_names":{"5":{"name":"Actualidad","link":"http:\/\/veracruzdemontilla.com\/?cat=5"}},"tags_names":{"4":{"name":"Favoritos","link":"http:\/\/veracruzdemontilla.com\/?tag=favoritos"}},"comments_number":"0","jetpack_sharing_enabled":true,"jetpack_shortlink":"https:\/\/wp.me\/p9INPk-aE","jetpack_likes_enabled":true,"jetpack-related-posts":[{"id":1037,"url":"http:\/\/veracruzdemontilla.com\/?p=1037","url_meta":{"origin":660,"position":0},"title":"Exaltaci\u00f3n de las siete palabras 2015","date":"23 febrero, 2015","format":false,"excerpt":"Un a\u00f1o m\u00e1s,\u00a0nuestra Cofrad\u00eda de la Santa Vera Cruz contin\u00faa con\u00a0la decidida apuesta de\u00a0reanudar aquellos cultos y actos que anta\u00f1o fueron dedicados a nuestros Sagrados Titulares y que quedaron como se\u00f1a de identidad entre las tradiciones religioso-populares de Montilla. Uno de estos cultos, es ese\u00a0antiguo serm\u00f3n que era exhortado por\u2026","rel":"","context":"En \u00abActualidad\u00bb","img":{"alt_text":"","src":"https:\/\/i0.wp.com\/veracruzdemontilla.com\/wp-content\/uploads\/2015\/02\/cristo_zacatecas.jpg?fit=640%2C400&resize=350%2C200","width":350,"height":200},"classes":[]},{"id":911,"url":"http:\/\/veracruzdemontilla.com\/?p=911","url_meta":{"origin":660,"position":1},"title":"La Iglesia celebra la festividad de la Exaltaci\u00f3n de la Santa Cruz","date":"2 septiembre, 2014","format":false,"excerpt":"Foto: Fray Rub\u00e9n Moreno Camu\u00f1as, Exaltaci\u00f3n de las Siete Palabras de la cofrad\u00eda de la Vera Cruz (2014). El mes de septiembre la Iglesia celebra la festividad de la Exaltaci\u00f3n de la Santa Cruz. De arraigada tradici\u00f3n en Montilla, son los cultos celebrados en el Convento de Santa Clara en\u2026","rel":"","context":"En \u00abActualidad\u00bb","img":{"alt_text":"","src":"https:\/\/i0.wp.com\/veracruzdemontilla.com\/wp-content\/uploads\/2014\/09\/frayruben.jpg?fit=640%2C400&resize=350%2C200","width":350,"height":200},"classes":[]},{"id":52,"url":"http:\/\/veracruzdemontilla.com\/?p=52","url_meta":{"origin":660,"position":2},"title":"Exaltaci\u00f3n de las Siete Palabras","date":"29 marzo, 2011","format":false,"excerpt":"La decidida apuesta que la Cofrad\u00eda de la Santa Vera Cruz ha llevado a cabo durante estos \u00faltimos a\u00f1os en reanudar aquellos cultos y actos que anta\u00f1o fueron dedicados a sus Sagrados Titulares y quedaron como se\u00f1a de identidad entre las tradiciones religioso-populares de Montilla, le hicieron retomar el desaparecido\u2026","rel":"","context":"En \u00abSin categor\u00eda\u00bb","img":{"alt_text":"","src":"","width":0,"height":0},"classes":[]},{"id":1330,"url":"http:\/\/veracruzdemontilla.com\/?p=1330","url_meta":{"origin":660,"position":3},"title":"Exaltaci\u00f3n de las Siete Palabras","date":"17 marzo, 2017","format":false,"excerpt":"Un a\u00f1o m\u00e1s,\u00a0nuestra Cofrad\u00eda de la Santa Vera Cruz contin\u00faa con\u00a0la decidida apuesta de\u00a0reanudar aquellos cultos y actos que anta\u00f1o fueron dedicados a nuestros Sagrados Titulares y que quedaron como se\u00f1a de identidad entre las tradiciones religioso-populares de Montilla. Uno de estos cultos, es ese\u00a0antiguo serm\u00f3n que era exhortado por\u2026","rel":"","context":"En \u00abActualidad\u00bb","img":{"alt_text":"","src":"https:\/\/i1.wp.com\/veracruzdemontilla.com\/wp-content\/uploads\/2017\/03\/Sin-t\u00edtulo-1.jpg?fit=640%2C400&resize=350%2C200","width":350,"height":200},"classes":[]},{"id":1436,"url":"http:\/\/veracruzdemontilla.com\/?p=1436","url_meta":{"origin":660,"position":4},"title":"D. Ildefonso Casas Nieto (SDB) pronunciar\u00e1 la XVI Exaltaci\u00f3n de las Siete Palabras","date":"7 marzo, 2018","format":false,"excerpt":"La Exaltaci\u00f3n de las Siete Palabras que pronunci\u00f3 Cristo en la Cruz es uno de los actos centrales de la cuaresma montillana y, en particular, para la Cofrad\u00eda de la Santa Vera Cruz. En la edici\u00f3n de este a\u00f1o, que tendr\u00e1 lugar el pr\u00f3ximo viernes 9 de marzo, ser\u00e1 pronunciada\u2026","rel":"","context":"En \u00abActualidad\u00bb","img":{"alt_text":"","src":"https:\/\/i2.wp.com\/veracruzdemontilla.com\/wp-content\/uploads\/2018\/03\/cartel-exaltaci\u00f3n-2018.jpg?fit=800%2C1200&resize=350%2C200","width":350,"height":200},"classes":[]},{"id":1052,"url":"http:\/\/veracruzdemontilla.com\/?p=1052","url_meta":{"origin":660,"position":5},"title":"Don Manuel Pel\u00e1ez del Rosal pronunciar\u00e1 la Exaltaci\u00f3n de las Siete Palabras","date":"17 marzo, 2015","format":false,"excerpt":"Este viernes\u00a0d\u00eda 20 de marzo, y de nuevo\u00a0en la Capilla del Santo Cristo de Zacatecas, tras el par\u00e9ntesis del pasado a\u00f1o, tendr\u00e1 lugar la\u00a0Exaltaci\u00f3n de las Siete Palabras. En esta ocasi\u00f3n ser\u00e1 el catedr\u00e1tico de derecho procesal y reconocido historiador don Manuel Pel\u00e1ez del Rosal el encargado de reflexionar en\u2026","rel":"","context":"En \u00abActualidad\u00bb","img":{"alt_text":"","src":"https:\/\/i0.wp.com\/veracruzdemontilla.com\/wp-content\/uploads\/2015\/03\/manuelpelaez.jpg?fit=640%2C400&resize=350%2C200","width":350,"height":200},"classes":[]}],"_links":{"self":[{"href":"http:\/\/veracruzdemontilla.com\/index.php?rest_route=\/wp\/v2\/posts\/660"}],"collection":[{"href":"http:\/\/veracruzdemontilla.com\/index.php?rest_route=\/wp\/v2\/posts"}],"about":[{"href":"http:\/\/veracruzdemontilla.com\/index.php?rest_route=\/wp\/v2\/types\/post"}],"author":[{"embeddable":true,"href":"http:\/\/veracruzdemontilla.com\/index.php?rest_route=\/wp\/v2\/users\/1"}],"replies":[{"embeddable":true,"href":"http:\/\/veracruzdemontilla.com\/index.php?rest_route=%2Fwp%2Fv2%2Fcomments&post=660"}],"version-history":[{"count":3,"href":"http:\/\/veracruzdemontilla.com\/index.php?rest_route=\/wp\/v2\/posts\/660\/revisions"}],"predecessor-version":[{"id":664,"href":"http:\/\/veracruzdemontilla.com\/index.php?rest_route=\/wp\/v2\/posts\/660\/revisions\/664"}],"wp:featuredmedia":[{"embeddable":true,"href":"http:\/\/veracruzdemontilla.com\/index.php?rest_route=\/wp\/v2\/media\/663"}],"wp:attachment":[{"href":"http:\/\/veracruzdemontilla.com\/index.php?rest_route=%2Fwp%2Fv2%2Fmedia&parent=660"}],"wp:term":[{"taxonomy":"category","embeddable":true,"href":"http:\/\/veracruzdemontilla.com\/index.php?rest_route=%2Fwp%2Fv2%2Fcategories&post=660"},{"taxonomy":"post_tag","embeddable":true,"href":"http:\/\/veracruzdemontilla.com\/index.php?rest_route=%2Fwp%2Fv2%2Ftags&post=660"}],"curies":[{"name":"wp","href":"https:\/\/api.w.org\/{rel}","templated":true}]}}