{"id":655,"date":"2014-03-17T19:59:31","date_gmt":"2014-03-17T18:59:31","guid":{"rendered":"http:\/\/veracruzdemontilla.com\/?p=655"},"modified":"2014-03-17T20:01:14","modified_gmt":"2014-03-17T19:01:14","slug":"proximo-ensayo-de-costaleros","status":"publish","type":"post","link":"http:\/\/veracruzdemontilla.com\/?p=655","title":{"rendered":"Pr\u00f3ximo ensayo de costaleros"},"content":{"rendered":"<p style=\"text-align: justify;\">Una vez realizada el martes d\u00eda 11 la reuni\u00f3n de costaleros, qued\u00f3 programada toda la actividad que hemos de llevar a cabo de cara a la pr\u00f3xima Semana Santa. Por ello la Cofrad\u00eda cita a sus hermanos costaleros, que portaran a nuestro Crucificado Cristo de Zacatecas y a nuestra Madre Mar\u00eda Sant\u00edsima del Socorro por las calles de Montilla, el pr\u00f3ximo Martes Santo.<\/p>\n<p>El primer ensayo tuvo lugar el pasado s\u00e1bado d\u00eda 15 de marzo. En tal ocasi\u00f3n portamos nuestro paso por las calles aleda\u00f1as, teniendo as\u00ed una primera toma de contacto tras los trabajos que se han llevado a cabo para restarle peso.<\/p>\n<p>Este pr\u00f3ximo viernes,21 de marzo, tendr\u00e1 lugar el segundo ensayo a las 21:30 horas, en el Centro de Atenci\u00f3n al Peregrino (CAP), situado en el Llano de Palacio.<\/p>\n<p style=\"text-align: justify;\">La Cofrad\u00eda anima, a todos aquellos que as\u00ed lo deseen, a salir de costaleros, y acompa\u00f1ar a nuestros Sagrados Titulares.<\/p>\n","protected":false},"excerpt":{"rendered":"<p>Una vez realizada el martes d\u00eda 11 la reuni\u00f3n de costaleros, qued\u00f3 programada toda la actividad que hemos de llevar a cabo de cara a la pr\u00f3xima Semana Santa. Por ello la Cofrad\u00eda cita a sus hermanos costaleros, que portaran a nuestro Crucificado Cristo de Zacatecas y a nuestra Madre Mar\u00eda Sant\u00edsima del Socorro por [&#038;hellip<\/p>\n","protected":false},"author":1,"featured_media":656,"comment_status":"closed","ping_status":"open","sticky":false,"template":"","format":"standard","meta":{"advanced_seo_description":"","spay_email":"","jetpack_publicize_message":"","jetpack_is_tweetstorm":false},"categories":[5],"tags":[4],"jetpack_featured_media_url":"https:\/\/i0.wp.com\/veracruzdemontilla.com\/wp-content\/uploads\/2014\/03\/costaleros.jpg?fit=640%2C400","jetpack_publicize_connections":[],"wpmagazine_modules_lite_featured_media_urls":{"thumbnail":["https:\/\/i0.wp.com\/veracruzdemontilla.com\/wp-content\/uploads\/2014\/03\/costaleros.jpg?resize=150%2C150",150,150,true],"cvmm-medium":["https:\/\/i0.wp.com\/veracruzdemontilla.com\/wp-content\/uploads\/2014\/03\/costaleros.jpg?resize=300%2C300",300,300,true],"cvmm-medium-plus":["https:\/\/i0.wp.com\/veracruzdemontilla.com\/wp-content\/uploads\/2014\/03\/costaleros.jpg?resize=305%2C207",305,207,true],"cvmm-portrait":["https:\/\/i0.wp.com\/veracruzdemontilla.com\/wp-content\/uploads\/2014\/03\/costaleros.jpg?resize=400%2C400",400,400,true],"cvmm-medium-square":["https:\/\/i0.wp.com\/veracruzdemontilla.com\/wp-content\/uploads\/2014\/03\/costaleros.jpg?resize=600%2C400",600,400,true],"cvmm-large":["https:\/\/i0.wp.com\/veracruzdemontilla.com\/wp-content\/uploads\/2014\/03\/costaleros.jpg?resize=640%2C400",640,400,true],"cvmm-small":["https:\/\/i0.wp.com\/veracruzdemontilla.com\/wp-content\/uploads\/2014\/03\/costaleros.jpg?resize=130%2C95",130,95,true],"full":["https:\/\/i0.wp.com\/veracruzdemontilla.com\/wp-content\/uploads\/2014\/03\/costaleros.jpg?fit=640%2C400",640,400,false]},"categories_names":{"5":{"name":"Actualidad","link":"http:\/\/veracruzdemontilla.com\/?cat=5"}},"tags_names":{"4":{"name":"Favoritos","link":"http:\/\/veracruzdemontilla.com\/?tag=favoritos"}},"comments_number":"0","jetpack_sharing_enabled":true,"jetpack_shortlink":"https:\/\/wp.me\/p9INPk-az","jetpack_likes_enabled":true,"jetpack-related-posts":[{"id":691,"url":"http:\/\/veracruzdemontilla.com\/?p=691","url_meta":{"origin":655,"position":0},"title":"Nuevo ensayo de costaleros","date":"4 abril, 2014","format":false,"excerpt":"Recordamos a todos los costaleros del Santo Cristo de Zacatecas y Santa Mar\u00eda del Socorro, que el pasado viernes, qued\u00f3 programado el cuarto\u00a0ensayo para hoy viernes 4 de abril. \u00a0Recordamos a todos la importancia que tiene vuestra asistencia, ya que portaremos nuestro paso por las calles aleda\u00f1as, teniendo as\u00ed una\u2026","rel":"","context":"En \u00abActualidad\u00bb","img":{"alt_text":"","src":"https:\/\/i2.wp.com\/veracruzdemontilla.com\/wp-content\/uploads\/2014\/04\/ensayo.jpg?fit=640%2C400&resize=350%2C200","width":350,"height":200},"classes":[]},{"id":1347,"url":"http:\/\/veracruzdemontilla.com\/?p=1347","url_meta":{"origin":655,"position":1},"title":"V\u00eda Crucis del Sant\u00edsimo Cristo de Zacatecas","date":"4 abril, 2017","format":false,"excerpt":"El pr\u00f3ximo s\u00e1bado, 8\u00a0de abril, \u00a0tendr\u00e1 lugar el V\u00eda Crucis de nuestro Titular, dando comienzo a las 20:30\u00a0de la noche, y realizando su recorrido, a hombros de nuestros costaleros, por diversas calles del popular barrio de La Escuchuela. El cortejo ser\u00e1\u00a0acompa\u00f1ado por nuestros hermanos y todos aquellos devotos y vecinos\u2026","rel":"","context":"En \u00abActualidad\u00bb","img":{"alt_text":"","src":"https:\/\/i2.wp.com\/veracruzdemontilla.com\/wp-content\/uploads\/2017\/04\/17.jpg?fit=640%2C400&resize=350%2C200","width":350,"height":200},"classes":[]},{"id":1066,"url":"http:\/\/veracruzdemontilla.com\/?p=1066","url_meta":{"origin":655,"position":2},"title":"V\u00eda Crucis del Sant\u00edsimo Cristo de Zacatecas","date":"28 marzo, 2015","format":false,"excerpt":"Hoy s\u00e1bado, 28\u00a0de marzo, \u00a0tendr\u00e1 lugar el V\u00eda Crucis de nuestro Titular, dando comienzo a las 20:30\u00a0de la noche, y realizando su recorrido, a hombros de nuestros costaleros, por diversas calles del popular barrio de La Escuchuela. \u00a0 El cortejo ser\u00e1\u00a0acompa\u00f1ado por nuestros hermanos y todos aquellos devotos y vecinos\u2026","rel":"","context":"En \u00abActualidad\u00bb","img":{"alt_text":"","src":"https:\/\/i0.wp.com\/veracruzdemontilla.com\/wp-content\/uploads\/2015\/03\/viacrucis01.jpg?fit=640%2C400&resize=350%2C200","width":350,"height":200},"classes":[]},{"id":304,"url":"http:\/\/veracruzdemontilla.com\/?p=304","url_meta":{"origin":655,"position":3},"title":"Pr\u00f3xima Reuni\u00f3n de Costaleros","date":"6 septiembre, 2013","format":false,"excerpt":"El jueves d\u00eda 12 de septiembre, la Cofrad\u00eda de la Santa Vera Cruz, va a realizar una primera toma de contacto entre costaleros y la nueva Junta de Gobierno, con el objetivo de ir preparando las pr\u00f3ximas actividades de nuestra Cofrad\u00eda. Motivo por lo que recuerdan la gran importancia de\u2026","rel":"","context":"En \u00abActualidad\u00bb","img":{"alt_text":"","src":"https:\/\/i0.wp.com\/veracruzdemontilla.com\/wp-content\/uploads\/2013\/09\/reunion.jpg?fit=640%2C400&resize=350%2C200","width":350,"height":200},"classes":[]},{"id":2149,"url":"http:\/\/veracruzdemontilla.com\/?p=2149","url_meta":{"origin":655,"position":4},"title":"A la espera de un nuevo Martes Santo","date":"8 abril, 2025","format":false,"excerpt":"Solo una semana para otro Martes Santo. El pr\u00f3ximo 15 de abril (D.m.) las puertas de la Parroquia de Santiago volver\u00e1n a abrirse para inaugurar un nuevo Martes Santo cuando el trono en el que procesionan el Santo Cristo de Zacatecas y Santa Mar\u00eda del Socorro, Madre de Dios y\u2026","rel":"","context":"En \u00abMartes Santo\u00bb","img":{"alt_text":"","src":"https:\/\/i2.wp.com\/veracruzdemontilla.com\/wp-content\/uploads\/2025\/04\/Martes-Santo-2025.jpg?fit=960%2C1200&resize=350%2C200","width":350,"height":200},"classes":[]},{"id":81,"url":"http:\/\/veracruzdemontilla.com\/?p=81","url_meta":{"origin":655,"position":5},"title":"Paella de costaleros","date":"6 febrero, 2010","format":false,"excerpt":"El pr\u00f3ximo s\u00e1bado d\u00eda 13 de febrero los costaleros de la Cofrad\u00eda de la Vera Cruz est\u00e1is invitados a la convivencia que tendr\u00e1 lugar en la nave de nuestro hermano Javi Garc\u00eda (Pormacor), donde podremos degustar una exquisita paella de manos de nuestro hermano Domingo Cubero.\u00a1Os esperamos!","rel":"","context":"En \u00abSin categor\u00eda\u00bb","img":{"alt_text":"","src":"","width":0,"height":0},"classes":[]}],"_links":{"self":[{"href":"http:\/\/veracruzdemontilla.com\/index.php?rest_route=\/wp\/v2\/posts\/655"}],"collection":[{"href":"http:\/\/veracruzdemontilla.com\/index.php?rest_route=\/wp\/v2\/posts"}],"about":[{"href":"http:\/\/veracruzdemontilla.com\/index.php?rest_route=\/wp\/v2\/types\/post"}],"author":[{"embeddable":true,"href":"http:\/\/veracruzdemontilla.com\/index.php?rest_route=\/wp\/v2\/users\/1"}],"replies":[{"embeddable":true,"href":"http:\/\/veracruzdemontilla.com\/index.php?rest_route=%2Fwp%2Fv2%2Fcomments&post=655"}],"version-history":[{"count":3,"href":"http:\/\/veracruzdemontilla.com\/index.php?rest_route=\/wp\/v2\/posts\/655\/revisions"}],"predecessor-version":[{"id":659,"href":"http:\/\/veracruzdemontilla.com\/index.php?rest_route=\/wp\/v2\/posts\/655\/revisions\/659"}],"wp:featuredmedia":[{"embeddable":true,"href":"http:\/\/veracruzdemontilla.com\/index.php?rest_route=\/wp\/v2\/media\/656"}],"wp:attachment":[{"href":"http:\/\/veracruzdemontilla.com\/index.php?rest_route=%2Fwp%2Fv2%2Fmedia&parent=655"}],"wp:term":[{"taxonomy":"category","embeddable":true,"href":"http:\/\/veracruzdemontilla.com\/index.php?rest_route=%2Fwp%2Fv2%2Fcategories&post=655"},{"taxonomy":"post_tag","embeddable":true,"href":"http:\/\/veracruzdemontilla.com\/index.php?rest_route=%2Fwp%2Fv2%2Ftags&post=655"}],"curies":[{"name":"wp","href":"https:\/\/api.w.org\/{rel}","templated":true}]}}