{"id":646,"date":"2014-03-05T19:37:12","date_gmt":"2014-03-05T18:37:12","guid":{"rendered":"http:\/\/veracruzdemontilla.com\/?p=646"},"modified":"2014-03-05T19:37:12","modified_gmt":"2014-03-05T18:37:12","slug":"hoy-miercoles-comiezan-nuestros-cultos-cuaresmales","status":"publish","type":"post","link":"http:\/\/veracruzdemontilla.com\/?p=646","title":{"rendered":"Hoy mi\u00e9rcoles comiezan nuestros cultos cuaresmales"},"content":{"rendered":"<p style=\"text-align: justify;\">Iniciamos hoy, Mi\u00e9rcoles de Ceniza, los cultos cuaresmales en honor a nuestros sagrados titulares en la Bas\u00edlica Pontificia de San Juan de \u00c1vila.<\/p>\n<p style=\"text-align: justify;\">Al encontrarse en obras nuestra sede can\u00f3nica, el solemne quinario tendr\u00e1 lugar, de forma excepcional este a\u00f1o, en el templo de la calle Corredera, con la celebraci\u00f3n de la eucarist\u00eda a partir de las 20:30 de la tarde (mi\u00e9rcoles, jueves y viernes), siendo a partir de las 19:30, el s\u00e1bado y el domingo.<\/p>\n<p style=\"text-align: justify;\">Ser\u00e1 en este \u00faltimo d\u00eda (primero de Cuaresma) de nuestro solemne quinario cuando celebremos igualmente, nuestra Funci\u00f3n Principal de Regla, que ser\u00e1 cantada por la Escolan\u00eda de San Juan de \u00c1vila.<\/p>\n","protected":false},"excerpt":{"rendered":"<p>Iniciamos hoy, Mi\u00e9rcoles de Ceniza, los cultos cuaresmales en honor a nuestros sagrados titulares en la Bas\u00edlica Pontificia de San Juan de \u00c1vila. Al encontrarse en obras nuestra sede can\u00f3nica, el solemne quinario tendr\u00e1 lugar, de forma excepcional este a\u00f1o, en el templo de la calle Corredera, con la celebraci\u00f3n de la eucarist\u00eda a partir [&#038;hellip<\/p>\n","protected":false},"author":1,"featured_media":647,"comment_status":"closed","ping_status":"open","sticky":false,"template":"","format":"standard","meta":{"advanced_seo_description":"","spay_email":"","jetpack_publicize_message":"","jetpack_is_tweetstorm":false},"categories":[5],"tags":[4],"jetpack_featured_media_url":"https:\/\/i2.wp.com\/veracruzdemontilla.com\/wp-content\/uploads\/2014\/03\/actoscuaresma.jpg?fit=640%2C400","jetpack_publicize_connections":[],"wpmagazine_modules_lite_featured_media_urls":{"thumbnail":["https:\/\/i2.wp.com\/veracruzdemontilla.com\/wp-content\/uploads\/2014\/03\/actoscuaresma.jpg?resize=150%2C150",150,150,true],"cvmm-medium":["https:\/\/i2.wp.com\/veracruzdemontilla.com\/wp-content\/uploads\/2014\/03\/actoscuaresma.jpg?resize=300%2C300",300,300,true],"cvmm-medium-plus":["https:\/\/i2.wp.com\/veracruzdemontilla.com\/wp-content\/uploads\/2014\/03\/actoscuaresma.jpg?resize=305%2C207",305,207,true],"cvmm-portrait":["https:\/\/i2.wp.com\/veracruzdemontilla.com\/wp-content\/uploads\/2014\/03\/actoscuaresma.jpg?resize=400%2C400",400,400,true],"cvmm-medium-square":["https:\/\/i2.wp.com\/veracruzdemontilla.com\/wp-content\/uploads\/2014\/03\/actoscuaresma.jpg?resize=600%2C400",600,400,true],"cvmm-large":["https:\/\/i2.wp.com\/veracruzdemontilla.com\/wp-content\/uploads\/2014\/03\/actoscuaresma.jpg?resize=640%2C400",640,400,true],"cvmm-small":["https:\/\/i2.wp.com\/veracruzdemontilla.com\/wp-content\/uploads\/2014\/03\/actoscuaresma.jpg?resize=130%2C95",130,95,true],"full":["https:\/\/i2.wp.com\/veracruzdemontilla.com\/wp-content\/uploads\/2014\/03\/actoscuaresma.jpg?fit=640%2C400",640,400,false]},"categories_names":{"5":{"name":"Actualidad","link":"http:\/\/veracruzdemontilla.com\/?cat=5"}},"tags_names":{"4":{"name":"Favoritos","link":"http:\/\/veracruzdemontilla.com\/?tag=favoritos"}},"comments_number":"0","jetpack_sharing_enabled":true,"jetpack_shortlink":"https:\/\/wp.me\/p9INPk-aq","jetpack_likes_enabled":true,"jetpack-related-posts":[{"id":1572,"url":"http:\/\/veracruzdemontilla.com\/?p=1572","url_meta":{"origin":646,"position":0},"title":"El Quinario del Cristo de Zacatecas da comienzo a la cuaresma montillana","date":"25 febrero, 2019","format":false,"excerpt":"El pr\u00f3ximo d\u00eda 6 de marzo, Mi\u00e9rcoles de Ceniza, dar\u00e1n comienzo los cultos cuaresmales de la Cofrad\u00eda de la Santa Vera Cruz en honor de sus Sagrados Titulares, el Santo Cristo crucificado de Zacatecas y Santa Mar\u00eda del Socorro, Madre de Dios y Se\u00f1ora Nuestra. Con el Solemne Quinario da\u2026","rel":"","context":"En \u00abActualidad\u00bb","img":{"alt_text":"","src":"https:\/\/i1.wp.com\/veracruzdemontilla.com\/wp-content\/uploads\/2019\/02\/cartel-QUINARIO-copia-2019.jpg?fit=827%2C1200&resize=350%2C200","width":350,"height":200},"classes":[]},{"id":1022,"url":"http:\/\/veracruzdemontilla.com\/?p=1022","url_meta":{"origin":646,"position":1},"title":"Actos y Cultos Cuaresma 2015 &#8211; Solemne Quinario","date":"10 febrero, 2015","format":false,"excerpt":"Pr\u00f3xima est\u00e1 ya la Cuaresma, ese tiempo lit\u00fargico que la Iglesia nos marca para prepararnos a la gran fiesta de la Pascua. Por ello, me dirijo a vosotros a trav\u00e9s de estas l\u00edneas un a\u00f1o m\u00e1s, para de esta forma, invitaros y haceros part\u00edcipes de todos los actos que nuestra\u2026","rel":"","context":"En \u00abActualidad\u00bb","img":{"alt_text":"","src":"https:\/\/i0.wp.com\/veracruzdemontilla.com\/wp-content\/uploads\/2015\/02\/IMG_235220045376588-600x375.jpeg?fit=640%2C400&resize=350%2C200","width":350,"height":200},"classes":[]},{"id":627,"url":"http:\/\/veracruzdemontilla.com\/?p=627","url_meta":{"origin":646,"position":2},"title":"Actos Culturales y Religiosos","date":"25 febrero, 2014","format":false,"excerpt":"Querido hermano: Se acerca la Cuaresma, un per\u00edodo de reflexi\u00f3n y preparaci\u00f3n para renovar nuestro compromiso como cristianos y acercarnos as\u00ed al misterio de la Pasi\u00f3n, Muerte y Resurrecci\u00f3n de Nuestro Se\u00f1or Jesucristo. Comienza, por tanto, la cuenta atr\u00e1s que nos conducir\u00e1 hasta el martes 15 de abril, d\u00eda ansiado\u2026","rel":"","context":"En \u00abActualidad\u00bb","img":{"alt_text":"","src":"https:\/\/i2.wp.com\/veracruzdemontilla.com\/wp-content\/uploads\/2014\/02\/actos20141.jpg?fit=640%2C400&resize=350%2C200","width":350,"height":200},"classes":[]},{"id":1270,"url":"http:\/\/veracruzdemontilla.com\/?p=1270","url_meta":{"origin":646,"position":3},"title":"Actos y Cultos Cuaresma 2016 &#8211; Solemne Quinario","date":"8 febrero, 2016","format":false,"excerpt":"Podemos decir que estamos\u00a0ya en Cuaresma, ese tiempo lit\u00fargico que la Iglesia nos marca para prepararnos a la gran fiesta de la Pascua. Por ello, un a\u00f1o m\u00e1s,\u00a0desde la Cofrad\u00eda Penitencial de la Santa Vera Cruz, queremos\u00a0invitaros y haceros part\u00edcipes de todos los actos que nuestra Cofrad\u00eda celebrar\u00e1 en estos\u2026","rel":"","context":"En \u00abActualidad\u00bb","img":{"alt_text":"","src":"https:\/\/i2.wp.com\/veracruzdemontilla.com\/wp-content\/uploads\/2016\/02\/quinario2016.jpg?fit=640%2C917&resize=350%2C200","width":350,"height":200},"classes":[]},{"id":1266,"url":"http:\/\/veracruzdemontilla.com\/?p=1266","url_meta":{"origin":646,"position":4},"title":"Carta de nuestro Hermano Mayor","date":"29 enero, 2016","format":false,"excerpt":"Estimado\/a hermano\/a, Como cada a\u00f1o, pr\u00f3ximo al inicio de la Cuaresma, me dirijo a ti para informarte de todas las actividades que nuestra Cofrad\u00eda llevar\u00e1 a cabo durante este tiempo lit\u00fargico que estamos a punto de comenzar. Sin lugar a dudas, estas actividades, de las que queremos hacerte part\u00edcipe, nos\u2026","rel":"","context":"En \u00abActualidad\u00bb","img":{"alt_text":"","src":"https:\/\/i1.wp.com\/veracruzdemontilla.com\/wp-content\/uploads\/2016\/01\/cuaresma2016.jpg?fit=640%2C400&resize=350%2C200","width":350,"height":200},"classes":[]},{"id":84,"url":"http:\/\/veracruzdemontilla.com\/?p=84","url_meta":{"origin":646,"position":5},"title":"Solemne Quinario","date":"7 enero, 2010","format":false,"excerpt":"El Solemne Quinario es, junto con la Estaci\u00f3n de Penitencia, el culto p\u00fablico fundamental que la Cofrad\u00eda de la Santa Vera Cruz dedica a nuestros Sagrados Titulares. En este Quinario, que cada a\u00f1o se celebra con el inicio de la Cuaresma el Mi\u00e9rcoles de Ceniza, los hermanos de la Vera\u2026","rel":"","context":"En \u00abSin categor\u00eda\u00bb","img":{"alt_text":"","src":"https:\/\/i2.wp.com\/veracruzdemontilla.com\/wp-content\/uploads\/2010\/01\/20250309-VeraCruz-MisaRegla-6-1024x683.jpg?resize=350%2C200","width":350,"height":200},"classes":[]}],"_links":{"self":[{"href":"http:\/\/veracruzdemontilla.com\/index.php?rest_route=\/wp\/v2\/posts\/646"}],"collection":[{"href":"http:\/\/veracruzdemontilla.com\/index.php?rest_route=\/wp\/v2\/posts"}],"about":[{"href":"http:\/\/veracruzdemontilla.com\/index.php?rest_route=\/wp\/v2\/types\/post"}],"author":[{"embeddable":true,"href":"http:\/\/veracruzdemontilla.com\/index.php?rest_route=\/wp\/v2\/users\/1"}],"replies":[{"embeddable":true,"href":"http:\/\/veracruzdemontilla.com\/index.php?rest_route=%2Fwp%2Fv2%2Fcomments&post=646"}],"version-history":[{"count":1,"href":"http:\/\/veracruzdemontilla.com\/index.php?rest_route=\/wp\/v2\/posts\/646\/revisions"}],"predecessor-version":[{"id":648,"href":"http:\/\/veracruzdemontilla.com\/index.php?rest_route=\/wp\/v2\/posts\/646\/revisions\/648"}],"wp:featuredmedia":[{"embeddable":true,"href":"http:\/\/veracruzdemontilla.com\/index.php?rest_route=\/wp\/v2\/media\/647"}],"wp:attachment":[{"href":"http:\/\/veracruzdemontilla.com\/index.php?rest_route=%2Fwp%2Fv2%2Fmedia&parent=646"}],"wp:term":[{"taxonomy":"category","embeddable":true,"href":"http:\/\/veracruzdemontilla.com\/index.php?rest_route=%2Fwp%2Fv2%2Fcategories&post=646"},{"taxonomy":"post_tag","embeddable":true,"href":"http:\/\/veracruzdemontilla.com\/index.php?rest_route=%2Fwp%2Fv2%2Ftags&post=646"}],"curies":[{"name":"wp","href":"https:\/\/api.w.org\/{rel}","templated":true}]}}