{"id":642,"date":"2014-03-02T13:31:16","date_gmt":"2014-03-02T12:31:16","guid":{"rendered":"http:\/\/veracruzdemontilla.com\/?p=642"},"modified":"2014-03-02T13:31:16","modified_gmt":"2014-03-02T12:31:16","slug":"la-basilica-enviara-informacion-a-toda-espana","status":"publish","type":"post","link":"http:\/\/veracruzdemontilla.com\/?p=642","title":{"rendered":"La Bas\u00edlica enviar\u00e1 informaci\u00f3n a toda Espa\u00f1a"},"content":{"rendered":"<p style=\"text-align: justify;\">El Trienio jubilar contin\u00faa y para ello nuevas iniciativas con las que seguir atrayendo peregrinos a Montilla, para que conozcan al Santo Maestro.<\/p>\n<p style=\"text-align: justify;\">De ah\u00ed que en los \u00faltimos d\u00edas, se hayan elaborado los carteles anunciadores del Trienio jubilar junto a <a href=\"http:\/\/www.veracruzdemontilla.com\/videos\/plano-callejero.pdf\">una gu\u00eda del peregrino y d\u00edpticos informativos<\/a>. Unos documentos que ser\u00e1n enviados a todas las parroquias de Espa\u00f1a en los pr\u00f3ximos d\u00edas.<\/p>\n<p style=\"text-align: justify;\"><span style=\"line-height: 1.5em;\">Mientras tanto, contin\u00faan llegando grupos de peregrinos a los pies del sepulcro del Santo Maestro. El pasado jueves 20 estuvieron los alumnos del Colegio de Educaci\u00f3n Especial \u201cNi\u00f1o Jes\u00fas\u201d de las Hijas de la Caridad de Cabra, y el domingo 23, se desplazaron dos autobuses de Almod\u00f3var del R\u00edo, acompa\u00f1ados por el p\u00e1rroco Adolfo Ariza -presentes en la fotograf\u00eda de la noticia-.<\/span><\/p>\n","protected":false},"excerpt":{"rendered":"<p>El Trienio jubilar contin\u00faa y para ello nuevas iniciativas con las que seguir atrayendo peregrinos a Montilla, para que conozcan al Santo Maestro. De ah\u00ed que en los \u00faltimos d\u00edas, se hayan elaborado los carteles anunciadores del Trienio jubilar junto a una gu\u00eda del peregrino y d\u00edpticos informativos. Unos documentos que ser\u00e1n enviados a todas [&#038;hellip<\/p>\n","protected":false},"author":1,"featured_media":643,"comment_status":"closed","ping_status":"open","sticky":false,"template":"","format":"standard","meta":{"advanced_seo_description":"","spay_email":"","jetpack_publicize_message":"","jetpack_is_tweetstorm":false},"categories":[5],"tags":[],"jetpack_featured_media_url":"https:\/\/i2.wp.com\/veracruzdemontilla.com\/wp-content\/uploads\/2014\/03\/Trienio-1.jpg?fit=640%2C400","jetpack_publicize_connections":[],"wpmagazine_modules_lite_featured_media_urls":{"thumbnail":["https:\/\/i2.wp.com\/veracruzdemontilla.com\/wp-content\/uploads\/2014\/03\/Trienio-1.jpg?resize=150%2C150",150,150,true],"cvmm-medium":["https:\/\/i2.wp.com\/veracruzdemontilla.com\/wp-content\/uploads\/2014\/03\/Trienio-1.jpg?resize=300%2C300",300,300,true],"cvmm-medium-plus":["https:\/\/i2.wp.com\/veracruzdemontilla.com\/wp-content\/uploads\/2014\/03\/Trienio-1.jpg?resize=305%2C207",305,207,true],"cvmm-portrait":["https:\/\/i2.wp.com\/veracruzdemontilla.com\/wp-content\/uploads\/2014\/03\/Trienio-1.jpg?resize=400%2C400",400,400,true],"cvmm-medium-square":["https:\/\/i2.wp.com\/veracruzdemontilla.com\/wp-content\/uploads\/2014\/03\/Trienio-1.jpg?resize=600%2C400",600,400,true],"cvmm-large":["https:\/\/i2.wp.com\/veracruzdemontilla.com\/wp-content\/uploads\/2014\/03\/Trienio-1.jpg?resize=640%2C400",640,400,true],"cvmm-small":["https:\/\/i2.wp.com\/veracruzdemontilla.com\/wp-content\/uploads\/2014\/03\/Trienio-1.jpg?resize=130%2C95",130,95,true],"full":["https:\/\/i2.wp.com\/veracruzdemontilla.com\/wp-content\/uploads\/2014\/03\/Trienio-1.jpg?fit=640%2C400",640,400,false]},"categories_names":{"5":{"name":"Actualidad","link":"http:\/\/veracruzdemontilla.com\/?cat=5"}},"tags_names":[],"comments_number":"0","jetpack_sharing_enabled":true,"jetpack_shortlink":"https:\/\/wp.me\/p9INPk-am","jetpack_likes_enabled":true,"jetpack-related-posts":[{"id":1192,"url":"http:\/\/veracruzdemontilla.com\/?p=1192","url_meta":{"origin":642,"position":0},"title":"Clausura del Trienio Jubilar en honor de San Juan de \u00c1vila en Montilla","date":"14 octubre, 2015","format":false,"excerpt":"El pasado lunes, 12 de octubre, celebramos la clausura del Trienio Jubilar en honor de San Juan de \u00c1vila\u00a0despu\u00e9s de que el d\u00eda 7 de octubre de 2012 el Papa Benedicto XVI lo declarara Doctor de la Iglesia Universal, presentando al Doctor del Amor divino y del sacerdocio como paradigma\u2026","rel":"","context":"En \u00abActualidad\u00bb","img":{"alt_text":"","src":"https:\/\/i0.wp.com\/veracruzdemontilla.com\/wp-content\/uploads\/2015\/10\/MG_35101b.jpg?fit=640%2C400&resize=350%2C200","width":350,"height":200},"classes":[]},{"id":460,"url":"http:\/\/veracruzdemontilla.com\/?p=460","url_meta":{"origin":642,"position":1},"title":"El Vaticano prorroga hasta 2015 el A\u00f1o jubilar","date":"20 octubre, 2013","format":"video","excerpt":"El pasado 10 de octubre, la\u00a0Santa Sede\u00a0comunic\u00f3 al\u00a0obispo de C\u00f3rdoba, monse\u00f1or\u00a0Demetrio Fern\u00e1ndez, que prolongaba el\u00a0A\u00f1o Jubilar de San Juan de \u00c1vila\u00a0dos a\u00f1os m\u00e1s. \u00abSe trata de un hecho singular y poco habitual\u00bb, seg\u00fan explica en su web la Di\u00f3cesis de C\u00f3rdoba. As\u00ed,\u00a0Montilla\u00a0vivir\u00e1 un\u00a0Trienio Jubilar\u00a0como consecuencia de la declaraci\u00f3n, el pasado\u2026","rel":"","context":"En \u00abActualidad\u00bb","img":{"alt_text":"","src":"https:\/\/i2.wp.com\/veracruzdemontilla.com\/wp-content\/uploads\/2013\/10\/san-juan-avila-644-644x362.jpg?fit=644%2C362&resize=350%2C200","width":350,"height":200},"classes":[]},{"id":359,"url":"http:\/\/veracruzdemontilla.com\/?p=359","url_meta":{"origin":642,"position":2},"title":"San Juan de \u00c1vila, en su A\u00f1o Jubilar, que est\u00e1 acabando, \u00abha desbordado las previsiones\u00bb","date":"23 septiembre, 2013","format":false,"excerpt":"El obispo de C\u00f3rdoba, Demetrio Fern\u00e1ndez, considera que el A\u00f1o Jubilar dedicado a San Juan de \u00c1vila, santo predicador y maestros del siglo XVI, que concluye en octubre, \"ha demostrado\" que el Doctor de la Iglesia \"es un personaje de primer\u00edsima categor\u00eda, en la Iglesia y en la sociedad\". El\u2026","rel":"","context":"En \u00abActualidad\u00bb","img":{"alt_text":"","src":"https:\/\/i0.wp.com\/veracruzdemontilla.com\/wp-content\/uploads\/2013\/09\/demetrio.jpg?fit=827%2C519&resize=350%2C200","width":350,"height":200},"classes":[]},{"id":777,"url":"http:\/\/veracruzdemontilla.com\/?p=777","url_meta":{"origin":642,"position":3},"title":"Un nuevo A\u00f1o jubilar en Espa\u00f1a","date":"30 abril, 2014","format":false,"excerpt":"El Papa Francisco ha concedido la gracia de A\u00f1o Jubilar Teresiano para todas las di\u00f3cesis de Espa\u00f1a, desde el d\u00eda 15 de octubre de 2014 hasta el 15 de octubre de 2015, con el fin de celebrar con solemnidad el V Centenario del nacimiento de Santa Teresa de Jes\u00fas. De\u2026","rel":"","context":"En \u00abActualidad\u00bb","img":{"alt_text":"","src":"https:\/\/i0.wp.com\/veracruzdemontilla.com\/wp-content\/uploads\/2014\/04\/PAPA-FRANCISCO.jpg?fit=640%2C400&resize=350%2C200","width":350,"height":200},"classes":[]},{"id":83,"url":"http:\/\/veracruzdemontilla.com\/?p=83","url_meta":{"origin":642,"position":4},"title":"Salida Extraordinaria del Santo Cristo de Zacatecas","date":"8 enero, 2010","format":false,"excerpt":"Estaci\u00f3n Jubilar de las cofrad\u00edas montillanas a la Iglesia de San Francisco Solano2010 es un a\u00f1o excepcional para Montilla. El 14 de julio se cumplir\u00e1n cuatrocientos a\u00f1os de que Fray Francisco Solano rindiese su fatigado cuerpo en a tierra para que su alma embarcara en el nav\u00edo de su tr\u00e1nsito\u2026","rel":"","context":"En \u00abSin categor\u00eda\u00bb","img":{"alt_text":"","src":"","width":0,"height":0},"classes":[]},{"id":2417,"url":"http:\/\/veracruzdemontilla.com\/?p=2417","url_meta":{"origin":642,"position":5},"title":"V\u00eda Crucis Magno: 600 a\u00f1os de oraci\u00f3n desde Scala Coeli","date":"11 julio, 2025","format":false,"excerpt":"C\u00f3rdoba se prepara para vivir un acontecimiento hist\u00f3rico y espiritual sin precedentes: el Magno V\u00eda Crucis 2025.\u00a0En el marco del A\u00f1o Jubilar \u201cPeregrinos de Esperanza\u201d y conmemorando los 600 a\u00f1os del inicio del rezo del V\u00eda Crucis en Occidente por el Beato \u00c1lvaro de C\u00f3rdoba, la ciudad celebrar\u00e1 un evento\u2026","rel":"","context":"En \u00abMagno V\u00eda Crucis\u00bb","img":{"alt_text":"","src":"https:\/\/i0.wp.com\/veracruzdemontilla.com\/wp-content\/uploads\/2025\/07\/Dossier-Magno-Via-Crucis-2025_Pagina_1-scaled.jpg?fit=848%2C1200&resize=350%2C200","width":350,"height":200},"classes":[]}],"_links":{"self":[{"href":"http:\/\/veracruzdemontilla.com\/index.php?rest_route=\/wp\/v2\/posts\/642"}],"collection":[{"href":"http:\/\/veracruzdemontilla.com\/index.php?rest_route=\/wp\/v2\/posts"}],"about":[{"href":"http:\/\/veracruzdemontilla.com\/index.php?rest_route=\/wp\/v2\/types\/post"}],"author":[{"embeddable":true,"href":"http:\/\/veracruzdemontilla.com\/index.php?rest_route=\/wp\/v2\/users\/1"}],"replies":[{"embeddable":true,"href":"http:\/\/veracruzdemontilla.com\/index.php?rest_route=%2Fwp%2Fv2%2Fcomments&post=642"}],"version-history":[{"count":1,"href":"http:\/\/veracruzdemontilla.com\/index.php?rest_route=\/wp\/v2\/posts\/642\/revisions"}],"predecessor-version":[{"id":644,"href":"http:\/\/veracruzdemontilla.com\/index.php?rest_route=\/wp\/v2\/posts\/642\/revisions\/644"}],"wp:featuredmedia":[{"embeddable":true,"href":"http:\/\/veracruzdemontilla.com\/index.php?rest_route=\/wp\/v2\/media\/643"}],"wp:attachment":[{"href":"http:\/\/veracruzdemontilla.com\/index.php?rest_route=%2Fwp%2Fv2%2Fmedia&parent=642"}],"wp:term":[{"taxonomy":"category","embeddable":true,"href":"http:\/\/veracruzdemontilla.com\/index.php?rest_route=%2Fwp%2Fv2%2Fcategories&post=642"},{"taxonomy":"post_tag","embeddable":true,"href":"http:\/\/veracruzdemontilla.com\/index.php?rest_route=%2Fwp%2Fv2%2Ftags&post=642"}],"curies":[{"name":"wp","href":"https:\/\/api.w.org\/{rel}","templated":true}]}}