{"id":639,"date":"2014-02-27T16:32:34","date_gmt":"2014-02-27T15:32:34","guid":{"rendered":"http:\/\/veracruzdemontilla.com\/?p=639"},"modified":"2014-02-27T16:32:34","modified_gmt":"2014-02-27T15:32:34","slug":"conferencia-sobre-la-restauracion-del-apostolado-de-jose-garnelo-y-alda","status":"publish","type":"post","link":"http:\/\/veracruzdemontilla.com\/?p=639","title":{"rendered":"Conferencia sobre la restauraci\u00f3n del Apostolado de Jos\u00e9 Garnelo y Alda"},"content":{"rendered":"<p style=\"text-align: justify;\" align=\"JUSTIFY\">Hoy <strong>jueves 27 de febrero, a las 20,30 hrs.,<\/strong> tendr\u00e1 lugar en el <strong>patio interior del Museo Garnelo (Casa de las Aguas)<\/strong> una conferencia a cargo del Secretario de nuestra Cofrad\u00eda,\u00a0<strong>Rafael Portero de la Torre<\/strong>, Conservador-Restaurador de Bienes Culturales, con el t\u00edtulo: \u201cLa restauraci\u00f3n del Apostolado de Garnelo\u201d. En la conferencia se mostrar\u00e1 \u2013a trav\u00e9s de fotograf\u00edas- el tratamiento de que han sido objeto estos admirables lienzos, pintados por Garnelo en 1929, para ser ubicados en las columnas del templo parroquial de Santiago y, en la actualidad, presentes en una exposici\u00f3n temporal en el Museo Garnelo.<\/p>\n<p style=\"text-align: justify;\" align=\"JUSTIFY\">Con motivo de las obras de rehabilitaci\u00f3n en la Iglesia de Santiago, el Apostolado completo abandon\u00f3 su lugar en el templo, para mostrarse en las galer\u00edas del patio interior de la Casa de las Aguas, en una exposici\u00f3n inaugurada el 25 de octubre de 2013. En principio, la exposici\u00f3n concluir\u00eda el 25 de diciembre de 2013, pero ha disfrutado de una pr\u00f3rroga que ya est\u00e1 a punto de finalizar.<\/p>\n<p style=\"text-align: justify;\" align=\"JUSTIFY\">La restauraci\u00f3n del Apostolado ha sido financiada \u00edntegramente por los Amigos del Museo Garnelo as\u00ed como la organizaci\u00f3n y puesta en escena de la exposici\u00f3n, que todav\u00eda hoy se puede admirar en la Casa de las Aguas.<\/p>\n<p style=\"text-align: justify;\" align=\"JUSTIFY\">En el mismo acto, se presentar\u00e1 el libro \u201cEl Apostolado de Jos\u00e9 Garnelo y Alda. Columnas de la fe cristiana sobre las que se edifica la Iglesia\u201d, publicado con motivo de la exposici\u00f3n y contiene diversas colaboraciones donde se aborda la tem\u00e1tica de la pintura de tema religioso en la producci\u00f3n de Jos\u00e9 Garnelo.<\/p>\n","protected":false},"excerpt":{"rendered":"<p>Hoy jueves 27 de febrero, a las 20,30 hrs., tendr\u00e1 lugar en el patio interior del Museo Garnelo (Casa de las Aguas) una conferencia a cargo del Secretario de nuestra Cofrad\u00eda,\u00a0Rafael Portero de la Torre, Conservador-Restaurador de Bienes Culturales, con el t\u00edtulo: \u201cLa restauraci\u00f3n del Apostolado de Garnelo\u201d. En la conferencia se mostrar\u00e1 \u2013a trav\u00e9s [&#038;hellip<\/p>\n","protected":false},"author":1,"featured_media":640,"comment_status":"closed","ping_status":"open","sticky":false,"template":"","format":"standard","meta":{"advanced_seo_description":"","spay_email":"","jetpack_publicize_message":"","jetpack_is_tweetstorm":false},"categories":[5],"tags":[4],"jetpack_featured_media_url":"https:\/\/i0.wp.com\/veracruzdemontilla.com\/wp-content\/uploads\/2014\/02\/rafaelportero.jpg?fit=640%2C400","jetpack_publicize_connections":[],"wpmagazine_modules_lite_featured_media_urls":{"thumbnail":["https:\/\/i0.wp.com\/veracruzdemontilla.com\/wp-content\/uploads\/2014\/02\/rafaelportero.jpg?resize=150%2C150",150,150,true],"cvmm-medium":["https:\/\/i0.wp.com\/veracruzdemontilla.com\/wp-content\/uploads\/2014\/02\/rafaelportero.jpg?resize=300%2C300",300,300,true],"cvmm-medium-plus":["https:\/\/i0.wp.com\/veracruzdemontilla.com\/wp-content\/uploads\/2014\/02\/rafaelportero.jpg?resize=305%2C207",305,207,true],"cvmm-portrait":["https:\/\/i0.wp.com\/veracruzdemontilla.com\/wp-content\/uploads\/2014\/02\/rafaelportero.jpg?resize=400%2C400",400,400,true],"cvmm-medium-square":["https:\/\/i0.wp.com\/veracruzdemontilla.com\/wp-content\/uploads\/2014\/02\/rafaelportero.jpg?resize=600%2C400",600,400,true],"cvmm-large":["https:\/\/i0.wp.com\/veracruzdemontilla.com\/wp-content\/uploads\/2014\/02\/rafaelportero.jpg?resize=640%2C400",640,400,true],"cvmm-small":["https:\/\/i0.wp.com\/veracruzdemontilla.com\/wp-content\/uploads\/2014\/02\/rafaelportero.jpg?resize=130%2C95",130,95,true],"full":["https:\/\/i0.wp.com\/veracruzdemontilla.com\/wp-content\/uploads\/2014\/02\/rafaelportero.jpg?fit=640%2C400",640,400,false]},"categories_names":{"5":{"name":"Actualidad","link":"http:\/\/veracruzdemontilla.com\/?cat=5"}},"tags_names":{"4":{"name":"Favoritos","link":"http:\/\/veracruzdemontilla.com\/?tag=favoritos"}},"comments_number":"0","jetpack_sharing_enabled":true,"jetpack_shortlink":"https:\/\/wp.me\/p9INPk-aj","jetpack_likes_enabled":true,"jetpack-related-posts":[{"id":473,"url":"http:\/\/veracruzdemontilla.com\/?p=473","url_meta":{"origin":639,"position":0},"title":"El Museo Garnelo acoge de forma temporal el \u2018Apostolado\u2019 de la Parroquia de Santiago","date":"26 octubre, 2013","format":false,"excerpt":"La Casa de las Aguas, sede del Museo Garnelo, acoge desde ayer el Apostolado de Jos\u00e9 Garnelo y Alda que adorna los muros de la Parroquia de Santiago desde 1934. Las obras que se vienen realizando en el templo montillano desde hace algunos meses han dado pie a que los\u2026","rel":"","context":"En \u00abActualidad\u00bb","img":{"alt_text":"","src":"https:\/\/i2.wp.com\/veracruzdemontilla.com\/wp-content\/uploads\/2013\/10\/13-10-26_santiago_1.jpg?fit=610%2C455&resize=350%2C200","width":350,"height":200},"classes":[]},{"id":571,"url":"http:\/\/veracruzdemontilla.com\/?p=571","url_meta":{"origin":639,"position":1},"title":"A la venta un calendario ben\u00e9fico que recopila el apostolado de Jos\u00e9 Garnelo","date":"13 diciembre, 2013","format":false,"excerpt":"Con motivo de las obras de remodelaci\u00f3n de la Parroquia de Santiago el Apostolado, obra de Jos\u00e9 Garnelo, ha sido recientemente restaurado y se exhibe temporalmente al p\u00fablico en el patio de la Casa de las Aguas, dentro de la pinacoteca dedicada al genial artista montillano. \u00a0 \u00a0(Ver Entrada) Las\u2026","rel":"","context":"En \u00abActualidad\u00bb","img":{"alt_text":"","src":"https:\/\/i2.wp.com\/veracruzdemontilla.com\/wp-content\/uploads\/2013\/12\/calendario_apostolado.jpg?fit=640%2C480&resize=350%2C200","width":350,"height":200},"classes":[]},{"id":2555,"url":"http:\/\/veracruzdemontilla.com\/?p=2555","url_meta":{"origin":639,"position":2},"title":"La Cofrad\u00eda engrandece su patrimonio con una serie pict\u00f3rica inspirada en el Apostolado de Jos\u00e9 Garnelo","date":"24 febrero, 2026","format":false,"excerpt":"[Fotos: Chema G. M\u00e1rmol] La Cofrad\u00eda de la Vera Cruz de Montilla ha culminado un proyecto art\u00edstico destacado: la realizaci\u00f3n de doce cartelas que reproducen los ap\u00f3stoles pintados por Jos\u00e9 Garnelo para la Parroquia de Santiago. El trabajo ha sido ejecutado por la artista Inmaculada Navarro Polonio, quien recibi\u00f3 el\u2026","rel":"","context":"En \u00abActualidad\u00bb","img":{"alt_text":"","src":"https:\/\/i0.wp.com\/veracruzdemontilla.com\/wp-content\/uploads\/2026\/02\/20260222-FiestaDe-Regla-12.jpg?fit=1200%2C800&resize=350%2C200","width":350,"height":200},"classes":[]},{"id":606,"url":"http:\/\/veracruzdemontilla.com\/?p=606","url_meta":{"origin":639,"position":3},"title":"La parroquia de Santiago inicia la segunda fase de su reforma","date":"24 enero, 2014","format":false,"excerpt":"La parroquia de Santiago Ap\u00f3stol de Montilla acaba de iniciar su segunda fase de restauraci\u00f3n, con la que se pretende solventar los graves problemas de humedad que padece el templo desde hace a\u00f1os. Tras el arreglo de la nave de la Ep\u00edstola, iniciado por el Obispado el pasado verano, los\u2026","rel":"","context":"En \u00abActualidad\u00bb","img":{"alt_text":"","src":"https:\/\/i2.wp.com\/veracruzdemontilla.com\/wp-content\/uploads\/2014\/01\/obras_parroquia.jpg?fit=640%2C400&resize=350%2C200","width":350,"height":200},"classes":[]},{"id":267,"url":"http:\/\/veracruzdemontilla.com\/?p=267","url_meta":{"origin":639,"position":4},"title":"El Teatro Garnelo acoger\u00e1 el musical \u201cEl Rey Le\u00f3n\u201d, tras su \u00e9xito de verano","date":"7 agosto, 2013","format":false,"excerpt":"La Compa\u00f1\u00eda Juvenil de Teatro \"Padre Santiago Gass\u00edn\" del colegio salesiano de Rota, se subir\u00e1 a las tablas del Teatro Garnelo el pr\u00f3ximo s\u00e1bado 5 de octubre para representar su exitosa obra \"El Rey Le\u00f3n\". Un montaje musical del que ya se est\u00e1 disfrutando este verano con bastante \u00e9xito de\u2026","rel":"","context":"En \u00abActualidad\u00bb","img":{"alt_text":"","src":"https:\/\/i0.wp.com\/veracruzdemontilla.com\/wp-content\/uploads\/2013\/08\/rey_leon1.jpg?fit=656%2C411&resize=350%2C200","width":350,"height":200},"classes":[]},{"id":294,"url":"http:\/\/veracruzdemontilla.com\/?p=294","url_meta":{"origin":639,"position":5},"title":"Las obras de Santiago han comenzado con el arreglo del tejado","date":"20 agosto, 2013","format":false,"excerpt":"Los operarios encargados del arreglo de los tejados de nuestra parroquia -proyecto redactado por la arquitecta montillana Mara Portero- ya han comenzado. Record\u00e1mos, que este proyecto contempla la reparaci\u00f3n del tejado de la nave de la Ep\u00edstola, que lleva a\u00f1os con problemas de humedad de consideraci\u00f3n, obligando al p\u00e1rroco Jos\u00e9\u2026","rel":"","context":"En \u00abActualidad\u00bb","img":{"alt_text":"","src":"https:\/\/i1.wp.com\/veracruzdemontilla.com\/wp-content\/uploads\/2013\/08\/tejados.jpg?fit=640%2C468&resize=350%2C200","width":350,"height":200},"classes":[]}],"_links":{"self":[{"href":"http:\/\/veracruzdemontilla.com\/index.php?rest_route=\/wp\/v2\/posts\/639"}],"collection":[{"href":"http:\/\/veracruzdemontilla.com\/index.php?rest_route=\/wp\/v2\/posts"}],"about":[{"href":"http:\/\/veracruzdemontilla.com\/index.php?rest_route=\/wp\/v2\/types\/post"}],"author":[{"embeddable":true,"href":"http:\/\/veracruzdemontilla.com\/index.php?rest_route=\/wp\/v2\/users\/1"}],"replies":[{"embeddable":true,"href":"http:\/\/veracruzdemontilla.com\/index.php?rest_route=%2Fwp%2Fv2%2Fcomments&post=639"}],"version-history":[{"count":1,"href":"http:\/\/veracruzdemontilla.com\/index.php?rest_route=\/wp\/v2\/posts\/639\/revisions"}],"predecessor-version":[{"id":641,"href":"http:\/\/veracruzdemontilla.com\/index.php?rest_route=\/wp\/v2\/posts\/639\/revisions\/641"}],"wp:featuredmedia":[{"embeddable":true,"href":"http:\/\/veracruzdemontilla.com\/index.php?rest_route=\/wp\/v2\/media\/640"}],"wp:attachment":[{"href":"http:\/\/veracruzdemontilla.com\/index.php?rest_route=%2Fwp%2Fv2%2Fmedia&parent=639"}],"wp:term":[{"taxonomy":"category","embeddable":true,"href":"http:\/\/veracruzdemontilla.com\/index.php?rest_route=%2Fwp%2Fv2%2Fcategories&post=639"},{"taxonomy":"post_tag","embeddable":true,"href":"http:\/\/veracruzdemontilla.com\/index.php?rest_route=%2Fwp%2Fv2%2Ftags&post=639"}],"curies":[{"name":"wp","href":"https:\/\/api.w.org\/{rel}","templated":true}]}}