{"id":636,"date":"2014-02-26T16:28:50","date_gmt":"2014-02-26T15:28:50","guid":{"rendered":"http:\/\/veracruzdemontilla.com\/?p=636"},"modified":"2014-02-26T16:28:50","modified_gmt":"2014-02-26T15:28:50","slug":"447-aniversario-de-la-fundacion-del-rimz-cordoba-10","status":"publish","type":"post","link":"http:\/\/veracruzdemontilla.com\/?p=636","title":{"rendered":"447 ANIVERSARIO DE LA FUNDACI\u00d3N DEL RIMZ C\u00d3RDOBA 10"},"content":{"rendered":"<p style=\"text-align: justify;\">Este a\u00f1o se cumple el 447 aniversario de la fundaci\u00f3n del Tercio de Figueroa, del cual desciende el actual Regimiento de Infanter\u00eda Mecanizada C\u00f3rdoba 10 y al que se le conoce con el sobrenombre de \u201cEl Sacrificado\u201d. Tiene su base en Cerro Muriano (C\u00f3rdoba) y est\u00e1 integrado en la <strong>Brigada de\u00a0infanter\u00eda Mecanizada \u201cGuzm\u00e1n el Bueno\u201d X<\/strong>, lo compone el\u00a0Batall\u00f3n de Infanter\u00eda \u201cM\u00e1laga\u201d de Carros de Combate IV\/10.<\/p>\n<p style=\"text-align: justify;\">Dentro de la ya tradicional austeridad desde la que nuestras Fuerzas Armadas conviven con la crisis d\u00e1ndonos un n\u00edtido ejemplo de honestidad y consecuencia, se han celebrado con brillantez los actos de aniversario de una de las unidades m\u00e1s antiguas de nuestro Ej\u00e9rcito, el RIMZ C\u00f3rdoba 10, antiguo Tercio de Figueroa, creado en 1566.<\/p>\n<p style=\"text-align: justify;\">A las 11.00h. del s\u00e1bado 23 de febrero, un d\u00eda gris, amenazando lluvia, tuvo lugar en la explanada Gran Capit\u00e1n de la base militar de Cerro Muriano, una brillante parada militar en la que dos carros Leopardos 2e daban custodia al monolito que en honor a los que dieron su vida por Espa\u00f1a se erige en ese lugar. El Coronel del Regimiento, Ilmo. Sr. D. Jos\u00e9 Luis del Corral Gonzalo, dirigi\u00f3 unas palabras muy emotivas en las que, desde el recuerdo orgulloso a las brillantes hojas de servicios de las campa\u00f1as pasadas, fijaba nuevas metas para continuar sirviendo a Espa\u00f1a en plena capacidad operativa con el moderno material del que est\u00e1 dotado el C\u00f3rdoba 10.<\/p>\n<p style=\"text-align: justify;\">Tras la emocionante ofrenda a los que dieron su vida por la Patria y la salva de fusiler\u00eda, el Regimiento desfil\u00f3 ante su coronel, mandos de la BRIMZ X y el numeroso publico que acudi\u00f3 al acto. El d\u00eda abri\u00f3, y aunque con fr\u00edo, se pudo visitar la exposici\u00f3n est\u00e1tica del material con que cuenta esta antigua pero moderna unidad\u2026carros Leopardos 2e, veh\u00edculos Pizarro de mando, los tradicionales TOA, Uro vantac, y B\u00fafalos de recuperaci\u00f3n. Los chavales disfrutaron de lo lindo subi\u00e9ndose a los veh\u00edculos y so\u00f1ando con ser soldados. Para los amantes de la historia quedaba as\u00ed mismo abierta y visitable la Sala de Honores del Regimiento que da clara muestra de su glorioso y dilatado historial.<\/p>\n","protected":false},"excerpt":{"rendered":"<p>Este a\u00f1o se cumple el 447 aniversario de la fundaci\u00f3n del Tercio de Figueroa, del cual desciende el actual Regimiento de Infanter\u00eda Mecanizada C\u00f3rdoba 10 y al que se le conoce con el sobrenombre de \u201cEl Sacrificado\u201d. Tiene su base en Cerro Muriano (C\u00f3rdoba) y est\u00e1 integrado en la Brigada de\u00a0infanter\u00eda Mecanizada \u201cGuzm\u00e1n el Bueno\u201d [&#038;hellip<\/p>\n","protected":false},"author":1,"featured_media":637,"comment_status":"closed","ping_status":"open","sticky":false,"template":"","format":"standard","meta":{"advanced_seo_description":"","spay_email":"","jetpack_publicize_message":"","jetpack_is_tweetstorm":false},"categories":[5],"tags":[4],"jetpack_featured_media_url":"https:\/\/i0.wp.com\/veracruzdemontilla.com\/wp-content\/uploads\/2014\/02\/antoniohidalgo.jpg?fit=640%2C400","jetpack_publicize_connections":[],"wpmagazine_modules_lite_featured_media_urls":{"thumbnail":["https:\/\/i0.wp.com\/veracruzdemontilla.com\/wp-content\/uploads\/2014\/02\/antoniohidalgo.jpg?resize=150%2C150",150,150,true],"cvmm-medium":["https:\/\/i0.wp.com\/veracruzdemontilla.com\/wp-content\/uploads\/2014\/02\/antoniohidalgo.jpg?resize=300%2C300",300,300,true],"cvmm-medium-plus":["https:\/\/i0.wp.com\/veracruzdemontilla.com\/wp-content\/uploads\/2014\/02\/antoniohidalgo.jpg?resize=305%2C207",305,207,true],"cvmm-portrait":["https:\/\/i0.wp.com\/veracruzdemontilla.com\/wp-content\/uploads\/2014\/02\/antoniohidalgo.jpg?resize=400%2C400",400,400,true],"cvmm-medium-square":["https:\/\/i0.wp.com\/veracruzdemontilla.com\/wp-content\/uploads\/2014\/02\/antoniohidalgo.jpg?resize=600%2C400",600,400,true],"cvmm-large":["https:\/\/i0.wp.com\/veracruzdemontilla.com\/wp-content\/uploads\/2014\/02\/antoniohidalgo.jpg?resize=640%2C400",640,400,true],"cvmm-small":["https:\/\/i0.wp.com\/veracruzdemontilla.com\/wp-content\/uploads\/2014\/02\/antoniohidalgo.jpg?resize=130%2C95",130,95,true],"full":["https:\/\/i0.wp.com\/veracruzdemontilla.com\/wp-content\/uploads\/2014\/02\/antoniohidalgo.jpg?fit=640%2C400",640,400,false]},"categories_names":{"5":{"name":"Actualidad","link":"http:\/\/veracruzdemontilla.com\/?cat=5"}},"tags_names":{"4":{"name":"Favoritos","link":"http:\/\/veracruzdemontilla.com\/?tag=favoritos"}},"comments_number":"0","jetpack_sharing_enabled":true,"jetpack_shortlink":"https:\/\/wp.me\/p9INPk-ag","jetpack_likes_enabled":true,"jetpack-related-posts":[{"id":1321,"url":"http:\/\/veracruzdemontilla.com\/?p=1321","url_meta":{"origin":636,"position":0},"title":"El Regimiento C\u00f3rdoba 10 celebra su 450 aniversario","date":"4 mayo, 2016","format":false,"excerpt":"El Regimiento Acorazado C\u00f3rdoba 10, perteneciente a la Brigada de Infanter\u00eda Mecanizada Guzm\u00e1n el Bueno X y que es uno de los m\u00e1s antiguos de Espa\u00f1a y de Europa, cumple este a\u00f1o el 450 aniversario de su creaci\u00f3n, motivo por el que se han programado una serie de actos que\u2026","rel":"","context":"En \u00abActualidad\u00bb","img":{"alt_text":"","src":"https:\/\/i2.wp.com\/veracruzdemontilla.com\/wp-content\/uploads\/2016\/05\/450ani.jpg?fit=640%2C400&resize=350%2C200","width":350,"height":200},"classes":[]},{"id":108,"url":"http:\/\/veracruzdemontilla.com\/?p=108","url_meta":{"origin":636,"position":1},"title":"Resumen hist\u00f3rico y denominaciones del Regimiento","date":"8 enero, 2009","format":false,"excerpt":"Fue su primitiva organizaci\u00f3n eminentemente mar\u00edtima, y su existencia es coet\u00e1nea al Regimiento de la Corona. Tan pronto se organiz\u00f3, embarc\u00f3 para N\u00e1poles en el puerto de Cartagena siendo posible que en esa plaza se celebrase su creaci\u00f3n el 27 de febrero de 1566, teniendo por su primer maestre y\u2026","rel":"","context":"En \u00abSin categor\u00eda\u00bb","img":{"alt_text":"","src":"","width":0,"height":0},"classes":[]},{"id":106,"url":"http:\/\/veracruzdemontilla.com\/?p=106","url_meta":{"origin":636,"position":2},"title":"Misiones de Paz","date":"8 enero, 2009","format":false,"excerpt":"Desde que en 1992 las Fuerzas Armadas Espa\u00f1olas participan en Misiones de Paz y Seguridad auspiciadas por las Naciones Unidas, el citado Regimiento ha participado en diferentes misiones siendo las m\u00e1s importantes:-En abril de 1994, Misi\u00f3n de Paz en los Balcanes dentro de la Agrupaci\u00f3n C\u00f3rdoba en Bosnia-Herzegovina, al mando\u2026","rel":"","context":"En \u00abSin categor\u00eda\u00bb","img":{"alt_text":"","src":"","width":0,"height":0},"classes":[]},{"id":1164,"url":"http:\/\/veracruzdemontilla.com\/?p=1164","url_meta":{"origin":636,"position":3},"title":"Un compa\u00f1ero compone una marcha militar en recuerdo del cabo Soria","date":"5 septiembre, 2015","format":false,"excerpt":"El soldado \u00c1lvaro Cifuentes, que se encuentra destinado en el Regimiento de Infanter\u00eda Mecanizada (RIMZ) \u201cC\u00f3rdoba\u201d n\u00ba 10 y presta sus servicios en la Banda de Guerra de la Brigada \u201cGuzm\u00e1n el Bueno\u201d X, ha compuesto una marcha militar en memoria de su compa\u00f1ero y amigo, el cabo Francisco J.\u2026","rel":"","context":"En \u00abActualidad\u00bb","img":{"alt_text":"","src":"https:\/\/i1.wp.com\/veracruzdemontilla.com\/wp-content\/uploads\/2015\/09\/4502_entrega_partitura.jpg?fit=640%2C400&resize=350%2C200","width":350,"height":200},"classes":[]},{"id":588,"url":"http:\/\/veracruzdemontilla.com\/?p=588","url_meta":{"origin":636,"position":4},"title":"El Cristo de Zacatecas y el RIMZ C\u00f3rdoba 10","date":"22 marzo, 2014","format":false,"excerpt":"Las puertas de la parroquia de Santiago se abrir\u00e1n a las 20.00h del martes santo, para dar salida al cortejo de la Cofrad\u00eda Penitencial de la Santa Vera Cruz. El cortejo, que retornar\u00e1 al templo mayor de Montilla en torno a la medianoche, se abrir\u00e1 con la cruz de gu\u00eda\u2026","rel":"","context":"En \u00abActualidad\u00bb","img":{"alt_text":"","src":"https:\/\/i0.wp.com\/veracruzdemontilla.com\/wp-content\/uploads\/2014\/03\/ssanta4.jpg?fit=640%2C400&resize=350%2C200","width":350,"height":200},"classes":[]},{"id":222,"url":"http:\/\/veracruzdemontilla.com\/?p=222","url_meta":{"origin":636,"position":5},"title":"La Brigada de Infanter\u00eda Mecanizada \u201cGuzm\u00e1n el Bueno\u201d n\u00famero X, toma Bail\u00e9n","date":"24 julio, 2013","format":false,"excerpt":"La Compa\u00f1\u00eda de Honores del Regimiento de Infanter\u00eda Mecanizada C\u00f3rdoba n\u00famero 2, de guarnici\u00f3n en C\u00f3rdoba, con bandera, banda de guerra de la Brigada de Infanter\u00eda Mecanizada \u201cGuzm\u00e1n el Bueno\u201d n\u00famero X y escuadra de gastadores hizo su entrada en Bail\u00e9n a las 11:45 Las fiestas conmemorativas del 205 aniversario\u2026","rel":"","context":"En \u00abActualidad\u00bb","img":{"alt_text":"","src":"https:\/\/i2.wp.com\/veracruzdemontilla.com\/wp-content\/uploads\/2013\/07\/DSC00460.jpg?fit=1200%2C900&resize=350%2C200","width":350,"height":200},"classes":[]}],"_links":{"self":[{"href":"http:\/\/veracruzdemontilla.com\/index.php?rest_route=\/wp\/v2\/posts\/636"}],"collection":[{"href":"http:\/\/veracruzdemontilla.com\/index.php?rest_route=\/wp\/v2\/posts"}],"about":[{"href":"http:\/\/veracruzdemontilla.com\/index.php?rest_route=\/wp\/v2\/types\/post"}],"author":[{"embeddable":true,"href":"http:\/\/veracruzdemontilla.com\/index.php?rest_route=\/wp\/v2\/users\/1"}],"replies":[{"embeddable":true,"href":"http:\/\/veracruzdemontilla.com\/index.php?rest_route=%2Fwp%2Fv2%2Fcomments&post=636"}],"version-history":[{"count":1,"href":"http:\/\/veracruzdemontilla.com\/index.php?rest_route=\/wp\/v2\/posts\/636\/revisions"}],"predecessor-version":[{"id":638,"href":"http:\/\/veracruzdemontilla.com\/index.php?rest_route=\/wp\/v2\/posts\/636\/revisions\/638"}],"wp:featuredmedia":[{"embeddable":true,"href":"http:\/\/veracruzdemontilla.com\/index.php?rest_route=\/wp\/v2\/media\/637"}],"wp:attachment":[{"href":"http:\/\/veracruzdemontilla.com\/index.php?rest_route=%2Fwp%2Fv2%2Fmedia&parent=636"}],"wp:term":[{"taxonomy":"category","embeddable":true,"href":"http:\/\/veracruzdemontilla.com\/index.php?rest_route=%2Fwp%2Fv2%2Fcategories&post=636"},{"taxonomy":"post_tag","embeddable":true,"href":"http:\/\/veracruzdemontilla.com\/index.php?rest_route=%2Fwp%2Fv2%2Ftags&post=636"}],"curies":[{"name":"wp","href":"https:\/\/api.w.org\/{rel}","templated":true}]}}