{"id":633,"date":"2014-02-26T16:10:40","date_gmt":"2014-02-26T15:10:40","guid":{"rendered":"http:\/\/veracruzdemontilla.com\/?p=633"},"modified":"2014-02-26T16:10:40","modified_gmt":"2014-02-26T15:10:40","slug":"la-imagen-de-la-santa-cena-cartel-de-la-semana-santa-2014","status":"publish","type":"post","link":"http:\/\/veracruzdemontilla.com\/?p=633","title":{"rendered":"La imagen de la Santa Cena, cartel de la Semana Santa 2014"},"content":{"rendered":"<p style=\"text-align: justify;\">Una imagen del misterio de la Santa Cena a su paso por la calle de San Francisco Solano, obra de Manuel Herrador, servir\u00e1 este a\u00f1o para anunciar nuestra Semana Santa.<\/p>\n<p style=\"text-align: justify;\">La iglesia-santuario de Mar\u00eda Auxiliadora acogi\u00f3 la presentaci\u00f3n del cartel y del pregonero de este a\u00f1o, el profesor salesiano Luis de la Torre Bellido, a quien presentar\u00e1 su hermano, Juan Jos\u00e9 de la Torre, miembro tambi\u00e9n de la hermandad de la Juventud. Licenciado en Filolog\u00eda Hisp\u00e1nica por la UCO, el pregonero estudia Teolog\u00eda en el Instituto de Ciencias Religiosas San Agust\u00edn de la Universidad de Ja\u00e9n.<\/p>\n<p style=\"text-align: justify;\">El acto cont\u00f3 con la participaci\u00f3n del grupo musical Clave y fue conducido por el presidente de la Agrupaci\u00f3n de Cofrad\u00edas, Miguel Bellido Mora, quien resalt\u00f3 la labor fotogr\u00e1fica de Manuel Herrador, que ha captado el paso del Se\u00f1or de la Santa Cena junto a la parroquia del Santo, casa natal del patr\u00f3n de Montilla, San Francisco Solano.<\/p>\n","protected":false},"excerpt":{"rendered":"<p>Una imagen del misterio de la Santa Cena a su paso por la calle de San Francisco Solano, obra de Manuel Herrador, servir\u00e1 este a\u00f1o para anunciar nuestra Semana Santa. La iglesia-santuario de Mar\u00eda Auxiliadora acogi\u00f3 la presentaci\u00f3n del cartel y del pregonero de este a\u00f1o, el profesor salesiano Luis de la Torre Bellido, a [&#038;hellip<\/p>\n","protected":false},"author":1,"featured_media":634,"comment_status":"closed","ping_status":"open","sticky":false,"template":"","format":"standard","meta":{"advanced_seo_description":"","spay_email":"","jetpack_publicize_message":"","jetpack_is_tweetstorm":false},"categories":[5],"tags":[4],"jetpack_featured_media_url":"https:\/\/i0.wp.com\/veracruzdemontilla.com\/wp-content\/uploads\/2014\/02\/cartelss2014.jpg?fit=640%2C400","jetpack_publicize_connections":[],"wpmagazine_modules_lite_featured_media_urls":{"thumbnail":["https:\/\/i0.wp.com\/veracruzdemontilla.com\/wp-content\/uploads\/2014\/02\/cartelss2014.jpg?resize=150%2C150",150,150,true],"cvmm-medium":["https:\/\/i0.wp.com\/veracruzdemontilla.com\/wp-content\/uploads\/2014\/02\/cartelss2014.jpg?resize=300%2C300",300,300,true],"cvmm-medium-plus":["https:\/\/i0.wp.com\/veracruzdemontilla.com\/wp-content\/uploads\/2014\/02\/cartelss2014.jpg?resize=305%2C207",305,207,true],"cvmm-portrait":["https:\/\/i0.wp.com\/veracruzdemontilla.com\/wp-content\/uploads\/2014\/02\/cartelss2014.jpg?resize=400%2C400",400,400,true],"cvmm-medium-square":["https:\/\/i0.wp.com\/veracruzdemontilla.com\/wp-content\/uploads\/2014\/02\/cartelss2014.jpg?resize=600%2C400",600,400,true],"cvmm-large":["https:\/\/i0.wp.com\/veracruzdemontilla.com\/wp-content\/uploads\/2014\/02\/cartelss2014.jpg?resize=640%2C400",640,400,true],"cvmm-small":["https:\/\/i0.wp.com\/veracruzdemontilla.com\/wp-content\/uploads\/2014\/02\/cartelss2014.jpg?resize=130%2C95",130,95,true],"full":["https:\/\/i0.wp.com\/veracruzdemontilla.com\/wp-content\/uploads\/2014\/02\/cartelss2014.jpg?fit=640%2C400",640,400,false]},"categories_names":{"5":{"name":"Actualidad","link":"http:\/\/veracruzdemontilla.com\/?cat=5"}},"tags_names":{"4":{"name":"Favoritos","link":"http:\/\/veracruzdemontilla.com\/?tag=favoritos"}},"comments_number":"0","jetpack_sharing_enabled":true,"jetpack_shortlink":"https:\/\/wp.me\/p9INPk-ad","jetpack_likes_enabled":true,"jetpack-related-posts":[{"id":1306,"url":"http:\/\/veracruzdemontilla.com\/?p=1306","url_meta":{"origin":633,"position":0},"title":"Martes Santo, d\u00eda grande en Montilla","date":"24 marzo, 2016","format":"video","excerpt":"Montilla vivi\u00f3 ayer uno de sus d\u00edas grandes de la Semana Santa, gracias a las tres cofrad\u00edas que se echaron a la calle. La primera en celebrar su estaci\u00f3n de penitencia, desde la parroquia de Santiago Ap\u00f3stol, fue la Cofrad\u00eda Penitencial de la Santa Vera Cruz, cuyas im\u00e1genes titulares, el\u2026","rel":"","context":"En \u00abActualidad\u00bb","img":{"alt_text":"","src":"https:\/\/i2.wp.com\/veracruzdemontilla.com\/wp-content\/uploads\/2016\/03\/paseo_cervantes.jpg?fit=640%2C400&resize=350%2C200","width":350,"height":200},"classes":[]},{"id":22,"url":"http:\/\/veracruzdemontilla.com\/?p=22","url_meta":{"origin":633,"position":1},"title":"Pregonero, cofrade ejemplar y cartel 2013","date":"19 diciembre, 2012","format":false,"excerpt":"Por medio de la presente, la Agrupaci\u00f3n de Cofrad\u00edas de Montilla comunica que el Excmo. y Rvdmo. Sr. D. Demetrio Fern\u00e1ndez Gonz\u00e1lez, Obispo de C\u00f3rdoba, ha sido designado pregonero de la Semana Santa de 2013. El motivo principal que ha llevado a esta Agrupaci\u00f3n para proponer al actual mitrado cordob\u00e9s,\u2026","rel":"","context":"En \u00abSin categor\u00eda\u00bb","img":{"alt_text":"","src":"","width":0,"height":0},"classes":[]},{"id":1295,"url":"http:\/\/veracruzdemontilla.com\/?p=1295","url_meta":{"origin":633,"position":2},"title":"Cuatro siglos de historia","date":"22 marzo, 2016","format":false,"excerpt":"Hablar del origen de\u00a0la Semana Santa de\u00a0Montilla es hacerlo, inevitablemente, de la g\u00e9nesis de\u00a0su hermandad primigenia: la Cofrad\u00eda Penitencial de la Santa Ve\u00adra Cruz, cuyas primeras referencias hist\u00f3ricas datan de la primera mitad del siglo XVI. De esta forma, sus hermanos llevan bien a\u00a0gala la importancia hist\u00f3rica del\u00a0patrimonio art\u00edstico y\u2026","rel":"","context":"En \u00abActualidad\u00bb","img":{"alt_text":"","src":"https:\/\/i1.wp.com\/veracruzdemontilla.com\/wp-content\/uploads\/2016\/03\/Sin-t\u00edtulo-1.jpg?fit=640%2C400&resize=350%2C200","width":350,"height":200},"classes":[]},{"id":2490,"url":"http:\/\/veracruzdemontilla.com\/?p=2490","url_meta":{"origin":633,"position":3},"title":"El obispo preside en la catedral la misa preparatoria para el Magno V\u00eda Crucis","date":"6 octubre, 2025","format":false,"excerpt":"La Cofrad\u00eda de la Vera Cruz, tras la reciente presentaci\u00f3n del cartel anunciador de su participaci\u00f3n en el Magno V\u00eda Crucis de las cofrad\u00edas de C\u00f3rdoba, ha dado comienzo a sus cultos extraordinarios con una misa celebrada en el altar mayor de la Santa Iglesia Catedral de C\u00f3rdoba, presidida por\u2026","rel":"","context":"En \u00abActualidad\u00bb","img":{"alt_text":"","src":"https:\/\/i2.wp.com\/veracruzdemontilla.com\/wp-content\/uploads\/2025\/10\/WhatsApp-Image-2025-10-06-at-11.36.23.jpeg?fit=960%2C1200&resize=350%2C200","width":350,"height":200},"classes":[]},{"id":110,"url":"http:\/\/veracruzdemontilla.com\/?p=110","url_meta":{"origin":633,"position":4},"title":"Memoria de la Semana Santa","date":"7 enero, 2009","format":false,"excerpt":"Desde la Cuaresma de 2006, los amantes de la Semana Santa cuentan con un interesante estudio que recoge, en im\u00e1genes, la historia viva de las hermandades y cofrad\u00edas de la localidad, entre 1900 y 1965. La Cofrad\u00eda Penitencial de la Santa Vera Cruz consigui\u00f3 reunir al historiador local Miguel Aguilar\u2026","rel":"","context":"En \u00abSin categor\u00eda\u00bb","img":{"alt_text":"","src":"","width":0,"height":0},"classes":[]},{"id":2593,"url":"http:\/\/veracruzdemontilla.com\/?p=2593","url_meta":{"origin":633,"position":5},"title":"Javier Aguilar pintar\u00e1 el cartel del 450 aniversario","date":"18 marzo, 2026","format":false,"excerpt":"El cartel conmemorativo de los 450 a\u00f1os del Santo Cristo de Zacatecas llevar\u00e1 la firma del dibujante, ceramista y pintor pontan\u00e9s Javier Aguilar Cejas. \u00a0 En la tarde de ayer el hermano mayor de la Cofrad\u00eda de la Santa Vera Cruz Juan Antonio Prieto y el cartelista designado por la\u2026","rel":"","context":"En \u00ab450 aniversario\u00bb","img":{"alt_text":"","src":"https:\/\/i1.wp.com\/veracruzdemontilla.com\/wp-content\/uploads\/2026\/03\/WhatsApp-Image-2026-03-17-at-20.13.28-3.jpeg?fit=1200%2C900&resize=350%2C200","width":350,"height":200},"classes":[]}],"_links":{"self":[{"href":"http:\/\/veracruzdemontilla.com\/index.php?rest_route=\/wp\/v2\/posts\/633"}],"collection":[{"href":"http:\/\/veracruzdemontilla.com\/index.php?rest_route=\/wp\/v2\/posts"}],"about":[{"href":"http:\/\/veracruzdemontilla.com\/index.php?rest_route=\/wp\/v2\/types\/post"}],"author":[{"embeddable":true,"href":"http:\/\/veracruzdemontilla.com\/index.php?rest_route=\/wp\/v2\/users\/1"}],"replies":[{"embeddable":true,"href":"http:\/\/veracruzdemontilla.com\/index.php?rest_route=%2Fwp%2Fv2%2Fcomments&post=633"}],"version-history":[{"count":1,"href":"http:\/\/veracruzdemontilla.com\/index.php?rest_route=\/wp\/v2\/posts\/633\/revisions"}],"predecessor-version":[{"id":635,"href":"http:\/\/veracruzdemontilla.com\/index.php?rest_route=\/wp\/v2\/posts\/633\/revisions\/635"}],"wp:featuredmedia":[{"embeddable":true,"href":"http:\/\/veracruzdemontilla.com\/index.php?rest_route=\/wp\/v2\/media\/634"}],"wp:attachment":[{"href":"http:\/\/veracruzdemontilla.com\/index.php?rest_route=%2Fwp%2Fv2%2Fmedia&parent=633"}],"wp:term":[{"taxonomy":"category","embeddable":true,"href":"http:\/\/veracruzdemontilla.com\/index.php?rest_route=%2Fwp%2Fv2%2Fcategories&post=633"},{"taxonomy":"post_tag","embeddable":true,"href":"http:\/\/veracruzdemontilla.com\/index.php?rest_route=%2Fwp%2Fv2%2Ftags&post=633"}],"curies":[{"name":"wp","href":"https:\/\/api.w.org\/{rel}","templated":true}]}}