{"id":627,"date":"2014-02-25T21:33:33","date_gmt":"2014-02-25T20:33:33","guid":{"rendered":"http:\/\/veracruzdemontilla.com\/?p=627"},"modified":"2014-02-25T21:36:16","modified_gmt":"2014-02-25T20:36:16","slug":"actos-culturales-y-religiosos","status":"publish","type":"post","link":"http:\/\/veracruzdemontilla.com\/?p=627","title":{"rendered":"Actos Culturales y Religiosos"},"content":{"rendered":"<p style=\"text-align: justify;\">Querido hermano:<\/p>\n<p style=\"text-align: justify;\">Se acerca la Cuaresma, un per\u00edodo de reflexi\u00f3n y preparaci\u00f3n para renovar nuestro compromiso como cristianos y acercarnos as\u00ed al misterio de la Pasi\u00f3n, Muerte y Resurrecci\u00f3n de Nuestro Se\u00f1or Jesucristo.<\/p>\n<p style=\"text-align: justify;\">Comienza, por tanto, la cuenta atr\u00e1s que nos conducir\u00e1 hasta el martes 15 de abril, d\u00eda ansiado por todos en el que, como cada Martes Santo,realizaremos estaci\u00f3n de penitencia por las calles de nuestra ciudad.<\/p>\n<p style=\"text-align: justify;\">Antes de llegar al Martes Santo y a modo de preparaci\u00f3n espiritual para celebrar el misterio de la fe cristiana, la Cofrad\u00eda celebrar\u00e1los cultos en honor a nuestros Sagrados Titulares, as\u00ed como otros actos culturales y religiosos que solemos llevar a cabo en los d\u00edas previos a la Semana Santa.<\/p>\n<p style=\"text-align: justify;\">El pr\u00f3ximo d\u00eda 5 de marzo, Mi\u00e9rcoles de Ceniza, dar\u00e1 comienzo el Solemne Quinario en honor al Sant\u00edsimo Cristo de Zacatecas y a Mar\u00eda Sant\u00edsima del Socorro. Este a\u00f1o, de forma excepcional, debido a las obras en la Parroquia de Santiago Ap\u00f3stol, sede can\u00f3nica de nuestra Cofrad\u00eda, tendr\u00e1 lugar en la Bas\u00edlica Pontificia Menor de San Juan de \u00c1vila. La eucarist\u00eda comenzar\u00e1 a las 20:30h el mi\u00e9rcoles, jueves y viernes; a las 19:30h el s\u00e1bado y el domingo 1\u00ba de Cuaresma, cuando concluiremos el Quinario con la celebraci\u00f3n de la Funci\u00f3n Principal de Regla.<\/p>\n<p style=\"text-align: justify;\">El s\u00e1bado 29 de marzo, Fray Rub\u00e9n Moreno Camu\u00f1as (O.F.M), capell\u00e1n castrense del Regimiento C\u00f3rdoba 10, pronunciar\u00e1 la Exaltaci\u00f3n de las Siete Palabras, que tendr\u00e1 lugar en la Parroquia Mayor de Santiago a las 21:00h, a donde previsiblemente habr\u00e1n regresado nuestros titulares una vez concluidas las obras de restauraci\u00f3n.<\/p>\n<p style=\"text-align: justify;\">Otra de las citas ineludibles con nuestros Titulares ser\u00e1 el d\u00eda 11 de abril, Viernes de Dolores. Desde las 20:00h, el Santo Cristo de Zacatecas y Mar\u00eda Sant\u00edsima del Socorro estar\u00e1n expuestos en Solemne Besapi\u00e9s y Besamanos para que todo aquel hermano y devoto que as\u00ed lo deseepueda acercarse a venerarlos.<\/p>\n<p style=\"text-align: justify;\">Por \u00faltimo, tambi\u00e9n me gustar\u00eda hacerte part\u00edcipe del V\u00eda Crucis del Santo Cristo, que un a\u00f1o m\u00e1s realizaremos para trasladarlo a su trono. Este tendr\u00e1 lugar el12 de abril, S\u00e1bado de Pasi\u00f3n, por las calles del Barrio de la Escuchuela a partir de las 21:00 h.<\/p>\n<p style=\"text-align: justify;\">Deseando contar con tu participaci\u00f3n en los cultos y en las dem\u00e1s actividades previstas de nuestra Cofrad\u00eda, para que nuestro v\u00ednculo y compromiso como hermanos y cristianos se vea fortalecido en estos intensos d\u00edas de Cuaresma, recibe un cordial saludo y un abrazo en Xto.<\/p>\n<p style=\"text-align: justify;\">Miguel Navarro M\u00e1rquez<br \/>\nHermano Mayor<\/p>\n","protected":false},"excerpt":{"rendered":"<p>Querido hermano: Se acerca la Cuaresma, un per\u00edodo de reflexi\u00f3n y preparaci\u00f3n para renovar nuestro compromiso como cristianos y acercarnos as\u00ed al misterio de la Pasi\u00f3n, Muerte y Resurrecci\u00f3n de Nuestro Se\u00f1or Jesucristo. Comienza, por tanto, la cuenta atr\u00e1s que nos conducir\u00e1 hasta el martes 15 de abril, d\u00eda ansiado por todos en el que, [&#038;hellip<\/p>\n","protected":false},"author":1,"featured_media":630,"comment_status":"closed","ping_status":"open","sticky":false,"template":"","format":"standard","meta":{"advanced_seo_description":"","spay_email":"","jetpack_publicize_message":"","jetpack_is_tweetstorm":false},"categories":[5],"tags":[4],"jetpack_featured_media_url":"https:\/\/i2.wp.com\/veracruzdemontilla.com\/wp-content\/uploads\/2014\/02\/actos20141.jpg?fit=640%2C400","jetpack_publicize_connections":[],"wpmagazine_modules_lite_featured_media_urls":{"thumbnail":["https:\/\/i2.wp.com\/veracruzdemontilla.com\/wp-content\/uploads\/2014\/02\/actos20141.jpg?resize=150%2C150",150,150,true],"cvmm-medium":["https:\/\/i2.wp.com\/veracruzdemontilla.com\/wp-content\/uploads\/2014\/02\/actos20141.jpg?resize=300%2C300",300,300,true],"cvmm-medium-plus":["https:\/\/i2.wp.com\/veracruzdemontilla.com\/wp-content\/uploads\/2014\/02\/actos20141.jpg?resize=305%2C207",305,207,true],"cvmm-portrait":["https:\/\/i2.wp.com\/veracruzdemontilla.com\/wp-content\/uploads\/2014\/02\/actos20141.jpg?resize=400%2C400",400,400,true],"cvmm-medium-square":["https:\/\/i2.wp.com\/veracruzdemontilla.com\/wp-content\/uploads\/2014\/02\/actos20141.jpg?resize=600%2C400",600,400,true],"cvmm-large":["https:\/\/i2.wp.com\/veracruzdemontilla.com\/wp-content\/uploads\/2014\/02\/actos20141.jpg?resize=640%2C400",640,400,true],"cvmm-small":["https:\/\/i2.wp.com\/veracruzdemontilla.com\/wp-content\/uploads\/2014\/02\/actos20141.jpg?resize=130%2C95",130,95,true],"full":["https:\/\/i2.wp.com\/veracruzdemontilla.com\/wp-content\/uploads\/2014\/02\/actos20141.jpg?fit=640%2C400",640,400,false]},"categories_names":{"5":{"name":"Actualidad","link":"http:\/\/veracruzdemontilla.com\/?cat=5"}},"tags_names":{"4":{"name":"Favoritos","link":"http:\/\/veracruzdemontilla.com\/?tag=favoritos"}},"comments_number":"0","jetpack_sharing_enabled":true,"jetpack_shortlink":"https:\/\/wp.me\/p9INPk-a7","jetpack_likes_enabled":true,"jetpack-related-posts":[{"id":1266,"url":"http:\/\/veracruzdemontilla.com\/?p=1266","url_meta":{"origin":627,"position":0},"title":"Carta de nuestro Hermano Mayor","date":"29 enero, 2016","format":false,"excerpt":"Estimado\/a hermano\/a, Como cada a\u00f1o, pr\u00f3ximo al inicio de la Cuaresma, me dirijo a ti para informarte de todas las actividades que nuestra Cofrad\u00eda llevar\u00e1 a cabo durante este tiempo lit\u00fargico que estamos a punto de comenzar. Sin lugar a dudas, estas actividades, de las que queremos hacerte part\u00edcipe, nos\u2026","rel":"","context":"En \u00abActualidad\u00bb","img":{"alt_text":"","src":"https:\/\/i1.wp.com\/veracruzdemontilla.com\/wp-content\/uploads\/2016\/01\/cuaresma2016.jpg?fit=640%2C400&resize=350%2C200","width":350,"height":200},"classes":[]},{"id":1022,"url":"http:\/\/veracruzdemontilla.com\/?p=1022","url_meta":{"origin":627,"position":1},"title":"Actos y Cultos Cuaresma 2015 &#8211; Solemne Quinario","date":"10 febrero, 2015","format":false,"excerpt":"Pr\u00f3xima est\u00e1 ya la Cuaresma, ese tiempo lit\u00fargico que la Iglesia nos marca para prepararnos a la gran fiesta de la Pascua. Por ello, me dirijo a vosotros a trav\u00e9s de estas l\u00edneas un a\u00f1o m\u00e1s, para de esta forma, invitaros y haceros part\u00edcipes de todos los actos que nuestra\u2026","rel":"","context":"En \u00abActualidad\u00bb","img":{"alt_text":"","src":"https:\/\/i0.wp.com\/veracruzdemontilla.com\/wp-content\/uploads\/2015\/02\/IMG_235220045376588-600x375.jpeg?fit=640%2C400&resize=350%2C200","width":350,"height":200},"classes":[]},{"id":1270,"url":"http:\/\/veracruzdemontilla.com\/?p=1270","url_meta":{"origin":627,"position":2},"title":"Actos y Cultos Cuaresma 2016 &#8211; Solemne Quinario","date":"8 febrero, 2016","format":false,"excerpt":"Podemos decir que estamos\u00a0ya en Cuaresma, ese tiempo lit\u00fargico que la Iglesia nos marca para prepararnos a la gran fiesta de la Pascua. Por ello, un a\u00f1o m\u00e1s,\u00a0desde la Cofrad\u00eda Penitencial de la Santa Vera Cruz, queremos\u00a0invitaros y haceros part\u00edcipes de todos los actos que nuestra Cofrad\u00eda celebrar\u00e1 en estos\u2026","rel":"","context":"En \u00abActualidad\u00bb","img":{"alt_text":"","src":"https:\/\/i2.wp.com\/veracruzdemontilla.com\/wp-content\/uploads\/2016\/02\/quinario2016.jpg?fit=640%2C917&resize=350%2C200","width":350,"height":200},"classes":[]},{"id":1347,"url":"http:\/\/veracruzdemontilla.com\/?p=1347","url_meta":{"origin":627,"position":3},"title":"V\u00eda Crucis del Sant\u00edsimo Cristo de Zacatecas","date":"4 abril, 2017","format":false,"excerpt":"El pr\u00f3ximo s\u00e1bado, 8\u00a0de abril, \u00a0tendr\u00e1 lugar el V\u00eda Crucis de nuestro Titular, dando comienzo a las 20:30\u00a0de la noche, y realizando su recorrido, a hombros de nuestros costaleros, por diversas calles del popular barrio de La Escuchuela. El cortejo ser\u00e1\u00a0acompa\u00f1ado por nuestros hermanos y todos aquellos devotos y vecinos\u2026","rel":"","context":"En \u00abActualidad\u00bb","img":{"alt_text":"","src":"https:\/\/i2.wp.com\/veracruzdemontilla.com\/wp-content\/uploads\/2017\/04\/17.jpg?fit=640%2C400&resize=350%2C200","width":350,"height":200},"classes":[]},{"id":655,"url":"http:\/\/veracruzdemontilla.com\/?p=655","url_meta":{"origin":627,"position":4},"title":"Pr\u00f3ximo ensayo de costaleros","date":"17 marzo, 2014","format":false,"excerpt":"Una vez realizada el martes d\u00eda 11 la reuni\u00f3n de costaleros, qued\u00f3 programada toda la actividad que hemos de llevar a cabo de cara a la pr\u00f3xima Semana Santa. Por ello la Cofrad\u00eda cita a sus hermanos costaleros, que portaran a nuestro Crucificado Cristo de Zacatecas y a nuestra Madre\u2026","rel":"","context":"En \u00abActualidad\u00bb","img":{"alt_text":"","src":"https:\/\/i0.wp.com\/veracruzdemontilla.com\/wp-content\/uploads\/2014\/03\/costaleros.jpg?fit=640%2C400&resize=350%2C200","width":350,"height":200},"classes":[]},{"id":1306,"url":"http:\/\/veracruzdemontilla.com\/?p=1306","url_meta":{"origin":627,"position":5},"title":"Martes Santo, d\u00eda grande en Montilla","date":"24 marzo, 2016","format":"video","excerpt":"Montilla vivi\u00f3 ayer uno de sus d\u00edas grandes de la Semana Santa, gracias a las tres cofrad\u00edas que se echaron a la calle. La primera en celebrar su estaci\u00f3n de penitencia, desde la parroquia de Santiago Ap\u00f3stol, fue la Cofrad\u00eda Penitencial de la Santa Vera Cruz, cuyas im\u00e1genes titulares, el\u2026","rel":"","context":"En \u00abActualidad\u00bb","img":{"alt_text":"","src":"https:\/\/i2.wp.com\/veracruzdemontilla.com\/wp-content\/uploads\/2016\/03\/paseo_cervantes.jpg?fit=640%2C400&resize=350%2C200","width":350,"height":200},"classes":[]}],"_links":{"self":[{"href":"http:\/\/veracruzdemontilla.com\/index.php?rest_route=\/wp\/v2\/posts\/627"}],"collection":[{"href":"http:\/\/veracruzdemontilla.com\/index.php?rest_route=\/wp\/v2\/posts"}],"about":[{"href":"http:\/\/veracruzdemontilla.com\/index.php?rest_route=\/wp\/v2\/types\/post"}],"author":[{"embeddable":true,"href":"http:\/\/veracruzdemontilla.com\/index.php?rest_route=\/wp\/v2\/users\/1"}],"replies":[{"embeddable":true,"href":"http:\/\/veracruzdemontilla.com\/index.php?rest_route=%2Fwp%2Fv2%2Fcomments&post=627"}],"version-history":[{"count":3,"href":"http:\/\/veracruzdemontilla.com\/index.php?rest_route=\/wp\/v2\/posts\/627\/revisions"}],"predecessor-version":[{"id":725,"href":"http:\/\/veracruzdemontilla.com\/index.php?rest_route=\/wp\/v2\/posts\/627\/revisions\/725"}],"wp:featuredmedia":[{"embeddable":true,"href":"http:\/\/veracruzdemontilla.com\/index.php?rest_route=\/wp\/v2\/media\/630"}],"wp:attachment":[{"href":"http:\/\/veracruzdemontilla.com\/index.php?rest_route=%2Fwp%2Fv2%2Fmedia&parent=627"}],"wp:term":[{"taxonomy":"category","embeddable":true,"href":"http:\/\/veracruzdemontilla.com\/index.php?rest_route=%2Fwp%2Fv2%2Fcategories&post=627"},{"taxonomy":"post_tag","embeddable":true,"href":"http:\/\/veracruzdemontilla.com\/index.php?rest_route=%2Fwp%2Fv2%2Ftags&post=627"}],"curies":[{"name":"wp","href":"https:\/\/api.w.org\/{rel}","templated":true}]}}