{"id":621,"date":"2014-01-31T21:30:26","date_gmt":"2014-01-31T20:30:26","guid":{"rendered":"http:\/\/veracruzdemontilla.com\/?p=621"},"modified":"2014-01-31T21:31:27","modified_gmt":"2014-01-31T20:31:27","slug":"un-video-recoge-el-primer-ano-del-jubileo-avilista","status":"publish","type":"post","link":"http:\/\/veracruzdemontilla.com\/?p=621","title":{"rendered":"Un video recoge el primer a\u00f1o del Jubileo Avilista"},"content":{"rendered":"<p style=\"text-align: justify;\">[media id=16 width=600 height=400]<\/p>\n<p style=\"text-align: justify;\">La Delegaci\u00f3n de Medios en colaboraci\u00f3n con el Centro Diocesano San Juan de \u00c1vila ha editado este audiovisual -disponible en diocesisdecordoba.tv- en el que se recogen los momentos principales de lo vivido hasta ahora en el Trienio Jubilar.<\/p>\n<p style=\"text-align: justify;\">Desde la apertura del Jubileo, pasando por las peregrinaciones, visitas destacadas, y otros datos de inter\u00e9s que sirven de recuerdo, a la vez que muestran el inter\u00e9s que mantiene este lugar de peregrinaci\u00f3n.<\/p>\n","protected":false},"excerpt":{"rendered":"<p>[media id=16 width=600 height=400] La Delegaci\u00f3n de Medios en colaboraci\u00f3n con el Centro Diocesano San Juan de \u00c1vila ha editado este audiovisual -disponible en diocesisdecordoba.tv- en el que se recogen los momentos principales de lo vivido hasta ahora en el Trienio Jubilar. Desde la apertura del Jubileo, pasando por las peregrinaciones, visitas destacadas, y otros [&#038;hellip<\/p>\n","protected":false},"author":1,"featured_media":623,"comment_status":"closed","ping_status":"open","sticky":false,"template":"","format":"video","meta":{"advanced_seo_description":"","spay_email":"","jetpack_publicize_message":"","jetpack_is_tweetstorm":false},"categories":[5],"tags":[4],"jetpack_featured_media_url":"https:\/\/i0.wp.com\/veracruzdemontilla.com\/wp-content\/uploads\/2014\/01\/videoavilista.jpg?fit=640%2C400","jetpack_publicize_connections":[],"wpmagazine_modules_lite_featured_media_urls":{"thumbnail":["https:\/\/i0.wp.com\/veracruzdemontilla.com\/wp-content\/uploads\/2014\/01\/videoavilista.jpg?resize=150%2C150",150,150,true],"cvmm-medium":["https:\/\/i0.wp.com\/veracruzdemontilla.com\/wp-content\/uploads\/2014\/01\/videoavilista.jpg?resize=300%2C300",300,300,true],"cvmm-medium-plus":["https:\/\/i0.wp.com\/veracruzdemontilla.com\/wp-content\/uploads\/2014\/01\/videoavilista.jpg?resize=305%2C207",305,207,true],"cvmm-portrait":["https:\/\/i0.wp.com\/veracruzdemontilla.com\/wp-content\/uploads\/2014\/01\/videoavilista.jpg?resize=400%2C400",400,400,true],"cvmm-medium-square":["https:\/\/i0.wp.com\/veracruzdemontilla.com\/wp-content\/uploads\/2014\/01\/videoavilista.jpg?resize=600%2C400",600,400,true],"cvmm-large":["https:\/\/i0.wp.com\/veracruzdemontilla.com\/wp-content\/uploads\/2014\/01\/videoavilista.jpg?resize=640%2C400",640,400,true],"cvmm-small":["https:\/\/i0.wp.com\/veracruzdemontilla.com\/wp-content\/uploads\/2014\/01\/videoavilista.jpg?resize=130%2C95",130,95,true],"full":["https:\/\/i0.wp.com\/veracruzdemontilla.com\/wp-content\/uploads\/2014\/01\/videoavilista.jpg?fit=640%2C400",640,400,false]},"categories_names":{"5":{"name":"Actualidad","link":"http:\/\/veracruzdemontilla.com\/?cat=5"}},"tags_names":{"4":{"name":"Favoritos","link":"http:\/\/veracruzdemontilla.com\/?tag=favoritos"}},"comments_number":"0","jetpack_sharing_enabled":true,"jetpack_shortlink":"https:\/\/wp.me\/p9INPk-a1","jetpack_likes_enabled":true,"jetpack-related-posts":[{"id":901,"url":"http:\/\/veracruzdemontilla.com\/?p=901","url_meta":{"origin":621,"position":0},"title":"Celebran 150 a\u00f1os de la Di\u00f3cesis de Zacatecas","date":"23 agosto, 2014","format":false,"excerpt":"El pasado mes de junio, dentro del\u00a0marco de los festejos del a\u00f1o jubilar de la Di\u00f3cesis de Zacatecas en la que se celebra el 150 aniversario de erecci\u00f3n de la misma,\u00a0miles de\u00a0fieles cat\u00f3licos, entre representantes eclesi\u00e1sticos y poblaci\u00f3n en\u00a0general, se congregaron en emotiva e hist\u00f3rica ceremonia eucar\u00edstica\u00a0la cual fue concelebrada\u2026","rel":"","context":"En \u00abActualidad\u00bb","img":{"alt_text":"","src":"https:\/\/i2.wp.com\/veracruzdemontilla.com\/wp-content\/uploads\/2014\/08\/diocc.jpg?fit=640%2C400&resize=350%2C200","width":350,"height":200},"classes":[]},{"id":521,"url":"http:\/\/veracruzdemontilla.com\/?p=521","url_meta":{"origin":621,"position":1},"title":"Ya se puede solicitar la \u201cmontillana\u201d","date":"30 noviembre, 2013","format":false,"excerpt":"Miles de fieles han peregrinado hasta el sepulcro de San Juan de \u00c1vila. El Centro Diocesano ofrece la posibilidad de solicitar el documento que lo acredita, \u201cla montillana\u201d. \u201cLa montillana\u201d es el diploma que acredita haber peregrinado a la Bas\u00edlica Pontificia de San Juan de \u00c1vila en el per\u00edodo del\u2026","rel":"","context":"En \u00abActualidad\u00bb","img":{"alt_text":"","src":"https:\/\/i0.wp.com\/veracruzdemontilla.com\/wp-content\/uploads\/2013\/11\/montillana.jpg?fit=640%2C400&resize=350%2C200","width":350,"height":200},"classes":[]},{"id":1208,"url":"http:\/\/veracruzdemontilla.com\/?p=1208","url_meta":{"origin":621,"position":2},"title":"Lugares donde se podr\u00e1 alcanzar el jubileo de la misericordia","date":"22 noviembre, 2015","format":false,"excerpt":"El Obispo ha dado a conocer los lugares donde los fieles podr\u00e1n lucrar la Indulgencia plenaria en el A\u00f1o de la Misericordia. Un jubileo que se iniciar\u00e1 el pr\u00f3ximo mes de diciembre. El pr\u00f3ximo mes de diciembre, desde el d\u00eda 8 hasta el 20 de noviembre de 2016, viviremos el\u2026","rel":"","context":"En \u00abActualidad\u00bb","img":{"alt_text":"","src":"https:\/\/i0.wp.com\/veracruzdemontilla.com\/wp-content\/uploads\/2015\/11\/basilica.jpg?fit=640%2C400&resize=350%2C200","width":350,"height":200},"classes":[]},{"id":497,"url":"http:\/\/veracruzdemontilla.com\/?p=497","url_meta":{"origin":621,"position":3},"title":"Nuestra Cofrad\u00eda realizar\u00e1 la Ruta Avilista","date":"15 noviembre, 2013","format":false,"excerpt":"Con motivo del Trienio Jubilar que la Santa Sede ha concedido a Montilla tras el nombramiento de San Juan de \u00c1vila como Doctor de la Iglesia Universal, nuestra Cofrad\u00eda realizar\u00e1 la Ruta Avilista el pr\u00f3ximo domingo 1 de diciembre para ganar as\u00ed las singulares gracias espirituales del Jubileo. Seguiremos los\u2026","rel":"","context":"En \u00abActualidad\u00bb","img":{"alt_text":"","src":"https:\/\/i2.wp.com\/veracruzdemontilla.com\/wp-content\/uploads\/2013\/11\/rutaavilista.jpg?fit=650%2C400&resize=350%2C200","width":350,"height":200},"classes":[]},{"id":518,"url":"http:\/\/veracruzdemontilla.com\/?p=518","url_meta":{"origin":621,"position":4},"title":"Hace un a\u00f1o la CEE visit\u00f3 Montilla","date":"30 noviembre, 2013","format":false,"excerpt":"En estos d\u00edas, se cumple un a\u00f1o de la hist\u00f3rica visita de la Conferencia Episcopal a Montilla con motivo del Jubileo Avilista.\u00a0Se trataba de la segunda vez que la plenaria del Episcopado Espa\u00f1ol realizaba una visita oficial, tras la realizada a Santiago de Compostela. Montilla guarda en su\u00a0memoria\u00a0este d\u00eda. La\u2026","rel":"","context":"En \u00abActualidad\u00bb","img":{"alt_text":"","src":"https:\/\/i1.wp.com\/veracruzdemontilla.com\/wp-content\/uploads\/2013\/11\/IMG_2951.jpg?fit=640%2C400&resize=350%2C200","width":350,"height":200},"classes":[]},{"id":507,"url":"http:\/\/veracruzdemontilla.com\/?p=507","url_meta":{"origin":621,"position":5},"title":"Clausuramos El A\u00f1o de la fe, con la fiesta de Cristo Rey del Universo","date":"24 noviembre, 2013","format":false,"excerpt":"\"No imagin\u00e1bamos que el A\u00f1o de la Fe diera tanto de s\u00ed. Cuando Dios nos anuncia una gracia nueva, hemos de abrirnos a la misma con toda esperanza, dispuestos a lo imprevisible.\u00a0Y lo imprevisible sucede. El A\u00f1o de la fe que clausuramos con la fiesta de Cristo Rey del Universo\u2026","rel":"","context":"En \u00abActualidad\u00bb","img":{"alt_text":"","src":"https:\/\/i1.wp.com\/veracruzdemontilla.com\/wp-content\/uploads\/2013\/11\/cristorey1.jpg?fit=640%2C427&resize=350%2C200","width":350,"height":200},"classes":[]}],"_links":{"self":[{"href":"http:\/\/veracruzdemontilla.com\/index.php?rest_route=\/wp\/v2\/posts\/621"}],"collection":[{"href":"http:\/\/veracruzdemontilla.com\/index.php?rest_route=\/wp\/v2\/posts"}],"about":[{"href":"http:\/\/veracruzdemontilla.com\/index.php?rest_route=\/wp\/v2\/types\/post"}],"author":[{"embeddable":true,"href":"http:\/\/veracruzdemontilla.com\/index.php?rest_route=\/wp\/v2\/users\/1"}],"replies":[{"embeddable":true,"href":"http:\/\/veracruzdemontilla.com\/index.php?rest_route=%2Fwp%2Fv2%2Fcomments&post=621"}],"version-history":[{"count":1,"href":"http:\/\/veracruzdemontilla.com\/index.php?rest_route=\/wp\/v2\/posts\/621\/revisions"}],"predecessor-version":[{"id":622,"href":"http:\/\/veracruzdemontilla.com\/index.php?rest_route=\/wp\/v2\/posts\/621\/revisions\/622"}],"wp:featuredmedia":[{"embeddable":true,"href":"http:\/\/veracruzdemontilla.com\/index.php?rest_route=\/wp\/v2\/media\/623"}],"wp:attachment":[{"href":"http:\/\/veracruzdemontilla.com\/index.php?rest_route=%2Fwp%2Fv2%2Fmedia&parent=621"}],"wp:term":[{"taxonomy":"category","embeddable":true,"href":"http:\/\/veracruzdemontilla.com\/index.php?rest_route=%2Fwp%2Fv2%2Fcategories&post=621"},{"taxonomy":"post_tag","embeddable":true,"href":"http:\/\/veracruzdemontilla.com\/index.php?rest_route=%2Fwp%2Fv2%2Ftags&post=621"}],"curies":[{"name":"wp","href":"https:\/\/api.w.org\/{rel}","templated":true}]}}