{"id":606,"date":"2014-01-24T17:52:38","date_gmt":"2014-01-24T16:52:38","guid":{"rendered":"http:\/\/veracruzdemontilla.com\/?p=606"},"modified":"2014-01-24T18:02:50","modified_gmt":"2014-01-24T17:02:50","slug":"la-parroquia-de-santiago-inicia-la-segunda-fase-de-su-reforma","status":"publish","type":"post","link":"http:\/\/veracruzdemontilla.com\/?p=606","title":{"rendered":"La parroquia de Santiago inicia la segunda fase de su reforma"},"content":{"rendered":"<p style=\"text-align: justify;\">La parroquia de Santiago Ap\u00f3stol de Montilla acaba de iniciar su segunda fase de restauraci\u00f3n, con la que se pretende solventar los graves problemas de humedad que padece el templo desde hace a\u00f1os. Tras el arreglo de la nave de la Ep\u00edstola, iniciado por el Obispado el pasado verano, los responsables de la iglesia se centran ahora en la reparaci\u00f3n de las cubiertas y tejados de las capillas laterales.<\/p>\n<p style=\"text-align: justify;\">Los trabajos, que seguir\u00e1n el proyecto de la arquitecta Mara Portero, tratar\u00e1n de eliminar las humedades que afectan especialmente a la capilla de la Virgen del Rosario, considerada una de las mejores muestras del estilo rococ\u00f3 de la provincia. La estancia est\u00e1 exornada con pinturas murales de Jos\u00e9 Garnelo.<\/p>\n<p style=\"text-align: justify;\">Seg\u00fan explic\u00f3 el p\u00e1rroco, Jos\u00e9 Almedina, la segunda fase de remodelaci\u00f3n de la parroquia contempla \u00abla revisi\u00f3n y el arreglo de todos los tejados, incluido el crucero y el coro, que presentan un dif\u00edcil acceso\u00bb, lo que deber\u00e1 ser solventado con un andamiaje de considerables proporciones para salvar el desnivel existente, de unos 40 metros de altura.<\/p>\n<p style=\"text-align: justify;\">Las obras de restauraci\u00f3n del templo montillano &#8211;declarado Bien de Inter\u00e9s Cultural (BIC) en el a\u00f1o 200&#8211; han hecho posible el hallazgo de una antigua portada lateral que, seg\u00fan los primeros estudios, pudo constituir el acceso m\u00e1s com\u00fan para los feligreses. \u00abSu localizaci\u00f3n orientada hacia la mayor parte del vecindario de la calle de La Yedra y la proximidad de esta v\u00eda con la casa de San Juan de Avila y el convento de Santa Clara hacen de esta portada un interesante descubrimiento\u00bb, reconoci\u00f3 Almedina, quien valor\u00f3 la posibilidad de incluir este acceso en el itinerario de la Ruta Avilista.<\/p>\n<p style=\"text-align: justify;\">\u00a0Las obras de restauraci\u00f3n del templo montillano &#8211;declarado Bien de Inter\u00e9s Cultural (BIC) en el a\u00f1o 200&#8211; han hecho posible el hallazgo de una antigua portada lateral que, seg\u00fan los primeros estudios, pudo constituir el acceso m\u00e1s com\u00fan para los feligreses. \u00abSu localizaci\u00f3n orientada hacia la mayor parte del vecindario de la calle de La Yedra y la proximidad de esta v\u00eda con la casa de San Juan de Avila y el convento de Santa Clara hacen de esta portada un interesante descubrimiento\u00bb, reconoci\u00f3 Almedina, quien valor\u00f3 la posibilidad de incluir este acceso en el itinerario de la Ruta Avilista.<\/p>\n","protected":false},"excerpt":{"rendered":"<p>La parroquia de Santiago Ap\u00f3stol de Montilla acaba de iniciar su segunda fase de restauraci\u00f3n, con la que se pretende solventar los graves problemas de humedad que padece el templo desde hace a\u00f1os. Tras el arreglo de la nave de la Ep\u00edstola, iniciado por el Obispado el pasado verano, los responsables de la iglesia se [&#038;hellip<\/p>\n","protected":false},"author":1,"featured_media":607,"comment_status":"closed","ping_status":"open","sticky":false,"template":"","format":"standard","meta":{"advanced_seo_description":"","spay_email":"","jetpack_publicize_message":"","jetpack_is_tweetstorm":false},"categories":[5],"tags":[4],"jetpack_featured_media_url":"https:\/\/i2.wp.com\/veracruzdemontilla.com\/wp-content\/uploads\/2014\/01\/obras_parroquia.jpg?fit=640%2C400","jetpack_publicize_connections":[],"wpmagazine_modules_lite_featured_media_urls":{"thumbnail":["https:\/\/i2.wp.com\/veracruzdemontilla.com\/wp-content\/uploads\/2014\/01\/obras_parroquia.jpg?resize=150%2C150",150,150,true],"cvmm-medium":["https:\/\/i2.wp.com\/veracruzdemontilla.com\/wp-content\/uploads\/2014\/01\/obras_parroquia.jpg?resize=300%2C300",300,300,true],"cvmm-medium-plus":["https:\/\/i2.wp.com\/veracruzdemontilla.com\/wp-content\/uploads\/2014\/01\/obras_parroquia.jpg?resize=305%2C207",305,207,true],"cvmm-portrait":["https:\/\/i2.wp.com\/veracruzdemontilla.com\/wp-content\/uploads\/2014\/01\/obras_parroquia.jpg?resize=400%2C400",400,400,true],"cvmm-medium-square":["https:\/\/i2.wp.com\/veracruzdemontilla.com\/wp-content\/uploads\/2014\/01\/obras_parroquia.jpg?resize=600%2C400",600,400,true],"cvmm-large":["https:\/\/i2.wp.com\/veracruzdemontilla.com\/wp-content\/uploads\/2014\/01\/obras_parroquia.jpg?resize=640%2C400",640,400,true],"cvmm-small":["https:\/\/i2.wp.com\/veracruzdemontilla.com\/wp-content\/uploads\/2014\/01\/obras_parroquia.jpg?resize=130%2C95",130,95,true],"full":["https:\/\/i2.wp.com\/veracruzdemontilla.com\/wp-content\/uploads\/2014\/01\/obras_parroquia.jpg?fit=640%2C400",640,400,false]},"categories_names":{"5":{"name":"Actualidad","link":"http:\/\/veracruzdemontilla.com\/?cat=5"}},"tags_names":{"4":{"name":"Favoritos","link":"http:\/\/veracruzdemontilla.com\/?tag=favoritos"}},"comments_number":"0","jetpack_sharing_enabled":true,"jetpack_shortlink":"https:\/\/wp.me\/p9INPk-9M","jetpack_likes_enabled":true,"jetpack-related-posts":[{"id":283,"url":"http:\/\/veracruzdemontilla.com\/?p=283","url_meta":{"origin":606,"position":0},"title":"La parroquia de Santiago repite las visitas nocturnas para recaudar fondos","date":"19 agosto, 2013","format":false,"excerpt":"Como ya sabemos, la parroquia de Santiago ha organizado una serie de visitas nocturnas para recaudar fondos que sufraguen las obras \"de urgencia\" a las que hay que someter a la techumbre del templo. Las visitas se inauguraron el pasado 20 de julio y est\u00e1n impulsadas por el p\u00e1rroco, Jos\u00e9\u2026","rel":"","context":"En \u00abActualidad\u00bb","img":{"alt_text":"","src":"https:\/\/i2.wp.com\/veracruzdemontilla.com\/wp-content\/uploads\/2013\/08\/PUERTA-PRINCIPAL-DEL-CASTILLO-Y-PARROQUIA_640x3811.jpg?fit=650%2C400&resize=350%2C200","width":350,"height":200},"classes":[]},{"id":260,"url":"http:\/\/veracruzdemontilla.com\/?p=260","url_meta":{"origin":606,"position":1},"title":"Visitas nocturnas a la Parroquia de Santiago","date":"19 julio, 2013","format":false,"excerpt":"Ante el inminente comienzo de las obras en la techumbre\u00a0 de la Parroquia de Santiago, el p\u00e1rroco Jos\u00e9 Almedina ha anunciado la puesta en marcha de una serie de actividades con el \u00fanico fin de poder sufragar los gastos econ\u00f3micos derivados de dichas obras. La primera iniciativa est\u00e1 relacionada con\u2026","rel":"","context":"En \u00abParroquia\u00bb","img":{"alt_text":"","src":"https:\/\/i1.wp.com\/veracruzdemontilla.com\/wp-content\/uploads\/2013\/07\/6599412527_dea7583404_z.jpg?fit=640%2C428&resize=350%2C200","width":350,"height":200},"classes":[]},{"id":571,"url":"http:\/\/veracruzdemontilla.com\/?p=571","url_meta":{"origin":606,"position":2},"title":"A la venta un calendario ben\u00e9fico que recopila el apostolado de Jos\u00e9 Garnelo","date":"13 diciembre, 2013","format":false,"excerpt":"Con motivo de las obras de remodelaci\u00f3n de la Parroquia de Santiago el Apostolado, obra de Jos\u00e9 Garnelo, ha sido recientemente restaurado y se exhibe temporalmente al p\u00fablico en el patio de la Casa de las Aguas, dentro de la pinacoteca dedicada al genial artista montillano. \u00a0 \u00a0(Ver Entrada) Las\u2026","rel":"","context":"En \u00abActualidad\u00bb","img":{"alt_text":"","src":"https:\/\/i2.wp.com\/veracruzdemontilla.com\/wp-content\/uploads\/2013\/12\/calendario_apostolado.jpg?fit=640%2C480&resize=350%2C200","width":350,"height":200},"classes":[]},{"id":886,"url":"http:\/\/veracruzdemontilla.com\/?p=886","url_meta":{"origin":606,"position":3},"title":"Visitas Nocturnas a la parroquia de Santiago","date":"21 julio, 2014","format":"video","excerpt":"La Cofrad\u00eda Penitencial de la Santa Vera Cruz, colabora con una barra solidaria. El pr\u00f3ximo fin de semana, 25 y 26\u00a0de Julio, la Parroquia de Santiago realizar\u00e1\u00a0una series de visitas nocturnas para recaudar fondos con el fin de costear las obras a las que fue sometida\u00a0la techumbre del templo. \u00a0La\u2026","rel":"","context":"En \u00abActualidad\u00bb","img":{"alt_text":"","src":"https:\/\/i1.wp.com\/veracruzdemontilla.com\/wp-content\/uploads\/2014\/07\/parroquia.jpg?fit=640%2C400&resize=350%2C200","width":350,"height":200},"classes":[]},{"id":23,"url":"http:\/\/veracruzdemontilla.com\/?p=23","url_meta":{"origin":606,"position":4},"title":"Besamanos Solidario &#8211; 8 diciembre","date":"5 diciembre, 2012","format":false,"excerpt":"La Agrupaci\u00f3n de Cofrad\u00edas de Montilla con motivo de la festividad de la Inmaculada Concepci\u00f3n de Mar\u00eda ha promovido la realizaci\u00f3n de un Besamanos General Solidario, el pr\u00f3ximo s\u00e1bado 8 de diciembre.En esta fiesta mariana permanecer\u00e1n expuestas en devoto besamanos todas las im\u00e1genes marianas cotitulares de las cofrad\u00edas y hermandades\u2026","rel":"","context":"En \u00abSin categor\u00eda\u00bb","img":{"alt_text":"","src":"","width":0,"height":0},"classes":[]},{"id":732,"url":"http:\/\/veracruzdemontilla.com\/?p=732","url_meta":{"origin":606,"position":5},"title":"El Cristo de Zacatecas y el RIMZ C\u00f3rdoba 10","date":"15 abril, 2014","format":false,"excerpt":"Las puertas de la reci\u00e9n inaugurada parroquia de Santiago se abrir\u00e1n esta tarde a las 20:00, para dar salida al cortejo de la Cofrad\u00eda Penitencial de la Santa Vera Cruz. \u00a0El cortejo, que retornar\u00e1 al templo mayor de Montilla en torno a la medianoche, se abrir\u00e1 con la cruz de\u2026","rel":"","context":"En \u00abActualidad\u00bb","img":{"alt_text":"","src":"https:\/\/i2.wp.com\/veracruzdemontilla.com\/wp-content\/uploads\/2014\/04\/corredera2.jpg?fit=640%2C400&resize=350%2C200","width":350,"height":200},"classes":[]}],"_links":{"self":[{"href":"http:\/\/veracruzdemontilla.com\/index.php?rest_route=\/wp\/v2\/posts\/606"}],"collection":[{"href":"http:\/\/veracruzdemontilla.com\/index.php?rest_route=\/wp\/v2\/posts"}],"about":[{"href":"http:\/\/veracruzdemontilla.com\/index.php?rest_route=\/wp\/v2\/types\/post"}],"author":[{"embeddable":true,"href":"http:\/\/veracruzdemontilla.com\/index.php?rest_route=\/wp\/v2\/users\/1"}],"replies":[{"embeddable":true,"href":"http:\/\/veracruzdemontilla.com\/index.php?rest_route=%2Fwp%2Fv2%2Fcomments&post=606"}],"version-history":[{"count":12,"href":"http:\/\/veracruzdemontilla.com\/index.php?rest_route=\/wp\/v2\/posts\/606\/revisions"}],"predecessor-version":[{"id":619,"href":"http:\/\/veracruzdemontilla.com\/index.php?rest_route=\/wp\/v2\/posts\/606\/revisions\/619"}],"wp:featuredmedia":[{"embeddable":true,"href":"http:\/\/veracruzdemontilla.com\/index.php?rest_route=\/wp\/v2\/media\/607"}],"wp:attachment":[{"href":"http:\/\/veracruzdemontilla.com\/index.php?rest_route=%2Fwp%2Fv2%2Fmedia&parent=606"}],"wp:term":[{"taxonomy":"category","embeddable":true,"href":"http:\/\/veracruzdemontilla.com\/index.php?rest_route=%2Fwp%2Fv2%2Fcategories&post=606"},{"taxonomy":"post_tag","embeddable":true,"href":"http:\/\/veracruzdemontilla.com\/index.php?rest_route=%2Fwp%2Fv2%2Ftags&post=606"}],"curies":[{"name":"wp","href":"https:\/\/api.w.org\/{rel}","templated":true}]}}