{"id":600,"date":"2014-01-03T19:23:29","date_gmt":"2014-01-03T18:23:29","guid":{"rendered":"http:\/\/veracruzdemontilla.com\/?p=600"},"modified":"2014-01-03T19:23:29","modified_gmt":"2014-01-03T18:23:29","slug":"el-papa-francisco-conversa-por-telefono-con-las-carmelitas-de-lucena","status":"publish","type":"post","link":"http:\/\/veracruzdemontilla.com\/?p=600","title":{"rendered":"El Papa Francisco conversa por tel\u00e9fono con las carmelitas de Lucena"},"content":{"rendered":"<p style=\"text-align: justify;\">El\u00a0<strong>A\u00f1o Nuevo<\/strong>\u00a0siempre nos depara sorpresas, pero ninguna como la que han tenido las\u00a0<strong>cinco hermanas<\/strong>\u00a0que viven en el\u00a0<strong>Convento de las Madres Carmelitas Descalzas de Lucena<\/strong>, en C\u00f3rdoba.<\/p>\n<p style=\"text-align: justify;\">El\u00a0<strong>d\u00eda de Nochevieja<\/strong>, las monjas recibieron la<strong>\u00a0llamada del\u00a0<strong>Papa\u00a0<\/strong>Francisco<\/strong>, quien les dej\u00f3 un mensaje en el contestador. El sumo pont\u00edfice les dec\u00eda:\u00a0<strong>\u00ab\u00bfQu\u00e9 andar\u00e1n haciendo las monjas que no me pueden atender? Soy el\u00a0<strong>Papa Francisco<\/strong>. Las quer\u00eda saludar en este fin de a\u00f1o. Voy a ver si m\u00e1s tarde las puedo llamar. Que Dios les bendiga\u00bb.<\/strong><\/p>\n<p style=\"text-align: justify;\">[media id=15 width=600 height=400]<\/p>\n<p style=\"text-align: justify;\">Despu\u00e9s, al escuchar el recado, la priora del convento,\u00a0<strong>Sor Adriana<\/strong>, pudo hablar con el\u00a0<strong>Papa<\/strong>\u00a0durante unos veinte minutos. Sor Adriana y\u00a0<strong>dos hermanas m\u00e1s son argentinas<\/strong>, al igual que Francisco. Con ellas conviven dos monjas m\u00e1s.\u00a0<strong>Una venezolana y una lucentina<\/strong>, Yolanda Amaya. Las cinco son las \u00fanicas que, en la actualidad,\u00a0<strong>viven en el Convento<\/strong>\u00a0de las Madres Carmelitas Descalzas de Lucena. Sus d\u00edas transcurren entre la oraci\u00f3n y el trabajo para poder sacar adelante la peque\u00f1a congregaci\u00f3n. Sus labores consisten en\u00a0<strong>confeccionar ropa de beb\u00e9, cuadros hechos de tela o im\u00e1genes artesanas del Ni\u00f1o Jes\u00fas.<\/strong><\/p>\n<p style=\"text-align: justify;\">En 2012, celebraron los 400 a\u00f1os de existencia del convento en la localidad cordobesa. Seguro que nunca olvidar\u00e1n c\u00f3mo han empezado este 2014: con la felicitaci\u00f3n del Papa Francisco.<\/p>\n","protected":false},"excerpt":{"rendered":"<p>El\u00a0A\u00f1o Nuevo\u00a0siempre nos depara sorpresas, pero ninguna como la que han tenido las\u00a0cinco hermanas\u00a0que viven en el\u00a0Convento de las Madres Carmelitas Descalzas de Lucena, en C\u00f3rdoba. El\u00a0d\u00eda de Nochevieja, las monjas recibieron la\u00a0llamada del\u00a0Papa\u00a0Francisco, quien les dej\u00f3 un mensaje en el contestador. El sumo pont\u00edfice les dec\u00eda:\u00a0\u00ab\u00bfQu\u00e9 andar\u00e1n haciendo las monjas que no me pueden [&#038;hellip<\/p>\n","protected":false},"author":1,"featured_media":0,"comment_status":"closed","ping_status":"open","sticky":false,"template":"","format":"video","meta":{"advanced_seo_description":"","spay_email":"","jetpack_publicize_message":"","jetpack_is_tweetstorm":false},"categories":[5],"tags":[4],"jetpack_featured_media_url":"","jetpack_publicize_connections":[],"wpmagazine_modules_lite_featured_media_urls":{"thumbnail":"","cvmm-medium":"","cvmm-medium-plus":"","cvmm-portrait":"","cvmm-medium-square":"","cvmm-large":"","cvmm-small":"","full":""},"categories_names":{"5":{"name":"Actualidad","link":"http:\/\/veracruzdemontilla.com\/?cat=5"}},"tags_names":{"4":{"name":"Favoritos","link":"http:\/\/veracruzdemontilla.com\/?tag=favoritos"}},"comments_number":"0","jetpack_sharing_enabled":true,"jetpack_shortlink":"https:\/\/wp.me\/p9INPk-9G","jetpack_likes_enabled":true,"jetpack-related-posts":[{"id":777,"url":"http:\/\/veracruzdemontilla.com\/?p=777","url_meta":{"origin":600,"position":0},"title":"Un nuevo A\u00f1o jubilar en Espa\u00f1a","date":"30 abril, 2014","format":false,"excerpt":"El Papa Francisco ha concedido la gracia de A\u00f1o Jubilar Teresiano para todas las di\u00f3cesis de Espa\u00f1a, desde el d\u00eda 15 de octubre de 2014 hasta el 15 de octubre de 2015, con el fin de celebrar con solemnidad el V Centenario del nacimiento de Santa Teresa de Jes\u00fas. De\u2026","rel":"","context":"En \u00abActualidad\u00bb","img":{"alt_text":"","src":"https:\/\/i0.wp.com\/veracruzdemontilla.com\/wp-content\/uploads\/2014\/04\/PAPA-FRANCISCO.jpg?fit=640%2C400&resize=350%2C200","width":350,"height":200},"classes":[]},{"id":2324,"url":"http:\/\/veracruzdemontilla.com\/?p=2324","url_meta":{"origin":600,"position":1},"title":"El cardenal estadounidense Robert Prevost es ya el papa Le\u00f3n XIV","date":"8 mayo, 2025","format":false,"excerpt":"En una jornada hist\u00f3rica para la Iglesia Cat\u00f3lica, el cardenal Robert Francis Prevost Mart\u00ednez ha sido elegido como el nuevo Papa, adoptando el nombre de Le\u00f3n XIV. La elecci\u00f3n ha llegado en el segundo d\u00eda del c\u00f3nclave, cuando la esperada fumata blanca emergi\u00f3 de la chimenea de la Capilla Sixtina,\u2026","rel":"","context":"En \u00abActualidad\u00bb","img":{"alt_text":"","src":"https:\/\/i2.wp.com\/veracruzdemontilla.com\/wp-content\/uploads\/2025\/05\/Leon-XIV.jpg?fit=1080%2C1080&resize=350%2C200","width":350,"height":200},"classes":[]},{"id":2232,"url":"http:\/\/veracruzdemontilla.com\/?p=2232","url_meta":{"origin":600,"position":2},"title":"El papa Francisco: un legado de misericordia, esperanza y renovaci\u00f3n","date":"21 abril, 2025","format":false,"excerpt":"La Iglesia Cat\u00f3lica est\u00e1 de luto por la muerte del papa Francisco, quien ha dejado una marca profunda en millones de corazones. Su partida representa el fin de una era de transformaci\u00f3n que ahora nos invita a reflexionar sobre su repercusi\u00f3n y el futuro de la Iglesia. Un pontificado que\u2026","rel":"","context":"En \u00abActualidad\u00bb","img":{"alt_text":"","src":"https:\/\/i1.wp.com\/veracruzdemontilla.com\/wp-content\/uploads\/2025\/04\/Muere-Papa-Francisco.jpg?fit=1080%2C1080&resize=350%2C200","width":350,"height":200},"classes":[]},{"id":83,"url":"http:\/\/veracruzdemontilla.com\/?p=83","url_meta":{"origin":600,"position":3},"title":"Salida Extraordinaria del Santo Cristo de Zacatecas","date":"8 enero, 2010","format":false,"excerpt":"Estaci\u00f3n Jubilar de las cofrad\u00edas montillanas a la Iglesia de San Francisco Solano2010 es un a\u00f1o excepcional para Montilla. El 14 de julio se cumplir\u00e1n cuatrocientos a\u00f1os de que Fray Francisco Solano rindiese su fatigado cuerpo en a tierra para que su alma embarcara en el nav\u00edo de su tr\u00e1nsito\u2026","rel":"","context":"En \u00abSin categor\u00eda\u00bb","img":{"alt_text":"","src":"","width":0,"height":0},"classes":[]},{"id":1208,"url":"http:\/\/veracruzdemontilla.com\/?p=1208","url_meta":{"origin":600,"position":4},"title":"Lugares donde se podr\u00e1 alcanzar el jubileo de la misericordia","date":"22 noviembre, 2015","format":false,"excerpt":"El Obispo ha dado a conocer los lugares donde los fieles podr\u00e1n lucrar la Indulgencia plenaria en el A\u00f1o de la Misericordia. Un jubileo que se iniciar\u00e1 el pr\u00f3ximo mes de diciembre. El pr\u00f3ximo mes de diciembre, desde el d\u00eda 8 hasta el 20 de noviembre de 2016, viviremos el\u2026","rel":"","context":"En \u00abActualidad\u00bb","img":{"alt_text":"","src":"https:\/\/i0.wp.com\/veracruzdemontilla.com\/wp-content\/uploads\/2015\/11\/basilica.jpg?fit=640%2C400&resize=350%2C200","width":350,"height":200},"classes":[]},{"id":911,"url":"http:\/\/veracruzdemontilla.com\/?p=911","url_meta":{"origin":600,"position":5},"title":"La Iglesia celebra la festividad de la Exaltaci\u00f3n de la Santa Cruz","date":"2 septiembre, 2014","format":false,"excerpt":"Foto: Fray Rub\u00e9n Moreno Camu\u00f1as, Exaltaci\u00f3n de las Siete Palabras de la cofrad\u00eda de la Vera Cruz (2014). El mes de septiembre la Iglesia celebra la festividad de la Exaltaci\u00f3n de la Santa Cruz. De arraigada tradici\u00f3n en Montilla, son los cultos celebrados en el Convento de Santa Clara en\u2026","rel":"","context":"En \u00abActualidad\u00bb","img":{"alt_text":"","src":"https:\/\/i0.wp.com\/veracruzdemontilla.com\/wp-content\/uploads\/2014\/09\/frayruben.jpg?fit=640%2C400&resize=350%2C200","width":350,"height":200},"classes":[]}],"_links":{"self":[{"href":"http:\/\/veracruzdemontilla.com\/index.php?rest_route=\/wp\/v2\/posts\/600"}],"collection":[{"href":"http:\/\/veracruzdemontilla.com\/index.php?rest_route=\/wp\/v2\/posts"}],"about":[{"href":"http:\/\/veracruzdemontilla.com\/index.php?rest_route=\/wp\/v2\/types\/post"}],"author":[{"embeddable":true,"href":"http:\/\/veracruzdemontilla.com\/index.php?rest_route=\/wp\/v2\/users\/1"}],"replies":[{"embeddable":true,"href":"http:\/\/veracruzdemontilla.com\/index.php?rest_route=%2Fwp%2Fv2%2Fcomments&post=600"}],"version-history":[{"count":1,"href":"http:\/\/veracruzdemontilla.com\/index.php?rest_route=\/wp\/v2\/posts\/600\/revisions"}],"predecessor-version":[{"id":602,"href":"http:\/\/veracruzdemontilla.com\/index.php?rest_route=\/wp\/v2\/posts\/600\/revisions\/602"}],"wp:attachment":[{"href":"http:\/\/veracruzdemontilla.com\/index.php?rest_route=%2Fwp%2Fv2%2Fmedia&parent=600"}],"wp:term":[{"taxonomy":"category","embeddable":true,"href":"http:\/\/veracruzdemontilla.com\/index.php?rest_route=%2Fwp%2Fv2%2Fcategories&post=600"},{"taxonomy":"post_tag","embeddable":true,"href":"http:\/\/veracruzdemontilla.com\/index.php?rest_route=%2Fwp%2Fv2%2Ftags&post=600"}],"curies":[{"name":"wp","href":"https:\/\/api.w.org\/{rel}","templated":true}]}}