{"id":595,"date":"2013-12-31T20:15:15","date_gmt":"2013-12-31T19:15:15","guid":{"rendered":"http:\/\/veracruzdemontilla.com\/?p=595"},"modified":"2013-12-31T20:15:15","modified_gmt":"2013-12-31T19:15:15","slug":"la-escolania-de-san-juan-de-avila-ofrecera-un-concierto-benefico-en-la-basilica-pontificia","status":"publish","type":"post","link":"http:\/\/veracruzdemontilla.com\/?p=595","title":{"rendered":"La Escolan\u00eda de San Juan de \u00c1vila ofrecer\u00e1 un Concierto Ben\u00e9fico en la Bas\u00edlica Pontificia"},"content":{"rendered":"<p style=\"text-align: justify;\">El pr\u00f3ximo viernes, d\u00eda 3 de enero, a las 20.30 de la tarde, la Escolan\u00eda de San Juan de \u00c1vila ofrecer\u00e1 un Concierto Ben\u00e9fico, en la Bas\u00edlica Pontificia, bajo el lema &#8216;El mundo canta la Navidad&#8217;.<\/p>\n","protected":false},"excerpt":{"rendered":"<p>El pr\u00f3ximo viernes, d\u00eda 3 de enero, a las 20.30 de la tarde, la Escolan\u00eda de San Juan de \u00c1vila ofrecer\u00e1 un Concierto Ben\u00e9fico, en la Bas\u00edlica Pontificia, bajo el lema &#8216;El mundo canta la Navidad&#038;#<\/p>\n","protected":false},"author":1,"featured_media":596,"comment_status":"closed","ping_status":"open","sticky":false,"template":"","format":"standard","meta":{"advanced_seo_description":"","spay_email":"","jetpack_publicize_message":"","jetpack_is_tweetstorm":false},"categories":[5],"tags":[],"jetpack_featured_media_url":"https:\/\/i0.wp.com\/veracruzdemontilla.com\/wp-content\/uploads\/2013\/12\/conciertonavidad.jpg?fit=1024%2C768","jetpack_publicize_connections":[],"wpmagazine_modules_lite_featured_media_urls":{"thumbnail":["https:\/\/i0.wp.com\/veracruzdemontilla.com\/wp-content\/uploads\/2013\/12\/conciertonavidad.jpg?resize=150%2C150",150,150,true],"cvmm-medium":["https:\/\/i0.wp.com\/veracruzdemontilla.com\/wp-content\/uploads\/2013\/12\/conciertonavidad.jpg?resize=300%2C300",300,300,true],"cvmm-medium-plus":["https:\/\/i0.wp.com\/veracruzdemontilla.com\/wp-content\/uploads\/2013\/12\/conciertonavidad.jpg?resize=305%2C207",305,207,true],"cvmm-portrait":["https:\/\/i0.wp.com\/veracruzdemontilla.com\/wp-content\/uploads\/2013\/12\/conciertonavidad.jpg?resize=400%2C600",400,600,true],"cvmm-medium-square":["https:\/\/i0.wp.com\/veracruzdemontilla.com\/wp-content\/uploads\/2013\/12\/conciertonavidad.jpg?resize=600%2C600",600,600,true],"cvmm-large":["https:\/\/i0.wp.com\/veracruzdemontilla.com\/wp-content\/uploads\/2013\/12\/conciertonavidad.jpg?resize=1024%2C768",1024,768,true],"cvmm-small":["https:\/\/i0.wp.com\/veracruzdemontilla.com\/wp-content\/uploads\/2013\/12\/conciertonavidad.jpg?resize=130%2C95",130,95,true],"full":["https:\/\/i0.wp.com\/veracruzdemontilla.com\/wp-content\/uploads\/2013\/12\/conciertonavidad.jpg?fit=1024%2C768",1024,768,false]},"categories_names":{"5":{"name":"Actualidad","link":"http:\/\/veracruzdemontilla.com\/?cat=5"}},"tags_names":[],"comments_number":"0","jetpack_sharing_enabled":true,"jetpack_shortlink":"https:\/\/wp.me\/p9INPk-9B","jetpack_likes_enabled":true,"jetpack-related-posts":[{"id":521,"url":"http:\/\/veracruzdemontilla.com\/?p=521","url_meta":{"origin":595,"position":0},"title":"Ya se puede solicitar la \u201cmontillana\u201d","date":"30 noviembre, 2013","format":false,"excerpt":"Miles de fieles han peregrinado hasta el sepulcro de San Juan de \u00c1vila. El Centro Diocesano ofrece la posibilidad de solicitar el documento que lo acredita, \u201cla montillana\u201d. \u201cLa montillana\u201d es el diploma que acredita haber peregrinado a la Bas\u00edlica Pontificia de San Juan de \u00c1vila en el per\u00edodo del\u2026","rel":"","context":"En \u00abActualidad\u00bb","img":{"alt_text":"","src":"https:\/\/i0.wp.com\/veracruzdemontilla.com\/wp-content\/uploads\/2013\/11\/montillana.jpg?fit=640%2C400&resize=350%2C200","width":350,"height":200},"classes":[]},{"id":1192,"url":"http:\/\/veracruzdemontilla.com\/?p=1192","url_meta":{"origin":595,"position":1},"title":"Clausura del Trienio Jubilar en honor de San Juan de \u00c1vila en Montilla","date":"14 octubre, 2015","format":false,"excerpt":"El pasado lunes, 12 de octubre, celebramos la clausura del Trienio Jubilar en honor de San Juan de \u00c1vila\u00a0despu\u00e9s de que el d\u00eda 7 de octubre de 2012 el Papa Benedicto XVI lo declarara Doctor de la Iglesia Universal, presentando al Doctor del Amor divino y del sacerdocio como paradigma\u2026","rel":"","context":"En \u00abActualidad\u00bb","img":{"alt_text":"","src":"https:\/\/i0.wp.com\/veracruzdemontilla.com\/wp-content\/uploads\/2015\/10\/MG_35101b.jpg?fit=640%2C400&resize=350%2C200","width":350,"height":200},"classes":[]},{"id":1009,"url":"http:\/\/veracruzdemontilla.com\/?p=1009","url_meta":{"origin":595,"position":2},"title":"Nuevo Rector de la Bas\u00edlica de Montilla","date":"7 enero, 2015","format":false,"excerpt":"El obispo de C\u00f3rdoba, Demetrio Fern\u00e1ndez, ha nombrado a Jos\u00e9 F\u00e9lix Garc\u00eda Jurado, actual p\u00e1rroco de la Sagrada Familia de Lucena, rector de la bas\u00edlica pontificia de San Juan de \u00c1vila de Montilla, donde se encuentra el sepulcro del Santo Doctor de la Iglesia. Jos\u00e9 F\u00e9lix Garc\u00eda Jurado, quien tambi\u00e9n\u2026","rel":"","context":"En \u00abActualidad\u00bb","img":{"alt_text":"","src":"https:\/\/i1.wp.com\/veracruzdemontilla.com\/wp-content\/uploads\/2015\/01\/IMG-20150106-WA0024.jpg?fit=640%2C400&resize=350%2C200","width":350,"height":200},"classes":[]},{"id":646,"url":"http:\/\/veracruzdemontilla.com\/?p=646","url_meta":{"origin":595,"position":3},"title":"Hoy mi\u00e9rcoles comiezan nuestros cultos cuaresmales","date":"5 marzo, 2014","format":false,"excerpt":"Iniciamos hoy, Mi\u00e9rcoles de Ceniza, los cultos cuaresmales en honor a nuestros sagrados titulares en la Bas\u00edlica Pontificia de San Juan de \u00c1vila. Al encontrarse en obras nuestra sede can\u00f3nica, el solemne quinario tendr\u00e1 lugar, de forma excepcional este a\u00f1o, en el templo de la calle Corredera, con la celebraci\u00f3n\u2026","rel":"","context":"En \u00abActualidad\u00bb","img":{"alt_text":"","src":"https:\/\/i2.wp.com\/veracruzdemontilla.com\/wp-content\/uploads\/2014\/03\/actoscuaresma.jpg?fit=640%2C400&resize=350%2C200","width":350,"height":200},"classes":[]},{"id":425,"url":"http:\/\/veracruzdemontilla.com\/?p=425","url_meta":{"origin":595,"position":4},"title":"Montilla, centro de peregrinaci\u00f3n","date":"6 octubre, 2013","format":false,"excerpt":"El Obispado de C\u00f3rdoba pretende convertir a Montilla en un centro de peregrinaci\u00f3n, que sea un referente a nivel nacional, mediante la iniciativa del Centro Diocesano San Juan de \u00c1vila de establecer una nueva ruta de peregrinaci\u00f3n a pie en Espa\u00f1a, en este caso 'El camino de San Juan de\u2026","rel":"","context":"En \u00abActualidad\u00bb","img":{"alt_text":"","src":"https:\/\/i0.wp.com\/veracruzdemontilla.com\/wp-content\/uploads\/2013\/10\/Obispado-Montilla-San-Juan-Avila_TINIMA20131002_1007_5.jpg?fit=627%2C352&resize=350%2C200","width":350,"height":200},"classes":[]},{"id":460,"url":"http:\/\/veracruzdemontilla.com\/?p=460","url_meta":{"origin":595,"position":5},"title":"El Vaticano prorroga hasta 2015 el A\u00f1o jubilar","date":"20 octubre, 2013","format":"video","excerpt":"El pasado 10 de octubre, la\u00a0Santa Sede\u00a0comunic\u00f3 al\u00a0obispo de C\u00f3rdoba, monse\u00f1or\u00a0Demetrio Fern\u00e1ndez, que prolongaba el\u00a0A\u00f1o Jubilar de San Juan de \u00c1vila\u00a0dos a\u00f1os m\u00e1s. \u00abSe trata de un hecho singular y poco habitual\u00bb, seg\u00fan explica en su web la Di\u00f3cesis de C\u00f3rdoba. As\u00ed,\u00a0Montilla\u00a0vivir\u00e1 un\u00a0Trienio Jubilar\u00a0como consecuencia de la declaraci\u00f3n, el pasado\u2026","rel":"","context":"En \u00abActualidad\u00bb","img":{"alt_text":"","src":"https:\/\/i2.wp.com\/veracruzdemontilla.com\/wp-content\/uploads\/2013\/10\/san-juan-avila-644-644x362.jpg?fit=644%2C362&resize=350%2C200","width":350,"height":200},"classes":[]}],"_links":{"self":[{"href":"http:\/\/veracruzdemontilla.com\/index.php?rest_route=\/wp\/v2\/posts\/595"}],"collection":[{"href":"http:\/\/veracruzdemontilla.com\/index.php?rest_route=\/wp\/v2\/posts"}],"about":[{"href":"http:\/\/veracruzdemontilla.com\/index.php?rest_route=\/wp\/v2\/types\/post"}],"author":[{"embeddable":true,"href":"http:\/\/veracruzdemontilla.com\/index.php?rest_route=\/wp\/v2\/users\/1"}],"replies":[{"embeddable":true,"href":"http:\/\/veracruzdemontilla.com\/index.php?rest_route=%2Fwp%2Fv2%2Fcomments&post=595"}],"version-history":[{"count":1,"href":"http:\/\/veracruzdemontilla.com\/index.php?rest_route=\/wp\/v2\/posts\/595\/revisions"}],"predecessor-version":[{"id":597,"href":"http:\/\/veracruzdemontilla.com\/index.php?rest_route=\/wp\/v2\/posts\/595\/revisions\/597"}],"wp:featuredmedia":[{"embeddable":true,"href":"http:\/\/veracruzdemontilla.com\/index.php?rest_route=\/wp\/v2\/media\/596"}],"wp:attachment":[{"href":"http:\/\/veracruzdemontilla.com\/index.php?rest_route=%2Fwp%2Fv2%2Fmedia&parent=595"}],"wp:term":[{"taxonomy":"category","embeddable":true,"href":"http:\/\/veracruzdemontilla.com\/index.php?rest_route=%2Fwp%2Fv2%2Fcategories&post=595"},{"taxonomy":"post_tag","embeddable":true,"href":"http:\/\/veracruzdemontilla.com\/index.php?rest_route=%2Fwp%2Fv2%2Ftags&post=595"}],"curies":[{"name":"wp","href":"https:\/\/api.w.org\/{rel}","templated":true}]}}