{"id":590,"date":"2013-12-28T20:07:51","date_gmt":"2013-12-28T19:07:51","guid":{"rendered":"http:\/\/veracruzdemontilla.com\/?p=590"},"modified":"2013-12-28T20:07:51","modified_gmt":"2013-12-28T19:07:51","slug":"la-brigada-se-prepara-para-una-posible-nueva-mision-en-libano-el-proximo-ano","status":"publish","type":"post","link":"http:\/\/veracruzdemontilla.com\/?p=590","title":{"rendered":"La Brigada se prepara para una posible nueva misi\u00f3n en L\u00edbano el pr\u00f3ximo a\u00f1o"},"content":{"rendered":"<p>La <strong>Brigada de Infanter\u00eda Guzm\u00e1n el Bueno X (Brimz X)<\/strong> volver\u00e1 a centrarse durante el pr\u00f3ximo a\u00f1o en la preparaci\u00f3n de sus soldados ante una posible nueva misi\u00f3n en el exterior. El coronel Ruiz Olmos avanz\u00f3 ayer que los soldados de Cerro Muriano aprovechar\u00e1n \u00abcada minuto y cada recurso puestos a sus disposici\u00f3n en beneficio de las operaciones\u00bb, como puede ser un nuevo despliegue en tierras libanesas \u00absi as\u00ed se ordenase\u00bb.<\/p>\n<div style=\"text-align: justify;\"><span style=\"line-height: 1.5em;\">La Brimz X ya ha participado en tres misiones de paz en este pa\u00eds de Oriente Medio, la \u00faltima de ellas entre el mes de noviembre de 2012 y mayo de 2013. El contingente, formado por unos 640 efectivos, colaborando con las Fuerzas Armadas Libanesas para ejercer el control y la seguridad de la zona, atendiendo a la resoluci\u00f3n 1.701 de la ONU. El anterior jefe de la Brimz X, Teodoro Ba\u00f1os, lider\u00f3 el contingente internacional denominado Brigada Multinacional Este, compuesto por 4.000 miembros de El Salvador, la India, Indonesia, Nepal y Malasia.<\/span><\/div>\n<div style=\"text-align: justify;\"><\/div>\n<div style=\"text-align: justify;\"><span style=\"line-height: 1.5em;\">En la misiones anteriores la labor cotidiana de los efectivos ha consistido en controlar que la tensi\u00f3n no crezca en la zona, apoyar a las fuerzas armadas libanesas y al gobierno de la naci\u00f3n, apoyar a la poblaci\u00f3n civil y proteger las infraestructuras, las instalaciones y el personal de la Organizaci\u00f3n de las Naciones Unidas (ONU) desplegado en el entorno.<\/span><\/div>\n<div style=\"text-align: justify;\"><\/div>\n<div style=\"text-align: justify;\">La brigada cordobesa de Cerro Muriano ha participado en la \u00faltima d\u00e9cada en numerosas misiones internacionales. Tras la guerra de los Balcanes, en concreto, form\u00f3 parte de tres misiones en Bosnia-Herzegovina y de otras tantas en Kosovo, todas ellas entre los a\u00f1os 1994 y 2007. Tambi\u00e9n ha formado parte de diversas agrupaciones y ha participado en labores de observaci\u00f3n de las ONU en Centroam\u00e9rica y \u00c1frica. Sus tres \u00faltimas misiones, no obstante, han tenido como escenario L\u00edbano, a donde pueden que regresen en los pr\u00f3ximos meses.<\/div>\n<div style=\"text-align: justify;\"><\/div>\n","protected":false},"excerpt":{"rendered":"<p>La Brigada de Infanter\u00eda Guzm\u00e1n el Bueno X (Brimz X) volver\u00e1 a centrarse durante el pr\u00f3ximo a\u00f1o en la preparaci\u00f3n de sus soldados ante una posible nueva misi\u00f3n en el exterior. El coronel Ruiz Olmos avanz\u00f3 ayer que los soldados de Cerro Muriano aprovechar\u00e1n \u00abcada minuto y cada recurso puestos a sus disposici\u00f3n en beneficio [&#038;hellip<\/p>\n","protected":false},"author":1,"featured_media":592,"comment_status":"closed","ping_status":"open","sticky":false,"template":"","format":"standard","meta":{"advanced_seo_description":"","spay_email":"","jetpack_publicize_message":"","jetpack_is_tweetstorm":false},"categories":[5],"tags":[],"jetpack_featured_media_url":"https:\/\/i1.wp.com\/veracruzdemontilla.com\/wp-content\/uploads\/2013\/12\/brimz-x.jpg?fit=640%2C400","jetpack_publicize_connections":[],"wpmagazine_modules_lite_featured_media_urls":{"thumbnail":["https:\/\/i1.wp.com\/veracruzdemontilla.com\/wp-content\/uploads\/2013\/12\/brimz-x.jpg?resize=150%2C150",150,150,true],"cvmm-medium":["https:\/\/i1.wp.com\/veracruzdemontilla.com\/wp-content\/uploads\/2013\/12\/brimz-x.jpg?resize=300%2C300",300,300,true],"cvmm-medium-plus":["https:\/\/i1.wp.com\/veracruzdemontilla.com\/wp-content\/uploads\/2013\/12\/brimz-x.jpg?resize=305%2C207",305,207,true],"cvmm-portrait":["https:\/\/i1.wp.com\/veracruzdemontilla.com\/wp-content\/uploads\/2013\/12\/brimz-x.jpg?resize=400%2C400",400,400,true],"cvmm-medium-square":["https:\/\/i1.wp.com\/veracruzdemontilla.com\/wp-content\/uploads\/2013\/12\/brimz-x.jpg?resize=600%2C400",600,400,true],"cvmm-large":["https:\/\/i1.wp.com\/veracruzdemontilla.com\/wp-content\/uploads\/2013\/12\/brimz-x.jpg?resize=640%2C400",640,400,true],"cvmm-small":["https:\/\/i1.wp.com\/veracruzdemontilla.com\/wp-content\/uploads\/2013\/12\/brimz-x.jpg?resize=130%2C95",130,95,true],"full":["https:\/\/i1.wp.com\/veracruzdemontilla.com\/wp-content\/uploads\/2013\/12\/brimz-x.jpg?fit=640%2C400",640,400,false]},"categories_names":{"5":{"name":"Actualidad","link":"http:\/\/veracruzdemontilla.com\/?cat=5"}},"tags_names":[],"comments_number":"0","jetpack_sharing_enabled":true,"jetpack_shortlink":"https:\/\/wp.me\/p9INPk-9w","jetpack_likes_enabled":true,"jetpack-related-posts":[{"id":489,"url":"http:\/\/veracruzdemontilla.com\/?p=489","url_meta":{"origin":590,"position":0},"title":"La Brimz X homenajea a los ca\u00eddos por la patria","date":"3 noviembre, 2013","format":false,"excerpt":"El Ej\u00e9rcito de Tierra celebr\u00f3 ayer como cada a\u00f1o el D\u00eda de los Ca\u00eddos por la Patria, en el que se homenaje\u00f3 a todos aquellos soldados que dieron su vida por Espa\u00f1a, rindiendo honores a todos los fallecidos, como reconocimiento a su m\u00e9rito, sacrificio y testimonio de respeto a sus\u2026","rel":"","context":"En \u00abActualidad\u00bb","img":{"alt_text":"","src":"https:\/\/i1.wp.com\/veracruzdemontilla.com\/wp-content\/uploads\/2013\/11\/inmaculada3.jpg?fit=640%2C399&resize=350%2C200","width":350,"height":200},"classes":[]},{"id":1301,"url":"http:\/\/veracruzdemontilla.com\/?p=1301","url_meta":{"origin":590,"position":1},"title":"Un a\u00f1o m\u00e1s, la Brigada de Infanter\u00eda Mecanizada \u201cGuzm\u00e1n El Bueno\u201d X acompa\u00f1ar\u00e1 al Santo Cristo de Zacatecas","date":"22 marzo, 2016","format":false,"excerpt":"Un a\u00f1o m\u00e1s, la Banda de Cornetas y Tambores de la Brigada de Infanter\u00eda Mecanizada \u201cGuzm\u00e1n El Bueno\u201d X acompa\u00f1ar\u00e1 al Santo Cristo de Zacatecas y a su bendita Madre del Socorro en su\u00a0estaci\u00f3n de penitencia en esta tarde de\u00a0Martes Santo. La Brigada de Infanter\u00eda Mecanizada (Brimz) 'Guzm\u00e1n el Bueno'\u2026","rel":"","context":"En \u00abActualidad\u00bb","img":{"alt_text":"","src":"https:\/\/i0.wp.com\/veracruzdemontilla.com\/wp-content\/uploads\/2016\/03\/banda.jpg?fit=640%2C400&resize=350%2C200","width":350,"height":200},"classes":[]},{"id":185,"url":"http:\/\/veracruzdemontilla.com\/?p=185","url_meta":{"origin":590,"position":2},"title":"El coronel Antonio Ruiz Olmos al mando de la B.I.M. Guzm\u00e1n el Bueno X","date":"13 julio, 2013","format":false,"excerpt":"El coronel Antonio Ruiz Olmos tom\u00f3 ayer el mando de la Brigada de Infanter\u00eda Mecanizada Guzm\u00e1n el Bueno X y de la comandancia militar de C\u00f3rdoba y Ja\u00e9n. La ceremonia, que tuvo lugar en la Base de Cerro Muriano, fue celebrada despu\u00e9s del juramento del cargo y presidida por el\u2026","rel":"","context":"En \u00abActualidad\u00bb","img":{"alt_text":"","src":"https:\/\/i2.wp.com\/veracruzdemontilla.com\/wp-content\/uploads\/2013\/07\/IMG_6569.jpg?fit=1200%2C800&resize=350%2C200","width":350,"height":200},"classes":[]},{"id":545,"url":"http:\/\/veracruzdemontilla.com\/?p=545","url_meta":{"origin":590,"position":3},"title":"Acompa\u00f1amos a nuestros hermanos de la brigada en el d\u00eda de la Inmaculada","date":"10 diciembre, 2013","format":false,"excerpt":"Nuestro Hermano Mayor Miguel Navarro, junto a Florencio Polonio y Antonio Luis Jim\u00e9nez, capataz y vocal de cultos respectivamente de nuestra hermandad, visitaron este domingo la Base Militar de Cerro Muriano que acogi\u00f3 la celebraci\u00f3n del \"d\u00eda grande\" de la Infanter\u00eda espa\u00f1ola, en el que se rinde homenaje a la\u2026","rel":"","context":"En \u00abActualidad\u00bb","img":{"alt_text":"","src":"https:\/\/i0.wp.com\/veracruzdemontilla.com\/wp-content\/uploads\/2013\/12\/brimz_inmaculada_01.jpg?fit=640%2C400&resize=350%2C200","width":350,"height":200},"classes":[]},{"id":951,"url":"http:\/\/veracruzdemontilla.com\/?p=951","url_meta":{"origin":590,"position":4},"title":"Cajasur entrega a la Brimz &#8216;Guzm\u00e1n el Bueno&#8217; X material escolar para los ni\u00f1os de L\u00edbano","date":"19 octubre, 2014","format":false,"excerpt":"Cajasur ha hecho entrega a la Brigada de Infanter\u00eda Mecanizada (Brimz) 'Guzm\u00e1n el Bueno' X, en la base militar cordobesa de Cerro Muriano, de diverso material de ense\u00f1anza, destinado a los ni\u00f1os de L\u00edbano, con motivo del pr\u00f3ximo despliegue de efectivos de la Brimz X en el Sur del citado\u2026","rel":"","context":"En \u00abActualidad\u00bb","img":{"alt_text":"","src":"https:\/\/i1.wp.com\/veracruzdemontilla.com\/wp-content\/uploads\/2014\/10\/escolar.jpg?fit=640%2C400&resize=350%2C200","width":350,"height":200},"classes":[]},{"id":1316,"url":"http:\/\/veracruzdemontilla.com\/?p=1316","url_meta":{"origin":590,"position":5},"title":"Las instalaciones de la Brimz X, las mejores del ej\u00e9rcito de tierra","date":"6 abril, 2016","format":false,"excerpt":"La Brigada de Infanter\u00eda Mecanizada \u00abGuzm\u00e1n el Bueno\u00bb X, con base en Cerro Muriano (C\u00f3rdoba), dispone, por un lado, de \u00abla mayor base que tienen las Fuerzas Armadas Espa\u00f1olas\u00bb, contando con su campo de tiro y maniobras, siendo tambi\u00e9n una de las mejores bases \u00abdel Ej\u00e9rcito de Tierra\u00bb, en cuanto\u2026","rel":"","context":"En \u00abActualidad\u00bb","img":{"alt_text":"","src":"https:\/\/i2.wp.com\/veracruzdemontilla.com\/wp-content\/uploads\/2016\/04\/Veracruz-Montilla-2016.jpg?fit=640%2C400&resize=350%2C200","width":350,"height":200},"classes":[]}],"_links":{"self":[{"href":"http:\/\/veracruzdemontilla.com\/index.php?rest_route=\/wp\/v2\/posts\/590"}],"collection":[{"href":"http:\/\/veracruzdemontilla.com\/index.php?rest_route=\/wp\/v2\/posts"}],"about":[{"href":"http:\/\/veracruzdemontilla.com\/index.php?rest_route=\/wp\/v2\/types\/post"}],"author":[{"embeddable":true,"href":"http:\/\/veracruzdemontilla.com\/index.php?rest_route=\/wp\/v2\/users\/1"}],"replies":[{"embeddable":true,"href":"http:\/\/veracruzdemontilla.com\/index.php?rest_route=%2Fwp%2Fv2%2Fcomments&post=590"}],"version-history":[{"count":2,"href":"http:\/\/veracruzdemontilla.com\/index.php?rest_route=\/wp\/v2\/posts\/590\/revisions"}],"predecessor-version":[{"id":593,"href":"http:\/\/veracruzdemontilla.com\/index.php?rest_route=\/wp\/v2\/posts\/590\/revisions\/593"}],"wp:featuredmedia":[{"embeddable":true,"href":"http:\/\/veracruzdemontilla.com\/index.php?rest_route=\/wp\/v2\/media\/592"}],"wp:attachment":[{"href":"http:\/\/veracruzdemontilla.com\/index.php?rest_route=%2Fwp%2Fv2%2Fmedia&parent=590"}],"wp:term":[{"taxonomy":"category","embeddable":true,"href":"http:\/\/veracruzdemontilla.com\/index.php?rest_route=%2Fwp%2Fv2%2Fcategories&post=590"},{"taxonomy":"post_tag","embeddable":true,"href":"http:\/\/veracruzdemontilla.com\/index.php?rest_route=%2Fwp%2Fv2%2Ftags&post=590"}],"curies":[{"name":"wp","href":"https:\/\/api.w.org\/{rel}","templated":true}]}}