{"id":588,"date":"2014-03-22T12:13:07","date_gmt":"2014-03-22T11:13:07","guid":{"rendered":"http:\/\/veracruzdemontilla.com\/?p=588"},"modified":"2014-03-22T12:13:07","modified_gmt":"2014-03-22T11:13:07","slug":"el-cristo-de-zacatecas-y-el-rimz-cordoba-10","status":"publish","type":"post","link":"http:\/\/veracruzdemontilla.com\/?p=588","title":{"rendered":"El Cristo de Zacatecas y el RIMZ C\u00f3rdoba 10"},"content":{"rendered":"<p style=\"text-align: justify;\">Las puertas de la parroquia de Santiago se abrir\u00e1n a las 20.00h del martes santo, para dar salida al cortejo de la Cofrad\u00eda Penitencial de la Santa Vera Cruz. El cortejo, que retornar\u00e1 al templo mayor de Montilla en torno a la medianoche, se abrir\u00e1 con la cruz de gu\u00eda de nuestra hermandad, una pieza an\u00f3nima del siglo XVII, realizada en madera policromada y que alberga la pintura de un crucificado.<\/p>\n<p style=\"text-align: justify;\">La impresionante imagen del Santo Cristo de Zacatecas y Nuestra Se\u00f1ora del Socorro, cuya advocaci\u00f3n fue introducida y difundida en Espa\u00f1a por las huestes de Gonzalo Fern\u00e1ndez de C\u00f3rdoba, estar\u00e1n acompa\u00f1ados un a\u00f1o m\u00e1s\u00a0<span style=\"line-height: 1.5em;\">por la Banda de Cornetas y Tambores de la Brigada de Infanter\u00eda Mecanizada \u00abGuzm\u00e1n el Bueno\u00bb X, que completar\u00e1 el recorrido junto a la tradicional escuadra de gastadores y banderines. <\/span><\/p>\n<p style=\"text-align: justify;\"><span style=\"line-height: 1.5em;\">Tal y como ha destacado nuestro hermano mayor de la Vera Cruz, Miguel Navarro, \u00ab<\/span><em style=\"line-height: 1.5em;\">este acompa\u00f1amiento musical ha permitido que pr\u00e1cticamente la totalidad del cortejo sea militar<\/em><span style=\"line-height: 1.5em;\">\u00ab, lo que responde al hecho de que el Regimiento C\u00f3rdoba 10 fuera distinguido con el nombramiento de Hermano Mayor Honorario de la cofrad\u00eda.<\/span><\/p>\n","protected":false},"excerpt":{"rendered":"<p>Las puertas de la parroquia de Santiago se abrir\u00e1n a las 20.00h del martes santo, para dar salida al cortejo de la Cofrad\u00eda Penitencial de la Santa Vera Cruz. El cortejo, que retornar\u00e1 al templo mayor de Montilla en torno a la medianoche, se abrir\u00e1 con la cruz de gu\u00eda de nuestra hermandad, una pieza [&#038;hellip<\/p>\n","protected":false},"author":1,"featured_media":666,"comment_status":"closed","ping_status":"open","sticky":false,"template":"","format":"standard","meta":{"advanced_seo_description":"","spay_email":"","jetpack_publicize_message":"","jetpack_is_tweetstorm":false},"categories":[5],"tags":[4],"jetpack_featured_media_url":"https:\/\/i0.wp.com\/veracruzdemontilla.com\/wp-content\/uploads\/2014\/03\/ssanta4.jpg?fit=640%2C400","jetpack_publicize_connections":[],"wpmagazine_modules_lite_featured_media_urls":{"thumbnail":["https:\/\/i0.wp.com\/veracruzdemontilla.com\/wp-content\/uploads\/2014\/03\/ssanta4.jpg?resize=150%2C150",150,150,true],"cvmm-medium":["https:\/\/i0.wp.com\/veracruzdemontilla.com\/wp-content\/uploads\/2014\/03\/ssanta4.jpg?resize=300%2C300",300,300,true],"cvmm-medium-plus":["https:\/\/i0.wp.com\/veracruzdemontilla.com\/wp-content\/uploads\/2014\/03\/ssanta4.jpg?resize=305%2C207",305,207,true],"cvmm-portrait":["https:\/\/i0.wp.com\/veracruzdemontilla.com\/wp-content\/uploads\/2014\/03\/ssanta4.jpg?resize=400%2C400",400,400,true],"cvmm-medium-square":["https:\/\/i0.wp.com\/veracruzdemontilla.com\/wp-content\/uploads\/2014\/03\/ssanta4.jpg?resize=600%2C400",600,400,true],"cvmm-large":["https:\/\/i0.wp.com\/veracruzdemontilla.com\/wp-content\/uploads\/2014\/03\/ssanta4.jpg?resize=640%2C400",640,400,true],"cvmm-small":["https:\/\/i0.wp.com\/veracruzdemontilla.com\/wp-content\/uploads\/2014\/03\/ssanta4.jpg?resize=130%2C95",130,95,true],"full":["https:\/\/i0.wp.com\/veracruzdemontilla.com\/wp-content\/uploads\/2014\/03\/ssanta4.jpg?fit=640%2C400",640,400,false]},"categories_names":{"5":{"name":"Actualidad","link":"http:\/\/veracruzdemontilla.com\/?cat=5"}},"tags_names":{"4":{"name":"Favoritos","link":"http:\/\/veracruzdemontilla.com\/?tag=favoritos"}},"comments_number":"0","jetpack_sharing_enabled":true,"jetpack_shortlink":"https:\/\/wp.me\/p9INPk-9u","jetpack_likes_enabled":true,"jetpack-related-posts":[{"id":2360,"url":"http:\/\/veracruzdemontilla.com\/?p=2360","url_meta":{"origin":588,"position":0},"title":"El Cristo de Zacatecas y la Virgen del Socorro har\u00e1n su salida desde la Santa Iglesia Catedral","date":"5 junio, 2025","format":false,"excerpt":"El Santo Cristo de Zacatecas y Santa Mar\u00eda del Socorro, Madre de Dios y Se\u00f1ora Nuestra, titulares de la Cofrad\u00eda Penitencial de la Santa Vera Cruz, har\u00e1n su salida procesional desde la Santa Iglesia Catedral de C\u00f3rdoba, templo dedicado a Nuestra Se\u00f1ora de la Asunci\u00f3n que es cabeza y madre\u2026","rel":"","context":"En \u00abActualidad\u00bb","img":{"alt_text":"","src":"https:\/\/i0.wp.com\/veracruzdemontilla.com\/wp-content\/uploads\/2025\/06\/WhatsApp-Image-2025-06-05-at-09.28.45.jpeg?fit=900%2C1200&resize=350%2C200","width":350,"height":200},"classes":[]},{"id":732,"url":"http:\/\/veracruzdemontilla.com\/?p=732","url_meta":{"origin":588,"position":1},"title":"El Cristo de Zacatecas y el RIMZ C\u00f3rdoba 10","date":"15 abril, 2014","format":false,"excerpt":"Las puertas de la reci\u00e9n inaugurada parroquia de Santiago se abrir\u00e1n esta tarde a las 20:00, para dar salida al cortejo de la Cofrad\u00eda Penitencial de la Santa Vera Cruz. \u00a0El cortejo, que retornar\u00e1 al templo mayor de Montilla en torno a la medianoche, se abrir\u00e1 con la cruz de\u2026","rel":"","context":"En \u00abActualidad\u00bb","img":{"alt_text":"","src":"https:\/\/i2.wp.com\/veracruzdemontilla.com\/wp-content\/uploads\/2014\/04\/corredera2.jpg?fit=640%2C400&resize=350%2C200","width":350,"height":200},"classes":[]},{"id":2475,"url":"http:\/\/veracruzdemontilla.com\/?p=2475","url_meta":{"origin":588,"position":2},"title":"Presentado el cartel de la Vera Cruz en el Magno V\u00eda Crucis","date":"24 septiembre, 2025","format":false,"excerpt":"El domingo 21 de septiembre, tras la misa dominical, la capilla del Santo Cristo de Zacatecas acogi\u00f3 la presentaci\u00f3n del cartel anunciador de la participaci\u00f3n del Santo Cristo de Zacatecas y Santa Mar\u00eda del Socorro en el Magno V\u00eda Crucis C\u00f3rdoba V\u00eda Sacra de Occidente. El acto dio comienzo con\u2026","rel":"","context":"En \u00abActualidad\u00bb","img":{"alt_text":"","src":"https:\/\/i1.wp.com\/veracruzdemontilla.com\/wp-content\/uploads\/2025\/09\/552115729_1871256357160206_6365698202636524812_n.jpg?fit=1200%2C900&resize=350%2C200","width":350,"height":200},"classes":[]},{"id":1890,"url":"http:\/\/veracruzdemontilla.com\/?p=1890","url_meta":{"origin":588,"position":3},"title":"La Vera Cruz en el Magno V\u00eda Crucis de C\u00f3rdoba","date":"10 marzo, 2025","format":false,"excerpt":"Los Sagrados Titulares de la Cofrad\u00eda Penitencial de la Santa Vera Cruz procesionar\u00e1n el pr\u00f3ximo mes de octubre por la capital cordobesa, una vez aceptada la amable invitaci\u00f3n cursada por la Agrupaci\u00f3n de Hermandades y Cofrad\u00edas de C\u00f3rdoba. Como adelantaba nuestra cofrad\u00eda en un comunicado fechado el viernes 7 de\u2026","rel":"","context":"En \u00abMagno V\u00eda Crucis\u00bb","img":{"alt_text":"","src":"https:\/\/i2.wp.com\/veracruzdemontilla.com\/wp-content\/uploads\/2025\/03\/Via-Crucis-Magno_Zacatecas.jpg?fit=960%2C1200&resize=350%2C200","width":350,"height":200},"classes":[]},{"id":1347,"url":"http:\/\/veracruzdemontilla.com\/?p=1347","url_meta":{"origin":588,"position":4},"title":"V\u00eda Crucis del Sant\u00edsimo Cristo de Zacatecas","date":"4 abril, 2017","format":false,"excerpt":"El pr\u00f3ximo s\u00e1bado, 8\u00a0de abril, \u00a0tendr\u00e1 lugar el V\u00eda Crucis de nuestro Titular, dando comienzo a las 20:30\u00a0de la noche, y realizando su recorrido, a hombros de nuestros costaleros, por diversas calles del popular barrio de La Escuchuela. El cortejo ser\u00e1\u00a0acompa\u00f1ado por nuestros hermanos y todos aquellos devotos y vecinos\u2026","rel":"","context":"En \u00abActualidad\u00bb","img":{"alt_text":"","src":"https:\/\/i2.wp.com\/veracruzdemontilla.com\/wp-content\/uploads\/2017\/04\/17.jpg?fit=640%2C400&resize=350%2C200","width":350,"height":200},"classes":[]},{"id":1600,"url":"http:\/\/veracruzdemontilla.com\/?p=1600","url_meta":{"origin":588,"position":5},"title":"Solemne Viacrucis de Entronizaci\u00f3n del Santo Cristo de Zacatecas","date":"11 abril, 2019","format":false,"excerpt":"En la antesala de la Semana Santa montillana, el pr\u00f3ximo S\u00e1bado de Pasi\u00f3n 13 de abril, el Cristo de Zacatecas ser\u00e1 trasladado a su paso en el que quedar\u00e1 entronizado de cara a la Estaci\u00f3n de Penitencia del Martes Santo. La entronizaci\u00f3n se producir\u00e1 en la \u00faltima estaci\u00f3n del rezo\u2026","rel":"","context":"En \u00abActualidad\u00bb","img":{"alt_text":"","src":"https:\/\/i0.wp.com\/veracruzdemontilla.com\/wp-content\/uploads\/2019\/04\/Viacrucis-2019-bn.jpg?fit=1182%2C1182&resize=350%2C200","width":350,"height":200},"classes":[]}],"_links":{"self":[{"href":"http:\/\/veracruzdemontilla.com\/index.php?rest_route=\/wp\/v2\/posts\/588"}],"collection":[{"href":"http:\/\/veracruzdemontilla.com\/index.php?rest_route=\/wp\/v2\/posts"}],"about":[{"href":"http:\/\/veracruzdemontilla.com\/index.php?rest_route=\/wp\/v2\/types\/post"}],"author":[{"embeddable":true,"href":"http:\/\/veracruzdemontilla.com\/index.php?rest_route=\/wp\/v2\/users\/1"}],"replies":[{"embeddable":true,"href":"http:\/\/veracruzdemontilla.com\/index.php?rest_route=%2Fwp%2Fv2%2Fcomments&post=588"}],"version-history":[{"count":2,"href":"http:\/\/veracruzdemontilla.com\/index.php?rest_route=\/wp\/v2\/posts\/588\/revisions"}],"predecessor-version":[{"id":667,"href":"http:\/\/veracruzdemontilla.com\/index.php?rest_route=\/wp\/v2\/posts\/588\/revisions\/667"}],"wp:featuredmedia":[{"embeddable":true,"href":"http:\/\/veracruzdemontilla.com\/index.php?rest_route=\/wp\/v2\/media\/666"}],"wp:attachment":[{"href":"http:\/\/veracruzdemontilla.com\/index.php?rest_route=%2Fwp%2Fv2%2Fmedia&parent=588"}],"wp:term":[{"taxonomy":"category","embeddable":true,"href":"http:\/\/veracruzdemontilla.com\/index.php?rest_route=%2Fwp%2Fv2%2Fcategories&post=588"},{"taxonomy":"post_tag","embeddable":true,"href":"http:\/\/veracruzdemontilla.com\/index.php?rest_route=%2Fwp%2Fv2%2Ftags&post=588"}],"curies":[{"name":"wp","href":"https:\/\/api.w.org\/{rel}","templated":true}]}}