{"id":582,"date":"2013-12-20T19:50:49","date_gmt":"2013-12-20T18:50:49","guid":{"rendered":"http:\/\/veracruzdemontilla.com\/?p=582"},"modified":"2013-12-22T19:54:27","modified_gmt":"2013-12-22T18:54:27","slug":"ruiz-olmos-recibe-la-faja-de-general-de-la-brimz-x","status":"publish","type":"post","link":"http:\/\/veracruzdemontilla.com\/?p=582","title":{"rendered":"Ruiz Olmos recibe la faja de general de la BRIMZ X"},"content":{"rendered":"<p style=\"text-align: justify;\">El general jefe de las Fuerzas Pesadas, Miguel \u00c1lca\u00f1iz Comas, ha presidido esta ma\u00f1ana en el Oratorio San Felipe Neri<strong>\u00a0la imposici\u00f3n de la Faja al nuevo general de la Brigada de Infanter\u00eda Mecanizada \u00abGuzm\u00e1n El Bueno\u00bb Antonio Ruiz Olmos<\/strong>. Al acto han asisitido numerosas autoridades institucionales, civiles y militares, entre ellos, el alcalde de C\u00f3rdoba, Jos\u00e9 Antonio Nieto; el presidente de la Audiencia Provincial; Eduardo Baena; el Fiscal Jefe, Jos\u00e9 Antonio Mart\u00edn Caro, adem\u00e1s de los familiares del nuevo general como su mujer, Ana Tamayo, actual concejala de Movilidad del Ayuntamiento de C\u00f3rdoba, y sus dos hijos.<\/p>\n<p style=\"text-align: justify;\">El\u00a0<strong>nombramiento<\/strong>\u00a0como general de la Brimz \u00abGuzm\u00e1n el Bueno\u00bb X fue\u00a0<strong>aprobado el pasado 13 de diciembre<\/strong>, en Consejo de Ministros por Real Decreo publicado en el 14 de diciembre en el BOE. Durante el acto, el general Jefe de Fuerzas Pesadas, Miguel Alca\u00f1iz Comas, traz\u00f3 un perfil del nuevo general describi\u00e9ndolo como un<strong>\u00a0\u00abhombre bueno perfectamente cualificado para resolver con sobresaliente eficacia cualquier situaci\u00f3n<\/strong>\u00bb. En esta misma l\u00ednea, el general jefe Alca\u00f1iz destac\u00f3 que mientras el nuevo general Ruiz Olmos estaba bajo sus \u00f3rdenes destacaba \u00abpor su capacidad de organizaci\u00f3n y planificaci\u00f3n\u00bb, al tiempo que subray\u00f3 su \u00ababsoluta disosici\u00f3n y generosidad\u00bb.<\/p>\n<p style=\"text-align: justify;\">El general Ruiz Olmos fue nombrado\u00a0<strong>el pasado mes de julio nuevo jefe de la base de Cerro Muriano<\/strong>, sustituyendo en el cargo al mando accidental, el coronel Jos\u00e9 Mar\u00eda Granero, quien ven\u00eda desempe\u00f1ando el puesto desde la marcha del general Teodoro Ba\u00f1os.<\/p>\n<p style=\"text-align: justify;\">El general Ruiz Olmos ha desempe\u00f1ado hasta la fecha diversas funciones en el Cuartel General del Ej\u00e9rcito, as\u00ed como en la Jefatura de Estado Mayor de las Fuerzas Pesadas. Este\u00a0<strong>melillense<\/strong>\u00a0cuenta con una\u00a0<strong>dilatada trayectoria<\/strong>\u00a0desde que ingres\u00f3 en las Fuerzas Armadas en septiembre de 1978. Alcanz\u00f3 el empleo de teniente en 1983, siendo su primer destino el Regimiento de Infanter\u00eda Mecanizada \u00abLa Reina\u00bb n\u00famero 2 en C\u00f3rdoba. El coronel Ruiz Olmos ha ejercido el mando de diferentes unidades de Infanter\u00eda en Tenerife, Pontevedra y C\u00f3rdoba, y en otros puestos en Badajoz, Madrid, Burgos y Sevilla.<\/p>\n","protected":false},"excerpt":{"rendered":"<p>El general jefe de las Fuerzas Pesadas, Miguel \u00c1lca\u00f1iz Comas, ha presidido esta ma\u00f1ana en el Oratorio San Felipe Neri\u00a0la imposici\u00f3n de la Faja al nuevo general de la Brigada de Infanter\u00eda Mecanizada \u00abGuzm\u00e1n El Bueno\u00bb Antonio Ruiz Olmos. Al acto han asisitido numerosas autoridades institucionales, civiles y militares, entre ellos, el alcalde de C\u00f3rdoba, [&#038;hellip<\/p>\n","protected":false},"author":1,"featured_media":583,"comment_status":"closed","ping_status":"open","sticky":false,"template":"","format":"standard","meta":{"advanced_seo_description":"","spay_email":"","jetpack_publicize_message":"","jetpack_is_tweetstorm":false},"categories":[5],"tags":[4],"jetpack_featured_media_url":"https:\/\/i2.wp.com\/veracruzdemontilla.com\/wp-content\/uploads\/2013\/12\/ruiz1-644x362.jpg?fit=644%2C362","jetpack_publicize_connections":[],"wpmagazine_modules_lite_featured_media_urls":{"thumbnail":["https:\/\/i2.wp.com\/veracruzdemontilla.com\/wp-content\/uploads\/2013\/12\/ruiz1-644x362.jpg?resize=150%2C150",150,150,true],"cvmm-medium":["https:\/\/i2.wp.com\/veracruzdemontilla.com\/wp-content\/uploads\/2013\/12\/ruiz1-644x362.jpg?resize=300%2C300",300,300,true],"cvmm-medium-plus":["https:\/\/i2.wp.com\/veracruzdemontilla.com\/wp-content\/uploads\/2013\/12\/ruiz1-644x362.jpg?resize=305%2C207",305,207,true],"cvmm-portrait":["https:\/\/i2.wp.com\/veracruzdemontilla.com\/wp-content\/uploads\/2013\/12\/ruiz1-644x362.jpg?resize=400%2C362",400,362,true],"cvmm-medium-square":["https:\/\/i2.wp.com\/veracruzdemontilla.com\/wp-content\/uploads\/2013\/12\/ruiz1-644x362.jpg?resize=600%2C362",600,362,true],"cvmm-large":["https:\/\/i2.wp.com\/veracruzdemontilla.com\/wp-content\/uploads\/2013\/12\/ruiz1-644x362.jpg?resize=644%2C362",644,362,true],"cvmm-small":["https:\/\/i2.wp.com\/veracruzdemontilla.com\/wp-content\/uploads\/2013\/12\/ruiz1-644x362.jpg?resize=130%2C95",130,95,true],"full":["https:\/\/i2.wp.com\/veracruzdemontilla.com\/wp-content\/uploads\/2013\/12\/ruiz1-644x362.jpg?fit=644%2C362",644,362,false]},"categories_names":{"5":{"name":"Actualidad","link":"http:\/\/veracruzdemontilla.com\/?cat=5"}},"tags_names":{"4":{"name":"Favoritos","link":"http:\/\/veracruzdemontilla.com\/?tag=favoritos"}},"comments_number":"0","jetpack_sharing_enabled":true,"jetpack_shortlink":"https:\/\/wp.me\/p9INPk-9o","jetpack_likes_enabled":true,"jetpack-related-posts":[{"id":185,"url":"http:\/\/veracruzdemontilla.com\/?p=185","url_meta":{"origin":582,"position":0},"title":"El coronel Antonio Ruiz Olmos al mando de la B.I.M. Guzm\u00e1n el Bueno X","date":"13 julio, 2013","format":false,"excerpt":"El coronel Antonio Ruiz Olmos tom\u00f3 ayer el mando de la Brigada de Infanter\u00eda Mecanizada Guzm\u00e1n el Bueno X y de la comandancia militar de C\u00f3rdoba y Ja\u00e9n. La ceremonia, que tuvo lugar en la Base de Cerro Muriano, fue celebrada despu\u00e9s del juramento del cargo y presidida por el\u2026","rel":"","context":"En \u00abActualidad\u00bb","img":{"alt_text":"","src":"https:\/\/i2.wp.com\/veracruzdemontilla.com\/wp-content\/uploads\/2013\/07\/IMG_6569.jpg?fit=1200%2C800&resize=350%2C200","width":350,"height":200},"classes":[]},{"id":1237,"url":"http:\/\/veracruzdemontilla.com\/?p=1237","url_meta":{"origin":582,"position":1},"title":"La Brimz vive su fiesta \u00abdisponible para responder\u00bb a m\u00e1s misiones","date":"11 diciembre, 2015","format":"video","excerpt":"Fuente y Foto: Diario C\u00f3rdoba V\u00eddeo: Cofrad\u00eda Vera Cruz Montilla La Brigada Mecanizada (Brimz) Guzm\u00e1n el Bueno X celebr\u00f3 el pasado martes\u00a0la festividad de la patrona del cuerpo de Infanter\u00eda, la Inmaculada Concepci\u00f3n, con un acto castrense en el que el general jefe, Antonio Ruiz Olmos, reivindic\u00f3 la \"fortaleza moral\"\u2026","rel":"","context":"En \u00abActualidad\u00bb","img":{"alt_text":"","src":"https:\/\/i1.wp.com\/veracruzdemontilla.com\/wp-content\/uploads\/2015\/12\/brimz_fiesta.jpg?fit=640%2C400&resize=350%2C200","width":350,"height":200},"classes":[]},{"id":489,"url":"http:\/\/veracruzdemontilla.com\/?p=489","url_meta":{"origin":582,"position":2},"title":"La Brimz X homenajea a los ca\u00eddos por la patria","date":"3 noviembre, 2013","format":false,"excerpt":"El Ej\u00e9rcito de Tierra celebr\u00f3 ayer como cada a\u00f1o el D\u00eda de los Ca\u00eddos por la Patria, en el que se homenaje\u00f3 a todos aquellos soldados que dieron su vida por Espa\u00f1a, rindiendo honores a todos los fallecidos, como reconocimiento a su m\u00e9rito, sacrificio y testimonio de respeto a sus\u2026","rel":"","context":"En \u00abActualidad\u00bb","img":{"alt_text":"","src":"https:\/\/i1.wp.com\/veracruzdemontilla.com\/wp-content\/uploads\/2013\/11\/inmaculada3.jpg?fit=640%2C399&resize=350%2C200","width":350,"height":200},"classes":[]},{"id":944,"url":"http:\/\/veracruzdemontilla.com\/?p=944","url_meta":{"origin":582,"position":3},"title":"La Brigada Guzm\u00e1n el Bueno X celebra un acto de Confirmaci\u00f3n eclesi\u00e1stica","date":"12 octubre, 2014","format":false,"excerpt":"El Arzobispo General Castrense Juan del R\u00edo Mart\u00edn ha administrado el sacramento de la confirmaci\u00f3n a 57 componentes de la Brigada en el sal\u00f3n de actos del n\u00facleo oeste de la Base de Cerro Muriano. Al acto ha asistido el General Jefe de la Brigada de Infanter\u00eda Mecanizada \u201cGuzm\u00e1n el\u2026","rel":"","context":"En \u00abActualidad\u00bb","img":{"alt_text":"","src":"https:\/\/i0.wp.com\/veracruzdemontilla.com\/wp-content\/uploads\/2014\/10\/confirmacion_brigada.jpg?fit=640%2C400&resize=350%2C200","width":350,"height":200},"classes":[]},{"id":311,"url":"http:\/\/veracruzdemontilla.com\/?p=311","url_meta":{"origin":582,"position":4},"title":"Relevos en las unidades de la brigada","date":"8 septiembre, 2013","format":false,"excerpt":"El pasado mi\u00e9rcoles y jueves se procedi\u00f3 en la base de Cerro Muriano a las entregas de mando en varias unidades de la Brigada de Infanter\u00eda Mecanizada Guzm\u00e1n el Bueno X, tras la reciente toma de posesi\u00f3n del nuevo jefe de la unidad, el coronel Antonio Ruiz Olmos (arriba, a\u2026","rel":"","context":"En \u00abActualidad\u00bb","img":{"alt_text":"","src":"https:\/\/i2.wp.com\/veracruzdemontilla.com\/wp-content\/uploads\/2013\/09\/7sep.jpg?fit=792%2C413&resize=350%2C200","width":350,"height":200},"classes":[]},{"id":545,"url":"http:\/\/veracruzdemontilla.com\/?p=545","url_meta":{"origin":582,"position":5},"title":"Acompa\u00f1amos a nuestros hermanos de la brigada en el d\u00eda de la Inmaculada","date":"10 diciembre, 2013","format":false,"excerpt":"Nuestro Hermano Mayor Miguel Navarro, junto a Florencio Polonio y Antonio Luis Jim\u00e9nez, capataz y vocal de cultos respectivamente de nuestra hermandad, visitaron este domingo la Base Militar de Cerro Muriano que acogi\u00f3 la celebraci\u00f3n del \"d\u00eda grande\" de la Infanter\u00eda espa\u00f1ola, en el que se rinde homenaje a la\u2026","rel":"","context":"En \u00abActualidad\u00bb","img":{"alt_text":"","src":"https:\/\/i0.wp.com\/veracruzdemontilla.com\/wp-content\/uploads\/2013\/12\/brimz_inmaculada_01.jpg?fit=640%2C400&resize=350%2C200","width":350,"height":200},"classes":[]}],"_links":{"self":[{"href":"http:\/\/veracruzdemontilla.com\/index.php?rest_route=\/wp\/v2\/posts\/582"}],"collection":[{"href":"http:\/\/veracruzdemontilla.com\/index.php?rest_route=\/wp\/v2\/posts"}],"about":[{"href":"http:\/\/veracruzdemontilla.com\/index.php?rest_route=\/wp\/v2\/types\/post"}],"author":[{"embeddable":true,"href":"http:\/\/veracruzdemontilla.com\/index.php?rest_route=\/wp\/v2\/users\/1"}],"replies":[{"embeddable":true,"href":"http:\/\/veracruzdemontilla.com\/index.php?rest_route=%2Fwp%2Fv2%2Fcomments&post=582"}],"version-history":[{"count":1,"href":"http:\/\/veracruzdemontilla.com\/index.php?rest_route=\/wp\/v2\/posts\/582\/revisions"}],"predecessor-version":[{"id":584,"href":"http:\/\/veracruzdemontilla.com\/index.php?rest_route=\/wp\/v2\/posts\/582\/revisions\/584"}],"wp:featuredmedia":[{"embeddable":true,"href":"http:\/\/veracruzdemontilla.com\/index.php?rest_route=\/wp\/v2\/media\/583"}],"wp:attachment":[{"href":"http:\/\/veracruzdemontilla.com\/index.php?rest_route=%2Fwp%2Fv2%2Fmedia&parent=582"}],"wp:term":[{"taxonomy":"category","embeddable":true,"href":"http:\/\/veracruzdemontilla.com\/index.php?rest_route=%2Fwp%2Fv2%2Fcategories&post=582"},{"taxonomy":"post_tag","embeddable":true,"href":"http:\/\/veracruzdemontilla.com\/index.php?rest_route=%2Fwp%2Fv2%2Ftags&post=582"}],"curies":[{"name":"wp","href":"https:\/\/api.w.org\/{rel}","templated":true}]}}