{"id":571,"date":"2013-12-13T18:48:30","date_gmt":"2013-12-13T17:48:30","guid":{"rendered":"http:\/\/veracruzdemontilla.com\/?p=571"},"modified":"2013-12-13T18:48:30","modified_gmt":"2013-12-13T17:48:30","slug":"a-la-venta-un-calendario-benefico-que-recopila-el-apostolado-de-jose-garnelo","status":"publish","type":"post","link":"http:\/\/veracruzdemontilla.com\/?p=571","title":{"rendered":"A la venta un calendario ben\u00e9fico que recopila el apostolado de Jos\u00e9 Garnelo"},"content":{"rendered":"<p style=\"text-align: justify;\">Con motivo de las obras de remodelaci\u00f3n de la Parroquia de Santiago el Apostolado, obra de Jos\u00e9 Garnelo, ha sido recientemente restaurado y se exhibe temporalmente al p\u00fablico en el patio de la Casa de las Aguas, dentro de la pinacoteca dedicada al genial artista montillano. \u00a0 \u00a0<em><a href=\"http:\/\/veracruzdemontilla.com\/?p=473\" target=\"_blank\">(Ver Entrada)<\/a><\/em><\/p>\n<p style=\"text-align: justify;\">Las bellas pinturas representativas de los primeros seguidores de Cristo han servido para editar un calendario del a\u00f1o 2014. La iniciativa surge con car\u00e1cter ben\u00e9fico, ya que el importe de su venta ir\u00e1 destinado a las obras de remodelaci\u00f3n que se est\u00e1n llevando a cabo en la Parroquia de Santiago, espacio que alberga estas magn\u00edficas obras pict\u00f3ricas desde 1934, a\u00f1o en que fueron donadas por Jos\u00e9 Garnelo al templo que una d\u00e9cada m\u00e1s tarde acoger\u00eda sus restos mortales, por expreso deseo personal.<\/p>\n<p style=\"text-align: justify;\"><span style=\"line-height: 1.5em;\">Los calendarios han sido impresos a todo color por la firma montillana GAVE Artes Gr\u00e1ficas, y est\u00e1n disponibles en formato de sobremesa y de pared. Se pueden adquirir al precio de 5 y 10 euros respectivamente en la librer\u00eda de la Bas\u00edlica de San Juan de \u00c1vila (Pasaje de Loyola), en el Museo Garnelo (Plaza de \u00c1ngel Sisternes, s\/n) y en la Papeler\u00eda La Administraci\u00f3n (c\/ Corredera, 13).<\/span><\/p>\n<p style=\"text-align: justify;\">\u00a0La Parroquia de Santiago quiere aprovechar estas l\u00edneas para agradecer su colaboraci\u00f3n a la Asociaci\u00f3n Amigos del Museo Garnelo. Asimismo, anima a todos los montillanos a adquirir este calendario, cuyos beneficios redundar\u00e1n en la conservaci\u00f3n del patrimonio hist\u00f3rico local.<\/p>\n","protected":false},"excerpt":{"rendered":"<p>Con motivo de las obras de remodelaci\u00f3n de la Parroquia de Santiago el Apostolado, obra de Jos\u00e9 Garnelo, ha sido recientemente restaurado y se exhibe temporalmente al p\u00fablico en el patio de la Casa de las Aguas, dentro de la pinacoteca dedicada al genial artista montillano. \u00a0 \u00a0(Ver Entrada) Las bellas pinturas representativas de los [&#038;hellip<\/p>\n","protected":false},"author":1,"featured_media":572,"comment_status":"closed","ping_status":"open","sticky":false,"template":"","format":"standard","meta":{"advanced_seo_description":"","spay_email":"","jetpack_publicize_message":"","jetpack_is_tweetstorm":false},"categories":[5],"tags":[4],"jetpack_featured_media_url":"https:\/\/i2.wp.com\/veracruzdemontilla.com\/wp-content\/uploads\/2013\/12\/calendario_apostolado.jpg?fit=640%2C480","jetpack_publicize_connections":[],"wpmagazine_modules_lite_featured_media_urls":{"thumbnail":["https:\/\/i2.wp.com\/veracruzdemontilla.com\/wp-content\/uploads\/2013\/12\/calendario_apostolado.jpg?resize=150%2C150",150,150,true],"cvmm-medium":["https:\/\/i2.wp.com\/veracruzdemontilla.com\/wp-content\/uploads\/2013\/12\/calendario_apostolado.jpg?resize=300%2C300",300,300,true],"cvmm-medium-plus":["https:\/\/i2.wp.com\/veracruzdemontilla.com\/wp-content\/uploads\/2013\/12\/calendario_apostolado.jpg?resize=305%2C207",305,207,true],"cvmm-portrait":["https:\/\/i2.wp.com\/veracruzdemontilla.com\/wp-content\/uploads\/2013\/12\/calendario_apostolado.jpg?resize=400%2C480",400,480,true],"cvmm-medium-square":["https:\/\/i2.wp.com\/veracruzdemontilla.com\/wp-content\/uploads\/2013\/12\/calendario_apostolado.jpg?resize=600%2C480",600,480,true],"cvmm-large":["https:\/\/i2.wp.com\/veracruzdemontilla.com\/wp-content\/uploads\/2013\/12\/calendario_apostolado.jpg?resize=640%2C480",640,480,true],"cvmm-small":["https:\/\/i2.wp.com\/veracruzdemontilla.com\/wp-content\/uploads\/2013\/12\/calendario_apostolado.jpg?resize=130%2C95",130,95,true],"full":["https:\/\/i2.wp.com\/veracruzdemontilla.com\/wp-content\/uploads\/2013\/12\/calendario_apostolado.jpg?fit=640%2C480",640,480,false]},"categories_names":{"5":{"name":"Actualidad","link":"http:\/\/veracruzdemontilla.com\/?cat=5"}},"tags_names":{"4":{"name":"Favoritos","link":"http:\/\/veracruzdemontilla.com\/?tag=favoritos"}},"comments_number":"0","jetpack_sharing_enabled":true,"jetpack_shortlink":"https:\/\/wp.me\/p9INPk-9d","jetpack_likes_enabled":true,"jetpack-related-posts":[{"id":473,"url":"http:\/\/veracruzdemontilla.com\/?p=473","url_meta":{"origin":571,"position":0},"title":"El Museo Garnelo acoge de forma temporal el \u2018Apostolado\u2019 de la Parroquia de Santiago","date":"26 octubre, 2013","format":false,"excerpt":"La Casa de las Aguas, sede del Museo Garnelo, acoge desde ayer el Apostolado de Jos\u00e9 Garnelo y Alda que adorna los muros de la Parroquia de Santiago desde 1934. Las obras que se vienen realizando en el templo montillano desde hace algunos meses han dado pie a que los\u2026","rel":"","context":"En \u00abActualidad\u00bb","img":{"alt_text":"","src":"https:\/\/i2.wp.com\/veracruzdemontilla.com\/wp-content\/uploads\/2013\/10\/13-10-26_santiago_1.jpg?fit=610%2C455&resize=350%2C200","width":350,"height":200},"classes":[]},{"id":639,"url":"http:\/\/veracruzdemontilla.com\/?p=639","url_meta":{"origin":571,"position":1},"title":"Conferencia sobre la restauraci\u00f3n del Apostolado de Jos\u00e9 Garnelo y Alda","date":"27 febrero, 2014","format":false,"excerpt":"Hoy jueves 27 de febrero, a las 20,30 hrs., tendr\u00e1 lugar en el patio interior del Museo Garnelo (Casa de las Aguas) una conferencia a cargo del Secretario de nuestra Cofrad\u00eda,\u00a0Rafael Portero de la Torre, Conservador-Restaurador de Bienes Culturales, con el t\u00edtulo: \u201cLa restauraci\u00f3n del Apostolado de Garnelo\u201d. En la\u2026","rel":"","context":"En \u00abActualidad\u00bb","img":{"alt_text":"","src":"https:\/\/i0.wp.com\/veracruzdemontilla.com\/wp-content\/uploads\/2014\/02\/rafaelportero.jpg?fit=640%2C400&resize=350%2C200","width":350,"height":200},"classes":[]},{"id":2555,"url":"http:\/\/veracruzdemontilla.com\/?p=2555","url_meta":{"origin":571,"position":2},"title":"La Cofrad\u00eda engrandece su patrimonio con una serie pict\u00f3rica inspirada en el Apostolado de Jos\u00e9 Garnelo","date":"24 febrero, 2026","format":false,"excerpt":"[Fotos: Chema G. M\u00e1rmol] La Cofrad\u00eda de la Vera Cruz de Montilla ha culminado un proyecto art\u00edstico destacado: la realizaci\u00f3n de doce cartelas que reproducen los ap\u00f3stoles pintados por Jos\u00e9 Garnelo para la Parroquia de Santiago. El trabajo ha sido ejecutado por la artista Inmaculada Navarro Polonio, quien recibi\u00f3 el\u2026","rel":"","context":"En \u00abActualidad\u00bb","img":{"alt_text":"","src":"https:\/\/i0.wp.com\/veracruzdemontilla.com\/wp-content\/uploads\/2026\/02\/20260222-FiestaDe-Regla-12.jpg?fit=1200%2C800&resize=350%2C200","width":350,"height":200},"classes":[]},{"id":606,"url":"http:\/\/veracruzdemontilla.com\/?p=606","url_meta":{"origin":571,"position":3},"title":"La parroquia de Santiago inicia la segunda fase de su reforma","date":"24 enero, 2014","format":false,"excerpt":"La parroquia de Santiago Ap\u00f3stol de Montilla acaba de iniciar su segunda fase de restauraci\u00f3n, con la que se pretende solventar los graves problemas de humedad que padece el templo desde hace a\u00f1os. Tras el arreglo de la nave de la Ep\u00edstola, iniciado por el Obispado el pasado verano, los\u2026","rel":"","context":"En \u00abActualidad\u00bb","img":{"alt_text":"","src":"https:\/\/i2.wp.com\/veracruzdemontilla.com\/wp-content\/uploads\/2014\/01\/obras_parroquia.jpg?fit=640%2C400&resize=350%2C200","width":350,"height":200},"classes":[]},{"id":886,"url":"http:\/\/veracruzdemontilla.com\/?p=886","url_meta":{"origin":571,"position":4},"title":"Visitas Nocturnas a la parroquia de Santiago","date":"21 julio, 2014","format":"video","excerpt":"La Cofrad\u00eda Penitencial de la Santa Vera Cruz, colabora con una barra solidaria. El pr\u00f3ximo fin de semana, 25 y 26\u00a0de Julio, la Parroquia de Santiago realizar\u00e1\u00a0una series de visitas nocturnas para recaudar fondos con el fin de costear las obras a las que fue sometida\u00a0la techumbre del templo. \u00a0La\u2026","rel":"","context":"En \u00abActualidad\u00bb","img":{"alt_text":"","src":"https:\/\/i1.wp.com\/veracruzdemontilla.com\/wp-content\/uploads\/2014\/07\/parroquia.jpg?fit=640%2C400&resize=350%2C200","width":350,"height":200},"classes":[]},{"id":260,"url":"http:\/\/veracruzdemontilla.com\/?p=260","url_meta":{"origin":571,"position":5},"title":"Visitas nocturnas a la Parroquia de Santiago","date":"19 julio, 2013","format":false,"excerpt":"Ante el inminente comienzo de las obras en la techumbre\u00a0 de la Parroquia de Santiago, el p\u00e1rroco Jos\u00e9 Almedina ha anunciado la puesta en marcha de una serie de actividades con el \u00fanico fin de poder sufragar los gastos econ\u00f3micos derivados de dichas obras. La primera iniciativa est\u00e1 relacionada con\u2026","rel":"","context":"En \u00abParroquia\u00bb","img":{"alt_text":"","src":"https:\/\/i1.wp.com\/veracruzdemontilla.com\/wp-content\/uploads\/2013\/07\/6599412527_dea7583404_z.jpg?fit=640%2C428&resize=350%2C200","width":350,"height":200},"classes":[]}],"_links":{"self":[{"href":"http:\/\/veracruzdemontilla.com\/index.php?rest_route=\/wp\/v2\/posts\/571"}],"collection":[{"href":"http:\/\/veracruzdemontilla.com\/index.php?rest_route=\/wp\/v2\/posts"}],"about":[{"href":"http:\/\/veracruzdemontilla.com\/index.php?rest_route=\/wp\/v2\/types\/post"}],"author":[{"embeddable":true,"href":"http:\/\/veracruzdemontilla.com\/index.php?rest_route=\/wp\/v2\/users\/1"}],"replies":[{"embeddable":true,"href":"http:\/\/veracruzdemontilla.com\/index.php?rest_route=%2Fwp%2Fv2%2Fcomments&post=571"}],"version-history":[{"count":1,"href":"http:\/\/veracruzdemontilla.com\/index.php?rest_route=\/wp\/v2\/posts\/571\/revisions"}],"predecessor-version":[{"id":573,"href":"http:\/\/veracruzdemontilla.com\/index.php?rest_route=\/wp\/v2\/posts\/571\/revisions\/573"}],"wp:featuredmedia":[{"embeddable":true,"href":"http:\/\/veracruzdemontilla.com\/index.php?rest_route=\/wp\/v2\/media\/572"}],"wp:attachment":[{"href":"http:\/\/veracruzdemontilla.com\/index.php?rest_route=%2Fwp%2Fv2%2Fmedia&parent=571"}],"wp:term":[{"taxonomy":"category","embeddable":true,"href":"http:\/\/veracruzdemontilla.com\/index.php?rest_route=%2Fwp%2Fv2%2Fcategories&post=571"},{"taxonomy":"post_tag","embeddable":true,"href":"http:\/\/veracruzdemontilla.com\/index.php?rest_route=%2Fwp%2Fv2%2Ftags&post=571"}],"curies":[{"name":"wp","href":"https:\/\/api.w.org\/{rel}","templated":true}]}}