{"id":566,"date":"2013-12-12T12:07:13","date_gmt":"2013-12-12T11:07:13","guid":{"rendered":"http:\/\/veracruzdemontilla.com\/?p=566"},"modified":"2013-12-12T12:07:13","modified_gmt":"2013-12-12T11:07:13","slug":"obra-social-y-de-caridad-de-la-cofradia","status":"publish","type":"post","link":"http:\/\/veracruzdemontilla.com\/?p=566","title":{"rendered":"Obra social y de caridad de la Cofrad\u00eda"},"content":{"rendered":"<p style=\"text-align: justify;\">La Cofrad\u00eda Penitencial de la Vera Cruz, coincidiendo con el Besamanos Solidario organizado por la Agrupaci\u00f3n de Cofrad\u00edas, ha querido adem\u00e1s contribuir de forma especial haciendo entrega a nuestra C\u00e1ritas Parroquial (por ser la encargada de atender a nuestra feligres\u00eda), de un lote de productos consistente en aceite de oliva, leche y az\u00facar, ya que son algunos de los alimentos m\u00e1s demandados.<\/p>\n<p style=\"text-align: justify;\">Dicho donativo fue entregado en la ma\u00f1ana del mi\u00e9rcoles 11 de diciembre a su responsable, Mar\u00eda Espejo, en las instalaciones de C\u00e1ritas, la cual nos coment\u00f3 que en estas fechas cercanas a la Navidad, la demanda de estos productos se ve incrementada considerablemente.<\/p>\n<p style=\"text-align: justify;\">La obra social y de caridad de la Cofrad\u00eda, es parte de su esencia cristiana y un deber que tenemos para con nuestros hermanos m\u00e1s necesitados.<\/p>\n<p style=\"text-align: justify;\">\n<p itemprop=\"name\"><strong>El besamanos solidario recauda 4.000 kilos de alimentos y productos de higiene personal<br \/>\n(Montilla Televisi\u00f3n)<\/strong><\/p>\n<p style=\"text-align: justify;\">Las V\u00edrgenes de Montilla, titulares de las Hermandades de Pasi\u00f3n y Gloria se presentaron el pasado domingo en solemne besamanos en diferentes templos montillanos con el fin de rendir culto a la Inmaculada con motivo de su festividad. La Agrupaci\u00f3n de Cofrad\u00edas, como entidad promotora de este segundo besamanos, ha querido ademas, colaborar con una causa solidaria.<\/p>\n<p style=\"text-align: justify;\">[media id=14 width=600 height=400]<\/p>\n<p style=\"text-align: justify;\">Y de forma paralela se han recogido alimentos no perecederos y productos de higiene personal para destinarlos a las familias m\u00e1s necesitadas. A lo largo de esta jornada, se han llegado a recoger hasta 4,000 kilos de alimentos en los distintos templos, triplicando la cantidad recogida el pasado a\u00f1o en este mismo besamanos.<\/p>\n","protected":false},"excerpt":{"rendered":"<p>La Cofrad\u00eda Penitencial de la Vera Cruz, coincidiendo con el Besamanos Solidario organizado por la Agrupaci\u00f3n de Cofrad\u00edas, ha querido adem\u00e1s contribuir de forma especial haciendo entrega a nuestra C\u00e1ritas Parroquial (por ser la encargada de atender a nuestra feligres\u00eda), de un lote de productos consistente en aceite de oliva, leche y az\u00facar, ya que [&#038;hellip<\/p>\n","protected":false},"author":1,"featured_media":567,"comment_status":"closed","ping_status":"open","sticky":false,"template":"","format":"video","meta":{"advanced_seo_description":"","spay_email":"","jetpack_publicize_message":"","jetpack_is_tweetstorm":false},"categories":[5],"tags":[4],"jetpack_featured_media_url":"https:\/\/i2.wp.com\/veracruzdemontilla.com\/wp-content\/uploads\/2013\/12\/IMG-20131211-WA0008.jpg?fit=640%2C400","jetpack_publicize_connections":[],"wpmagazine_modules_lite_featured_media_urls":{"thumbnail":["https:\/\/i2.wp.com\/veracruzdemontilla.com\/wp-content\/uploads\/2013\/12\/IMG-20131211-WA0008.jpg?resize=150%2C150",150,150,true],"cvmm-medium":["https:\/\/i2.wp.com\/veracruzdemontilla.com\/wp-content\/uploads\/2013\/12\/IMG-20131211-WA0008.jpg?resize=300%2C300",300,300,true],"cvmm-medium-plus":["https:\/\/i2.wp.com\/veracruzdemontilla.com\/wp-content\/uploads\/2013\/12\/IMG-20131211-WA0008.jpg?resize=305%2C207",305,207,true],"cvmm-portrait":["https:\/\/i2.wp.com\/veracruzdemontilla.com\/wp-content\/uploads\/2013\/12\/IMG-20131211-WA0008.jpg?resize=400%2C400",400,400,true],"cvmm-medium-square":["https:\/\/i2.wp.com\/veracruzdemontilla.com\/wp-content\/uploads\/2013\/12\/IMG-20131211-WA0008.jpg?resize=600%2C400",600,400,true],"cvmm-large":["https:\/\/i2.wp.com\/veracruzdemontilla.com\/wp-content\/uploads\/2013\/12\/IMG-20131211-WA0008.jpg?resize=640%2C400",640,400,true],"cvmm-small":["https:\/\/i2.wp.com\/veracruzdemontilla.com\/wp-content\/uploads\/2013\/12\/IMG-20131211-WA0008.jpg?resize=130%2C95",130,95,true],"full":["https:\/\/i2.wp.com\/veracruzdemontilla.com\/wp-content\/uploads\/2013\/12\/IMG-20131211-WA0008.jpg?fit=640%2C400",640,400,false]},"categories_names":{"5":{"name":"Actualidad","link":"http:\/\/veracruzdemontilla.com\/?cat=5"}},"tags_names":{"4":{"name":"Favoritos","link":"http:\/\/veracruzdemontilla.com\/?tag=favoritos"}},"comments_number":"0","jetpack_sharing_enabled":true,"jetpack_shortlink":"https:\/\/wp.me\/p9INPk-98","jetpack_likes_enabled":true,"jetpack-related-posts":[{"id":23,"url":"http:\/\/veracruzdemontilla.com\/?p=23","url_meta":{"origin":566,"position":0},"title":"Besamanos Solidario &#8211; 8 diciembre","date":"5 diciembre, 2012","format":false,"excerpt":"La Agrupaci\u00f3n de Cofrad\u00edas de Montilla con motivo de la festividad de la Inmaculada Concepci\u00f3n de Mar\u00eda ha promovido la realizaci\u00f3n de un Besamanos General Solidario, el pr\u00f3ximo s\u00e1bado 8 de diciembre.En esta fiesta mariana permanecer\u00e1n expuestas en devoto besamanos todas las im\u00e1genes marianas cotitulares de las cofrad\u00edas y hermandades\u2026","rel":"","context":"En \u00abSin categor\u00eda\u00bb","img":{"alt_text":"","src":"","width":0,"height":0},"classes":[]},{"id":1385,"url":"http:\/\/veracruzdemontilla.com\/?p=1385","url_meta":{"origin":566,"position":1},"title":"Devoto besamanos de la solidaridad","date":"14 noviembre, 2017","format":false,"excerpt":"Con motivo de la festividad de la Inmaculada Concepci\u00f3n, Patrona de Espa\u00f1a, el pr\u00f3ximo 8 de diciembre tendr\u00e1 lugar el Devoto Besamanos de la Solidaridad, organizado por la Agrupaci\u00f3n de Cofrad\u00edas de Montilla, durante el cual Nuestra Se\u00f1ora del Socorro, titular mariana de la Cofrad\u00eda de la Vera Cruz, estar\u00e1\u2026","rel":"","context":"En \u00abActualidad\u00bb","img":{"alt_text":"Besamanos solidaro 2017","src":"https:\/\/i1.wp.com\/veracruzdemontilla.com\/wp-content\/uploads\/2017\/11\/besamanos_solidario2017-e1510668771651.jpg?fit=440%2C640&resize=350%2C200","width":350,"height":200},"classes":[]},{"id":554,"url":"http:\/\/veracruzdemontilla.com\/?p=554","url_meta":{"origin":566,"position":2},"title":"Dos celebraciones de singular relevancia","date":"10 diciembre, 2013","format":false,"excerpt":"El pasado fin de semana nuestra Cofrad\u00eda vivi\u00f3 dos celebraciones de singular relevancia. Con motivo del Besamanos Solidario que un a\u00f1o m\u00e1s organiz\u00f3 la Agrupaci\u00f3n de Cofrad\u00edas, nuestra Titular Mar\u00eda Sant\u00edsima del Socorro, sali\u00f3 a las calles de nuestro pueblo desde la Parroquia de Santiago Ap\u00f3stol hasta la Bas\u00edlica Pontificia\u2026","rel":"","context":"En \u00abActualidad\u00bb","img":{"alt_text":"","src":"https:\/\/i1.wp.com\/veracruzdemontilla.com\/wp-content\/uploads\/2013\/12\/traslado01.jpg?fit=640%2C400&resize=350%2C200","width":350,"height":200},"classes":[]},{"id":1403,"url":"http:\/\/veracruzdemontilla.com\/?p=1403","url_meta":{"origin":566,"position":3},"title":"La Cofrad\u00eda de la Vera Cruz conmemora la festividad de la Inmaculada Concepci\u00f3n","date":"12 diciembre, 2017","format":false,"excerpt":"El pasado 8 de diciembre, la Cofrad\u00eda Penitencial de la Santa Vera Cruz, Santo Cristo de Zacatecas y Santa Mar\u00eda del Socorro, Madre de Dios y Se\u00f1ora Nuestra celebr\u00f3 la solemnidad mariana de la Inmaculada Concepci\u00f3n de Mar\u00eda Sant\u00edsima, una de las celebraciones de mayor arraigo dentro del tiempo de\u2026","rel":"","context":"En \u00abActualidad\u00bb","img":{"alt_text":"","src":"https:\/\/i2.wp.com\/veracruzdemontilla.com\/wp-content\/uploads\/2017\/12\/besamanos_solidario2017_2-e1513097502554.jpg?fit=640%2C853&resize=350%2C200","width":350,"height":200},"classes":[]},{"id":22,"url":"http:\/\/veracruzdemontilla.com\/?p=22","url_meta":{"origin":566,"position":4},"title":"Pregonero, cofrade ejemplar y cartel 2013","date":"19 diciembre, 2012","format":false,"excerpt":"Por medio de la presente, la Agrupaci\u00f3n de Cofrad\u00edas de Montilla comunica que el Excmo. y Rvdmo. Sr. D. Demetrio Fern\u00e1ndez Gonz\u00e1lez, Obispo de C\u00f3rdoba, ha sido designado pregonero de la Semana Santa de 2013. El motivo principal que ha llevado a esta Agrupaci\u00f3n para proponer al actual mitrado cordob\u00e9s,\u2026","rel":"","context":"En \u00abSin categor\u00eda\u00bb","img":{"alt_text":"","src":"","width":0,"height":0},"classes":[]},{"id":1231,"url":"http:\/\/veracruzdemontilla.com\/?p=1231","url_meta":{"origin":566,"position":5},"title":"Todo preparado para el besamanos solidario","date":"7 diciembre, 2015","format":false,"excerpt":"La Agrupaci\u00f3n de Cofrad\u00edas organiza, por tercer\u00a0a\u00f1o consecutivo, un besamanos general solidario con el fin de ayudar a las familias m\u00e1s necesitadas y rendir culto a la Virgen en su festividad. El besamanos tendr\u00e1 lugar ma\u00f1ana martes, 8 de diciembre , en horario de 11:00 a 14:00 \u00a0y de \u00a018:00\u2026","rel":"","context":"En \u00abActualidad\u00bb","img":{"alt_text":"","src":"https:\/\/i1.wp.com\/veracruzdemontilla.com\/wp-content\/uploads\/2015\/12\/socorro_besamanos.jpg?fit=640%2C400&resize=350%2C200","width":350,"height":200},"classes":[]}],"_links":{"self":[{"href":"http:\/\/veracruzdemontilla.com\/index.php?rest_route=\/wp\/v2\/posts\/566"}],"collection":[{"href":"http:\/\/veracruzdemontilla.com\/index.php?rest_route=\/wp\/v2\/posts"}],"about":[{"href":"http:\/\/veracruzdemontilla.com\/index.php?rest_route=\/wp\/v2\/types\/post"}],"author":[{"embeddable":true,"href":"http:\/\/veracruzdemontilla.com\/index.php?rest_route=\/wp\/v2\/users\/1"}],"replies":[{"embeddable":true,"href":"http:\/\/veracruzdemontilla.com\/index.php?rest_route=%2Fwp%2Fv2%2Fcomments&post=566"}],"version-history":[{"count":2,"href":"http:\/\/veracruzdemontilla.com\/index.php?rest_route=\/wp\/v2\/posts\/566\/revisions"}],"predecessor-version":[{"id":569,"href":"http:\/\/veracruzdemontilla.com\/index.php?rest_route=\/wp\/v2\/posts\/566\/revisions\/569"}],"wp:featuredmedia":[{"embeddable":true,"href":"http:\/\/veracruzdemontilla.com\/index.php?rest_route=\/wp\/v2\/media\/567"}],"wp:attachment":[{"href":"http:\/\/veracruzdemontilla.com\/index.php?rest_route=%2Fwp%2Fv2%2Fmedia&parent=566"}],"wp:term":[{"taxonomy":"category","embeddable":true,"href":"http:\/\/veracruzdemontilla.com\/index.php?rest_route=%2Fwp%2Fv2%2Fcategories&post=566"},{"taxonomy":"post_tag","embeddable":true,"href":"http:\/\/veracruzdemontilla.com\/index.php?rest_route=%2Fwp%2Fv2%2Ftags&post=566"}],"curies":[{"name":"wp","href":"https:\/\/api.w.org\/{rel}","templated":true}]}}