{"id":554,"date":"2013-12-10T16:58:23","date_gmt":"2013-12-10T15:58:23","guid":{"rendered":"http:\/\/veracruzdemontilla.com\/?p=554"},"modified":"2013-12-10T16:58:23","modified_gmt":"2013-12-10T15:58:23","slug":"dos-celebraciones-de-singular-relevancia","status":"publish","type":"post","link":"http:\/\/veracruzdemontilla.com\/?p=554","title":{"rendered":"Dos celebraciones de singular relevancia"},"content":{"rendered":"<p style=\"text-align: justify;\">El pasado fin de semana nuestra Cofrad\u00eda vivi\u00f3 dos celebraciones de singular relevancia. Con motivo del Besamanos Solidario que un a\u00f1o m\u00e1s organiz\u00f3 la Agrupaci\u00f3n de Cofrad\u00edas, nuestra Titular Mar\u00eda Sant\u00edsima del Socorro, sali\u00f3 a las calles de nuestro pueblo desde la Parroquia de Santiago Ap\u00f3stol hasta la Bas\u00edlica Pontificia de San Juan de \u00c1vila, donde quedar\u00eda expuesta en Solemne Besamanos. Numerosos hermanos y devotos quisieron acompa\u00f1arla en esta salida excepcional que la llevar\u00eda al citado templo. Cabe destacar el paso del cortejo por la calle de San Juan de Dios, cuando nuestra Titular se detuvo ante la casa del nuevo Doctor de la Iglesia, uni\u00e9ndonos con este gesto al j\u00fabilo que durante tres a\u00f1os se est\u00e1 viviendo y se vivir\u00e1 en Montilla tras la proclamaci\u00f3n del Trienio Jubilar concedido por la Santa Sede.<\/p>\n<p style=\"text-align: justify;\"><a href=\"https:\/\/i1.wp.com\/veracruzdemontilla.com\/wp-content\/uploads\/2013\/12\/traslado02.jpg\"><img data-attachment-id=\"556\" data-permalink=\"http:\/\/veracruzdemontilla.com\/?attachment_id=556\" data-orig-file=\"https:\/\/i1.wp.com\/veracruzdemontilla.com\/wp-content\/uploads\/2013\/12\/traslado02.jpg?fit=600%2C400\" data-orig-size=\"600,400\" data-comments-opened=\"0\" data-image-meta=\"{&quot;aperture&quot;:&quot;0&quot;,&quot;credit&quot;:&quot;&quot;,&quot;camera&quot;:&quot;&quot;,&quot;caption&quot;:&quot;&quot;,&quot;created_timestamp&quot;:&quot;0&quot;,&quot;copyright&quot;:&quot;&quot;,&quot;focal_length&quot;:&quot;0&quot;,&quot;iso&quot;:&quot;0&quot;,&quot;shutter_speed&quot;:&quot;0&quot;,&quot;title&quot;:&quot;&quot;}\" data-image-title=\"traslado02\" data-image-description=\"\" data-image-caption=\"\" data-medium-file=\"https:\/\/i1.wp.com\/veracruzdemontilla.com\/wp-content\/uploads\/2013\/12\/traslado02.jpg?fit=300%2C200\" data-large-file=\"https:\/\/i1.wp.com\/veracruzdemontilla.com\/wp-content\/uploads\/2013\/12\/traslado02.jpg?fit=600%2C400\" loading=\"lazy\" class=\"aligncenter size-full wp-image-556\" alt=\"traslado02\" src=\"https:\/\/i1.wp.com\/veracruzdemontilla.com\/wp-content\/uploads\/2013\/12\/traslado02.jpg?resize=600%2C400\" width=\"600\" height=\"400\" srcset=\"https:\/\/i1.wp.com\/veracruzdemontilla.com\/wp-content\/uploads\/2013\/12\/traslado02.jpg?w=600 600w, https:\/\/i1.wp.com\/veracruzdemontilla.com\/wp-content\/uploads\/2013\/12\/traslado02.jpg?resize=300%2C200 300w\" sizes=\"(max-width: 600px) 100vw, 600px\" data-recalc-dims=\"1\" \/><\/a><\/p>\n<p style=\"text-align: justify;\">Ya en la Bas\u00edlica, fue recibida con cantos marianos por numerosos fieles que aguardaban en el interior del templo, terminando el acto con el saludo de bienvenida de Don Carlos Gallardo -Vicerrector de la Bas\u00edlica- y Don Jos\u00e9 Luis Moreno \u2013Vicario Parroquial de Santiago-, el cual nos acompa\u00f1\u00f3 a lo largo del recorrido.<\/p>\n<p style=\"text-align: justify;\">El domingo, festividad de la Inmaculada Concepci\u00f3n, fueron tambi\u00e9n muchas las personas que a lo largo de todo el d\u00eda se acercaron a venerar a Nuestra Madre para ofrecerle sus donativos en forma de alimentos y productos no perecederos, alimentos y productos que posteriormente fueron puestos a disposici\u00f3n de C\u00e1ritas.<\/p>\n<p style=\"text-align: justify;\"><a href=\"https:\/\/i0.wp.com\/veracruzdemontilla.com\/wp-content\/uploads\/2013\/12\/traslado03.jpg\"><img data-attachment-id=\"557\" data-permalink=\"http:\/\/veracruzdemontilla.com\/?attachment_id=557\" data-orig-file=\"https:\/\/i0.wp.com\/veracruzdemontilla.com\/wp-content\/uploads\/2013\/12\/traslado03.jpg?fit=600%2C400\" data-orig-size=\"600,400\" data-comments-opened=\"0\" data-image-meta=\"{&quot;aperture&quot;:&quot;0&quot;,&quot;credit&quot;:&quot;&quot;,&quot;camera&quot;:&quot;&quot;,&quot;caption&quot;:&quot;&quot;,&quot;created_timestamp&quot;:&quot;0&quot;,&quot;copyright&quot;:&quot;&quot;,&quot;focal_length&quot;:&quot;0&quot;,&quot;iso&quot;:&quot;0&quot;,&quot;shutter_speed&quot;:&quot;0&quot;,&quot;title&quot;:&quot;&quot;}\" data-image-title=\"traslado03\" data-image-description=\"\" data-image-caption=\"\" data-medium-file=\"https:\/\/i0.wp.com\/veracruzdemontilla.com\/wp-content\/uploads\/2013\/12\/traslado03.jpg?fit=300%2C200\" data-large-file=\"https:\/\/i0.wp.com\/veracruzdemontilla.com\/wp-content\/uploads\/2013\/12\/traslado03.jpg?fit=600%2C400\" loading=\"lazy\" class=\"aligncenter size-full wp-image-557\" alt=\"traslado03\" src=\"https:\/\/i0.wp.com\/veracruzdemontilla.com\/wp-content\/uploads\/2013\/12\/traslado03.jpg?resize=600%2C400\" width=\"600\" height=\"400\" srcset=\"https:\/\/i0.wp.com\/veracruzdemontilla.com\/wp-content\/uploads\/2013\/12\/traslado03.jpg?w=600 600w, https:\/\/i0.wp.com\/veracruzdemontilla.com\/wp-content\/uploads\/2013\/12\/traslado03.jpg?resize=300%2C200 300w\" sizes=\"(max-width: 600px) 100vw, 600px\" data-recalc-dims=\"1\" \/><\/a><\/p>\n<p style=\"text-align: justify;\">Agradecemos a todas aquellas personas que han participado de una forma u otra en sendas actividades, pidiendo al Se\u00f1or y a su Madre la Virgen que los premie por su entrega y solidaridad.<\/p>\n","protected":false},"excerpt":{"rendered":"<p>El pasado fin de semana nuestra Cofrad\u00eda vivi\u00f3 dos celebraciones de singular relevancia. Con motivo del Besamanos Solidario que un a\u00f1o m\u00e1s organiz\u00f3 la Agrupaci\u00f3n de Cofrad\u00edas, nuestra Titular Mar\u00eda Sant\u00edsima del Socorro, sali\u00f3 a las calles de nuestro pueblo desde la Parroquia de Santiago Ap\u00f3stol hasta la Bas\u00edlica Pontificia de San Juan de \u00c1vila, [&#038;hellip<\/p>\n","protected":false},"author":1,"featured_media":555,"comment_status":"closed","ping_status":"open","sticky":false,"template":"","format":"standard","meta":{"advanced_seo_description":"","spay_email":"","jetpack_publicize_message":"","jetpack_is_tweetstorm":false},"categories":[5],"tags":[4],"jetpack_featured_media_url":"https:\/\/i1.wp.com\/veracruzdemontilla.com\/wp-content\/uploads\/2013\/12\/traslado01.jpg?fit=640%2C400","jetpack_publicize_connections":[],"wpmagazine_modules_lite_featured_media_urls":{"thumbnail":["https:\/\/i1.wp.com\/veracruzdemontilla.com\/wp-content\/uploads\/2013\/12\/traslado01.jpg?resize=150%2C150",150,150,true],"cvmm-medium":["https:\/\/i1.wp.com\/veracruzdemontilla.com\/wp-content\/uploads\/2013\/12\/traslado01.jpg?resize=300%2C300",300,300,true],"cvmm-medium-plus":["https:\/\/i1.wp.com\/veracruzdemontilla.com\/wp-content\/uploads\/2013\/12\/traslado01.jpg?resize=305%2C207",305,207,true],"cvmm-portrait":["https:\/\/i1.wp.com\/veracruzdemontilla.com\/wp-content\/uploads\/2013\/12\/traslado01.jpg?resize=400%2C400",400,400,true],"cvmm-medium-square":["https:\/\/i1.wp.com\/veracruzdemontilla.com\/wp-content\/uploads\/2013\/12\/traslado01.jpg?resize=600%2C400",600,400,true],"cvmm-large":["https:\/\/i1.wp.com\/veracruzdemontilla.com\/wp-content\/uploads\/2013\/12\/traslado01.jpg?resize=640%2C400",640,400,true],"cvmm-small":["https:\/\/i1.wp.com\/veracruzdemontilla.com\/wp-content\/uploads\/2013\/12\/traslado01.jpg?resize=130%2C95",130,95,true],"full":["https:\/\/i1.wp.com\/veracruzdemontilla.com\/wp-content\/uploads\/2013\/12\/traslado01.jpg?fit=640%2C400",640,400,false]},"categories_names":{"5":{"name":"Actualidad","link":"http:\/\/veracruzdemontilla.com\/?cat=5"}},"tags_names":{"4":{"name":"Favoritos","link":"http:\/\/veracruzdemontilla.com\/?tag=favoritos"}},"comments_number":"0","jetpack_sharing_enabled":true,"jetpack_shortlink":"https:\/\/wp.me\/p9INPk-8W","jetpack_likes_enabled":true,"jetpack-related-posts":[{"id":533,"url":"http:\/\/veracruzdemontilla.com\/?p=533","url_meta":{"origin":554,"position":0},"title":"Besamanos solidario el pr\u00f3ximo 8 de diciembre","date":"5 diciembre, 2013","format":false,"excerpt":"La Agrupaci\u00f3n de Cofrad\u00edas ha organizado, por segundo a\u00f1o consecutivo, un besamanos general solidario con el fin de ayudar a las familias m\u00e1s necesitadas y rendir culto a la Virgen en su festividad. El besamanos tendr\u00e1 lugar el pr\u00f3ximo domingo, 8 de diciembre. Durante la jornada festiva, permanecer\u00e1n expuestas las\u2026","rel":"","context":"En \u00abActualidad\u00bb","img":{"alt_text":"","src":"https:\/\/i0.wp.com\/veracruzdemontilla.com\/wp-content\/uploads\/2013\/12\/04-besamanos-solidario.jpg?fit=640%2C400&resize=350%2C200","width":350,"height":200},"classes":[]},{"id":537,"url":"http:\/\/veracruzdemontilla.com\/?p=537","url_meta":{"origin":554,"position":1},"title":"Festividad de la Inmaculada Concepci\u00f3n","date":"6 diciembre, 2013","format":false,"excerpt":"Como ya es sabido por todos, por iniciativa de la Agrupaci\u00f3n de Cofrad\u00edas de Montilla, las Hermandades y Agrupaciones Parroquiales de nuestra ciudad, el pr\u00f3ximo d\u00eda 8 de diciembre se \u00a0expondr\u00e1n en Solemne y Devoto Besamanos Extraordinario y Solidario a todas las V\u00edrgenes de las distintas Cofrad\u00edas. Por ello, se\u2026","rel":"","context":"En \u00abActualidad\u00bb","img":{"alt_text":"","src":"https:\/\/i2.wp.com\/veracruzdemontilla.com\/wp-content\/uploads\/2013\/12\/inmaculada.jpg?fit=640%2C400&resize=350%2C200","width":350,"height":200},"classes":[]},{"id":541,"url":"http:\/\/veracruzdemontilla.com\/?p=541","url_meta":{"origin":554,"position":2},"title":"Todo preparado para el besamanos solidario","date":"8 diciembre, 2013","format":false,"excerpt":"Durante todo el d\u00eda, en horario de 11.00 a 14.00 de la tarde y de 17.00 a 21.00 de la noche, permanecer\u00e1n expuestas en besamanos las im\u00e1genes marianas de las hermandades de nuestra localidad. Nuestra Se\u00f1ora de la Paz recibir\u00e1 culto en la Ermita que lleva su nombre; nuestra titular\u2026","rel":"","context":"En \u00abActualidad\u00bb","img":{"alt_text":"","src":"https:\/\/i2.wp.com\/veracruzdemontilla.com\/wp-content\/uploads\/2013\/12\/IMG-20131208-WA0001.jpg?fit=640%2C480&resize=350%2C200","width":350,"height":200},"classes":[]},{"id":1403,"url":"http:\/\/veracruzdemontilla.com\/?p=1403","url_meta":{"origin":554,"position":3},"title":"La Cofrad\u00eda de la Vera Cruz conmemora la festividad de la Inmaculada Concepci\u00f3n","date":"12 diciembre, 2017","format":false,"excerpt":"El pasado 8 de diciembre, la Cofrad\u00eda Penitencial de la Santa Vera Cruz, Santo Cristo de Zacatecas y Santa Mar\u00eda del Socorro, Madre de Dios y Se\u00f1ora Nuestra celebr\u00f3 la solemnidad mariana de la Inmaculada Concepci\u00f3n de Mar\u00eda Sant\u00edsima, una de las celebraciones de mayor arraigo dentro del tiempo de\u2026","rel":"","context":"En \u00abActualidad\u00bb","img":{"alt_text":"","src":"https:\/\/i2.wp.com\/veracruzdemontilla.com\/wp-content\/uploads\/2017\/12\/besamanos_solidario2017_2-e1513097502554.jpg?fit=640%2C853&resize=350%2C200","width":350,"height":200},"classes":[]},{"id":1385,"url":"http:\/\/veracruzdemontilla.com\/?p=1385","url_meta":{"origin":554,"position":4},"title":"Devoto besamanos de la solidaridad","date":"14 noviembre, 2017","format":false,"excerpt":"Con motivo de la festividad de la Inmaculada Concepci\u00f3n, Patrona de Espa\u00f1a, el pr\u00f3ximo 8 de diciembre tendr\u00e1 lugar el Devoto Besamanos de la Solidaridad, organizado por la Agrupaci\u00f3n de Cofrad\u00edas de Montilla, durante el cual Nuestra Se\u00f1ora del Socorro, titular mariana de la Cofrad\u00eda de la Vera Cruz, estar\u00e1\u2026","rel":"","context":"En \u00abActualidad\u00bb","img":{"alt_text":"Besamanos solidaro 2017","src":"https:\/\/i1.wp.com\/veracruzdemontilla.com\/wp-content\/uploads\/2017\/11\/besamanos_solidario2017-e1510668771651.jpg?fit=440%2C640&resize=350%2C200","width":350,"height":200},"classes":[]},{"id":2161,"url":"http:\/\/veracruzdemontilla.com\/?p=2161","url_meta":{"origin":554,"position":5},"title":"Solemne besapi\u00e9s y besamanos del Viernes de Dolores","date":"11 abril, 2025","format":false,"excerpt":"Cada Viernes de Dolores la Parroquia de Santiago se convierte en un hervidero de devotos del Crucificado de Zacatecas y de Santa Mar\u00eda del Socorro. Durante la tarde noche de la jornada que inaugura las v\u00edsperas de la Semana Santa, nuestros titulares permanecen expuestos en devoto besapi\u00e9s y besamanos para\u2026","rel":"","context":"En \u00abActualidad\u00bb","img":{"alt_text":"","src":"https:\/\/i2.wp.com\/veracruzdemontilla.com\/wp-content\/uploads\/2025\/04\/WhatsApp-Image-2025-04-10-at-14.36.30.jpeg?fit=1057%2C793&resize=350%2C200","width":350,"height":200},"classes":[]}],"_links":{"self":[{"href":"http:\/\/veracruzdemontilla.com\/index.php?rest_route=\/wp\/v2\/posts\/554"}],"collection":[{"href":"http:\/\/veracruzdemontilla.com\/index.php?rest_route=\/wp\/v2\/posts"}],"about":[{"href":"http:\/\/veracruzdemontilla.com\/index.php?rest_route=\/wp\/v2\/types\/post"}],"author":[{"embeddable":true,"href":"http:\/\/veracruzdemontilla.com\/index.php?rest_route=\/wp\/v2\/users\/1"}],"replies":[{"embeddable":true,"href":"http:\/\/veracruzdemontilla.com\/index.php?rest_route=%2Fwp%2Fv2%2Fcomments&post=554"}],"version-history":[{"count":2,"href":"http:\/\/veracruzdemontilla.com\/index.php?rest_route=\/wp\/v2\/posts\/554\/revisions"}],"predecessor-version":[{"id":559,"href":"http:\/\/veracruzdemontilla.com\/index.php?rest_route=\/wp\/v2\/posts\/554\/revisions\/559"}],"wp:featuredmedia":[{"embeddable":true,"href":"http:\/\/veracruzdemontilla.com\/index.php?rest_route=\/wp\/v2\/media\/555"}],"wp:attachment":[{"href":"http:\/\/veracruzdemontilla.com\/index.php?rest_route=%2Fwp%2Fv2%2Fmedia&parent=554"}],"wp:term":[{"taxonomy":"category","embeddable":true,"href":"http:\/\/veracruzdemontilla.com\/index.php?rest_route=%2Fwp%2Fv2%2Fcategories&post=554"},{"taxonomy":"post_tag","embeddable":true,"href":"http:\/\/veracruzdemontilla.com\/index.php?rest_route=%2Fwp%2Fv2%2Ftags&post=554"}],"curies":[{"name":"wp","href":"https:\/\/api.w.org\/{rel}","templated":true}]}}